{"id":207981,"date":"2025-10-29T21:46:14","date_gmt":"2025-10-29T21:46:14","guid":{"rendered":"https:\/\/www.europesays.com\/es\/207981\/"},"modified":"2025-10-29T21:46:14","modified_gmt":"2025-10-29T21:46:14","slug":"la-vitoria-de-los-anos-20-y-40-vuelve-a-la-vida-en-el-pintor-de-la-meta","status":"publish","type":"post","link":"https:\/\/www.europesays.com\/es\/207981\/","title":{"rendered":"La Vitoria de los a\u00f1os 20 y 40 vuelve a la vida en El Pintor de la Meta"},"content":{"rendered":"<p>\u00bfTe imaginas una Vitoria-Gasteiz sin coches, con la Catedral Nueva a\u00fan levant\u00e1ndose, carros de bueyes por las calles y ni\u00f1as corriendo hacia el colegio Ni\u00f1o Jes\u00fas? Esa ciudad existi\u00f3\u2026 y ahora vuelve a nuestras paredes gracias a la obra de <strong data-start=\"488\" data-end=\"504\">Julio Sedano<\/strong>, conocido como <strong>El Pintor de La Meta<\/strong>.<\/p>\n<p><img fetchpriority=\"high\" decoding=\"async\" class=\"aligncenter wp-image-273746 size-full\" title=\"Julio Sedano 4\" src=\"https:\/\/www.europesays.com\/es\/wp-content\/uploads\/2025\/10\/Julio-Sedano-4.jpg\" alt=\"Julio Sedano 4\" width=\"1065\" height=\"1377\"  \/><\/p>\n<p>\t\t\t\t\t\t\tPUBLICIDAD &#8211; SIGUE LEYENDO ABAJO<br \/>\n\t\t\t\t\t\t\t<a rel=\"noreferrer nofollow noopener\" href=\"https:\/\/varitek.es\/varitek-vitoria\/\" target=\"_blank\"><br \/>\n\t\t\t\t\t\t\t\t<img decoding=\"async\" width=\"400px\" height=\"400px\" layout=\"responsive\" data-category=\"banner-varitek\" id=\"segundoparr\" class=\"banclick\" src=\"https:\/\/www.europesays.com\/es\/wp-content\/uploads\/2025\/10\/1760714649_101_publicidad-segundo-parrafo-61.gif\"\/><br \/>\n\t\t\t\t\t\t\t<\/a><\/p>\n<p>Hasta el <strong data-start=\"607\" data-end=\"626\">20 de noviembre<\/strong>, la primera planta de la <a href=\"https:\/\/www.escueladeartes.org\/\" rel=\"nofollow noopener\" target=\"_blank\">Escuela de Artes y Oficios<\/a> muestra una selecci\u00f3n de sus cuadros. Un viaje emocional a las d\u00e9cadas de <strong data-start=\"753\" data-end=\"766\">1920-1940<\/strong>, donde la vida cotidiana todav\u00eda se mezclaba con lo rural.<\/p>\n<ul>\n<li>De <strong data-start=\"135\" data-end=\"196\">lunes a viernes, de 9:30 a 13:00 y de 17:00 a 21:00 horas<\/strong>.<\/li>\n<\/ul>\n<p>Adem\u00e1s, habr\u00e1 <strong data-start=\"212\" data-end=\"235\">dos visitas guiadas<\/strong> los d\u00edas <strong data-start=\"245\" data-end=\"280\">5 y 11 de noviembre a las 19:00.<\/strong><\/p>\n<p>El practicante que pintaba historias<\/p>\n<p>Sedano trabaj\u00f3 de practicante sanitario en la f\u00e1brica Ajuria, la m\u00edtica \u00abLa Meta\u00bb de Vitoria. Pero cuando sal\u00eda del turno, cambiaba jeringas por pinceles y capturaba lo que m\u00e1s conoc\u00eda: <strong>su ciudad y su familia<\/strong>.<\/p>\n<p>\t\t\t\t\t\tPUBLICIDAD &#8211; SIGUE LEYENDO ABAJO<br \/>\n\t\t\t\t\t\t<a rel=\"noreferrer nofollow noopener\" href=\"https:\/\/www.hyundai.es\/concesionarios\/autolasa\/gama-hibrida-electrica\" target=\"_blank\"><br \/>\n\t\t\t\t\t\t\t<img decoding=\"async\" width=\"400px\" height=\"400px\" layout=\"responsive\" data-category=\"banner-Hyundai-autolasa\" id=\"quintoparr\" class=\"banclick\" src=\"https:\/\/www.europesays.com\/es\/wp-content\/uploads\/2025\/10\/publicidad-quinto-parrafo-33.gif\"\/><br \/>\n\t\t\t\t\t\t<\/a><\/p>\n<p><img loading=\"lazy\" decoding=\"async\" class=\"aligncenter wp-image-273748 size-full\" title=\"Julio Sedano 2\" src=\"https:\/\/www.europesays.com\/es\/wp-content\/uploads\/2025\/10\/Julio-Sedano-2.jpg\" alt=\"Julio Sedano 2\" width=\"1272\" height=\"1064\"  \/><\/p>\n<p>El comisario de la exposici\u00f3n y nieto del artista, Javier Garc\u00eda Sedano, lo explica as\u00ed: \u00abLa exposici\u00f3n evoca c\u00f3mo era la ciudad y como viv\u00edan sus habitantes, en un entorno donde lo rural estaba ah\u00ed, en parajes que ahora conocemos llenos de edificios\u00bb.<\/p>\n<p>Una ciudad que crec\u00eda entre campos<\/p>\n<p>Cada cuadro es una peque\u00f1a c\u00e1psula del tiempo: calles que hoy resultan familiares y que entonces eran otra cosa. Crecimiento urbano, una religiosidad muy presente, escenas cotidianas llenas de historias. <strong>Una visi\u00f3n \u00fanica de las ra\u00edces de Vitoria-Gasteiz.<\/strong><\/p>\n<p>\t\t\t\t\t\t\tPUBLICIDAD &#8211; SIGUE LEYENDO ABAJO<br \/>\n\t\t\t\t\t\t\t<a rel=\"noreferrer nofollow noopener\" href=\"https:\/\/www.bakh.es\/date-de-alta-este-octubre\/\" target=\"_blank\"><br \/>\n\t\t\t\t\t\t\t\t<img decoding=\"async\" width=\"400px\" height=\"400px\" layout=\"responsive\" data-category=\"banner-bakh\" id=\"novparr\" class=\"banclick\" src=\"https:\/\/www.europesays.com\/es\/wp-content\/uploads\/2025\/10\/publicidad-noveno-parrafo-64.gif\"\/><br \/>\n\t\t\t\t\t\t\t<\/a><\/p>\n","protected":false},"excerpt":{"rendered":"\u00bfTe imaginas una Vitoria-Gasteiz sin coches, con la Catedral Nueva a\u00fan levant\u00e1ndose, carros de bueyes por las calles&hellip;\n","protected":false},"author":2,"featured_media":207982,"comment_status":"","ping_status":"","sticky":false,"template":"","format":"standard","meta":{"footnotes":""},"categories":[173],"tags":[229,233,231,230,232,234,146,147,25,24,23],"class_list":{"0":"post-207981","1":"post","2":"type-post","3":"status-publish","4":"format-standard","5":"has-post-thumbnail","7":"category-arte-y-diseno","8":"tag-arte","9":"tag-arte-y-diseno","10":"tag-arts","11":"tag-arts-and-design","12":"tag-design","13":"tag-diseno","14":"tag-entertainment","15":"tag-entretenimiento","16":"tag-es","17":"tag-espana","18":"tag-spain"},"share_on_mastodon":{"url":"https:\/\/pubeurope.com\/@es\/115459652566382129","error":""},"_links":{"self":[{"href":"https:\/\/www.europesays.com\/es\/wp-json\/wp\/v2\/posts\/207981","targetHints":{"allow":["GET"]}}],"collection":[{"href":"https:\/\/www.europesays.com\/es\/wp-json\/wp\/v2\/posts"}],"about":[{"href":"https:\/\/www.europesays.com\/es\/wp-json\/wp\/v2\/types\/post"}],"author":[{"embeddable":true,"href":"https:\/\/www.europesays.com\/es\/wp-json\/wp\/v2\/users\/2"}],"replies":[{"embeddable":true,"href":"https:\/\/www.europesays.com\/es\/wp-json\/wp\/v2\/comments?post=207981"}],"version-history":[{"count":0,"href":"https:\/\/www.europesays.com\/es\/wp-json\/wp\/v2\/posts\/207981\/revisions"}],"wp:featuredmedia":[{"embeddable":true,"href":"https:\/\/www.europesays.com\/es\/wp-json\/wp\/v2\/media\/207982"}],"wp:attachment":[{"href":"https:\/\/www.europesays.com\/es\/wp-json\/wp\/v2\/media?parent=207981"}],"wp:term":[{"taxonomy":"category","embeddable":true,"href":"https:\/\/www.europesays.com\/es\/wp-json\/wp\/v2\/categories?post=207981"},{"taxonomy":"post_tag","embeddable":true,"href":"https:\/\/www.europesays.com\/es\/wp-json\/wp\/v2\/tags?post=207981"}],"curies":[{"name":"wp","href":"https:\/\/api.w.org\/{rel}","templated":true}]}}