{"id":208009,"date":"2025-10-29T22:09:09","date_gmt":"2025-10-29T22:09:09","guid":{"rendered":"https:\/\/www.europesays.com\/es\/208009\/"},"modified":"2025-10-29T22:09:09","modified_gmt":"2025-10-29T22:09:09","slug":"azkuna-zentroa-muestra-una-retrospectiva-de-la-artista-bilbaina-marisa-gonzalez-una-adelantada-a-su-tiempo","status":"publish","type":"post","link":"https:\/\/www.europesays.com\/es\/208009\/","title":{"rendered":"Azkuna Zentroa muestra una retrospectiva de la artista bilbaina Marisa Gonz\u00e1lez, una adelantada a su tiempo"},"content":{"rendered":"<p class=\"h3\">Jos\u00e9 Mari Mart\u00ednez<\/p>\n<p>                        Actualizado:<br \/>\n                        29\/10\/2025 16:35<\/p>\n<p>                    <a href=\"https:\/\/www.deia.eus\/cultura\/2025\/10\/29\/azkuna-zentroa-muestra-retrospectiva-artista-10281048.html#foto=1\" class=\"button swiper-button-next\" id=\"swiperButtonNext\" rel=\"nofollow noopener\" target=\"_blank\">Ver galer\u00eda &gt;<\/a><\/p>\n<p class=\"h3\">\n                                            Azkuna Zentroa &#8211; Alh\u00f3ndiga Bilbao, Centro de Sociedad y Cultura Contempor\u00e1nea del Ayuntamiento de Bilbao, ha presentado la exposici\u00f3n \u00abUn modo de hacer generativo\u00bb, que repasa el trabajo de la artista bilbaina Marisa Gonz\u00e1lez, pionera en el uso de las tecnolog\u00edas en el arte.\n                                    <\/p>\n<p><a class=\"swiper-imagen\" href=\"https:\/\/www.deia.eus\/cultura\/2025\/10\/29\/azkuna-zentroa-muestra-retrospectiva-artista-10281048.html#foto=2\" rel=\"nofollow noopener\" target=\"_blank\"><\/p>\n<p>                    <img loading=\"lazy\" decoding=\"async\" src=\"data:image\/png;base64,iVBORw0KGgoAAAANSUhEUgAAAAEAAAABCAQAAAC1HAwCAAAAC0lEQVR42mNkYAAAAAYAAjCB0C8AAAAASUVORK5CYII=\" alt=\" \" height=\"1366\" width=\"2048\" style=\" max-height: calc(100vh - 58px); height: 0; padding-top: 67%; \"\/><\/p>\n<p><\/a><br \/>\n                    Azkuna Zentroa muestra una retrospectiva de la artista bilbaina Marisa Gonz\u00e1lez, una adelantada a su tiempo<\/p>\n<p class=\"swiper-slide__author\">Jos\u00e9 Mari Mart\u00ednez<\/p>\n<p class=\"swiper-slide__description\">\n                                                                        Azkuna Zentroa &#8211; Alh\u00f3ndiga Bilbao, Centro de Sociedad y Cultura Contempor\u00e1nea del Ayuntamiento de Bilbao, ha presentado la exposici\u00f3n \u00abUn modo de hacer generativo\u00bb, que repasa el trabajo de la artista bilbaina Marisa Gonz\u00e1lez, pionera en el uso de las tecnolog\u00edas en el arte.\n                                            <\/p>\n<p><a class=\"swiper-imagen\" href=\"https:\/\/www.deia.eus\/cultura\/2025\/10\/29\/azkuna-zentroa-muestra-retrospectiva-artista-10281048.html#foto=3\" rel=\"nofollow noopener\" target=\"_blank\"><\/p>\n<p>                    <img loading=\"lazy\" decoding=\"async\" src=\"data:image\/png;base64,iVBORw0KGgoAAAANSUhEUgAAAAEAAAABCAQAAAC1HAwCAAAAC0lEQVR42mNkYAAAAAYAAjCB0C8AAAAASUVORK5CYII=\" alt=\" \" height=\"1366\" width=\"2048\" style=\" max-height: calc(100vh - 58px); height: 0; padding-top: 67%; \"\/><\/p>\n<p><\/a><br \/>\n                    Azkuna Zentroa muestra una retrospectiva de la artista bilbaina Marisa Gonz\u00e1lez, una adelantada a su tiempo<\/p>\n<p class=\"swiper-slide__author\">Jos\u00e9 Mari Mart\u00ednez<\/p>\n<p class=\"swiper-slide__description\">\n                                                                        Azkuna Zentroa &#8211; Alh\u00f3ndiga Bilbao, Centro de Sociedad y Cultura Contempor\u00e1nea del Ayuntamiento de Bilbao, ha presentado la exposici\u00f3n \u00abUn modo de hacer generativo\u00bb, que repasa el trabajo de la artista bilbaina Marisa Gonz\u00e1lez, pionera en el uso de las tecnolog\u00edas en el arte.\n                                            <\/p>\n<p><a class=\"swiper-imagen\" href=\"https:\/\/www.deia.eus\/cultura\/2025\/10\/29\/azkuna-zentroa-muestra-retrospectiva-artista-10281048.html#foto=4\" rel=\"nofollow noopener\" target=\"_blank\"><\/p>\n<p>                    <img loading=\"lazy\" decoding=\"async\" src=\"data:image\/png;base64,iVBORw0KGgoAAAANSUhEUgAAAAEAAAABCAQAAAC1HAwCAAAAC0lEQVR42mNkYAAAAAYAAjCB0C8AAAAASUVORK5CYII=\" alt=\" \" height=\"1366\" width=\"2048\" style=\" max-height: calc(100vh - 58px); height: 0; padding-top: 67%; \"\/><\/p>\n<p><\/a><br \/>\n                    Azkuna Zentroa muestra una retrospectiva de la artista bilbaina Marisa Gonz\u00e1lez, una adelantada a su tiempo<\/p>\n<p class=\"swiper-slide__author\">Jos\u00e9 Mari Mart\u00ednez<\/p>\n<p class=\"swiper-slide__description\">\n                                                                        Azkuna Zentroa &#8211; Alh\u00f3ndiga Bilbao, Centro de Sociedad y Cultura Contempor\u00e1nea del Ayuntamiento de Bilbao, ha presentado la exposici\u00f3n \u00abUn modo de hacer generativo\u00bb, que repasa el trabajo de la artista bilbaina Marisa Gonz\u00e1lez, pionera en el uso de las tecnolog\u00edas en el arte.\n                                            <\/p>\n<p><a class=\"swiper-imagen\" href=\"https:\/\/www.deia.eus\/cultura\/2025\/10\/29\/azkuna-zentroa-muestra-retrospectiva-artista-10281048.html#foto=5\" rel=\"nofollow noopener\" target=\"_blank\"><\/p>\n<p>                    <img loading=\"lazy\" decoding=\"async\" src=\"data:image\/png;base64,iVBORw0KGgoAAAANSUhEUgAAAAEAAAABCAQAAAC1HAwCAAAAC0lEQVR42mNkYAAAAAYAAjCB0C8AAAAASUVORK5CYII=\" alt=\" \" height=\"1366\" width=\"2048\" style=\" max-height: calc(100vh - 58px); height: 0; padding-top: 67%; \"\/><\/p>\n<p><\/a><br \/>\n                    Azkuna Zentroa muestra una retrospectiva de la artista bilbaina Marisa Gonz\u00e1lez, una adelantada a su tiempo<\/p>\n<p class=\"swiper-slide__author\">Jos\u00e9 Mari Mart\u00ednez<\/p>\n<p class=\"swiper-slide__description\">\n                                                                        Azkuna Zentroa &#8211; Alh\u00f3ndiga Bilbao, Centro de Sociedad y Cultura Contempor\u00e1nea del Ayuntamiento de Bilbao, ha presentado la exposici\u00f3n \u00abUn modo de hacer generativo\u00bb, que repasa el trabajo de la artista bilbaina Marisa Gonz\u00e1lez, pionera en el uso de las tecnolog\u00edas en el arte.\n                                            <\/p>\n<p><a class=\"swiper-imagen\" href=\"https:\/\/www.deia.eus\/cultura\/2025\/10\/29\/azkuna-zentroa-muestra-retrospectiva-artista-10281048.html#foto=6\" rel=\"nofollow noopener\" target=\"_blank\"><\/p>\n<p>                    <img loading=\"lazy\" decoding=\"async\" src=\"data:image\/png;base64,iVBORw0KGgoAAAANSUhEUgAAAAEAAAABCAQAAAC1HAwCAAAAC0lEQVR42mNkYAAAAAYAAjCB0C8AAAAASUVORK5CYII=\" alt=\" \" height=\"1366\" width=\"2048\" style=\" max-height: calc(100vh - 58px); height: 0; padding-top: 67%; \"\/><\/p>\n<p><\/a><br \/>\n                    Azkuna Zentroa muestra una retrospectiva de la artista bilbaina Marisa Gonz\u00e1lez, una adelantada a su tiempo<\/p>\n<p class=\"swiper-slide__author\">Jos\u00e9 Mari Mart\u00ednez<\/p>\n<p class=\"swiper-slide__description\">\n                                                                        Azkuna Zentroa &#8211; Alh\u00f3ndiga Bilbao, Centro de Sociedad y Cultura Contempor\u00e1nea del Ayuntamiento de Bilbao, ha presentado la exposici\u00f3n \u00abUn modo de hacer generativo\u00bb, que repasa el trabajo de la artista bilbaina Marisa Gonz\u00e1lez, pionera en el uso de las tecnolog\u00edas en el arte.\n                                            <\/p>\n<p><a class=\"swiper-imagen\" href=\"https:\/\/www.deia.eus\/cultura\/2025\/10\/29\/azkuna-zentroa-muestra-retrospectiva-artista-10281048.html#foto=7\" rel=\"nofollow noopener\" target=\"_blank\"><\/p>\n<p>                    <img loading=\"lazy\" decoding=\"async\" src=\"data:image\/png;base64,iVBORw0KGgoAAAANSUhEUgAAAAEAAAABCAQAAAC1HAwCAAAAC0lEQVR42mNkYAAAAAYAAjCB0C8AAAAASUVORK5CYII=\" alt=\" \" height=\"1366\" width=\"2048\" style=\" max-height: calc(100vh - 58px); height: 0; padding-top: 67%; \"\/><\/p>\n<p><\/a><br \/>\n                    Azkuna Zentroa muestra una retrospectiva de la artista bilbaina Marisa Gonz\u00e1lez, una adelantada a su tiempo<\/p>\n<p class=\"swiper-slide__author\">Jos\u00e9 Mari Mart\u00ednez<\/p>\n<p class=\"swiper-slide__description\">\n                                                                        Azkuna Zentroa &#8211; Alh\u00f3ndiga Bilbao, Centro de Sociedad y Cultura Contempor\u00e1nea del Ayuntamiento de Bilbao, ha presentado la exposici\u00f3n \u00abUn modo de hacer generativo\u00bb, que repasa el trabajo de la artista bilbaina Marisa Gonz\u00e1lez, pionera en el uso de las tecnolog\u00edas en el arte.\n                                            <\/p>\n<p><a class=\"swiper-imagen\" href=\"https:\/\/www.deia.eus\/cultura\/2025\/10\/29\/azkuna-zentroa-muestra-retrospectiva-artista-10281048.html#foto=8\" rel=\"nofollow noopener\" target=\"_blank\"><\/p>\n<p>                    <img loading=\"lazy\" decoding=\"async\" src=\"data:image\/png;base64,iVBORw0KGgoAAAANSUhEUgAAAAEAAAABCAQAAAC1HAwCAAAAC0lEQVR42mNkYAAAAAYAAjCB0C8AAAAASUVORK5CYII=\" alt=\" \" height=\"1366\" width=\"2048\" style=\" max-height: calc(100vh - 58px); height: 0; padding-top: 67%; \"\/><\/p>\n<p><\/a><br \/>\n                    Azkuna Zentroa muestra una retrospectiva de la artista bilbaina Marisa Gonz\u00e1lez, una adelantada a su tiempo<\/p>\n<p class=\"swiper-slide__author\">Jos\u00e9 Mari Mart\u00ednez<\/p>\n<p class=\"swiper-slide__description\">\n                                                                        Azkuna Zentroa &#8211; Alh\u00f3ndiga Bilbao, Centro de Sociedad y Cultura Contempor\u00e1nea del Ayuntamiento de Bilbao, ha presentado la exposici\u00f3n \u00abUn modo de hacer generativo\u00bb, que repasa el trabajo de la artista bilbaina Marisa Gonz\u00e1lez, pionera en el uso de las tecnolog\u00edas en el arte.\n                                            <\/p>\n<p><a class=\"swiper-imagen\" href=\"https:\/\/www.deia.eus\/cultura\/2025\/10\/29\/azkuna-zentroa-muestra-retrospectiva-artista-10281048.html#foto=9\" rel=\"nofollow noopener\" target=\"_blank\"><\/p>\n<p>                    <img loading=\"lazy\" decoding=\"async\" src=\"data:image\/png;base64,iVBORw0KGgoAAAANSUhEUgAAAAEAAAABCAQAAAC1HAwCAAAAC0lEQVR42mNkYAAAAAYAAjCB0C8AAAAASUVORK5CYII=\" alt=\" \" height=\"1366\" width=\"2048\" style=\" max-height: calc(100vh - 58px); height: 0; padding-top: 67%; \"\/><\/p>\n<p><\/a><br \/>\n                    Azkuna Zentroa muestra una retrospectiva de la artista bilbaina Marisa Gonz\u00e1lez, una adelantada a su tiempo<\/p>\n<p class=\"swiper-slide__author\">Jos\u00e9 Mari Mart\u00ednez<\/p>\n<p class=\"swiper-slide__description\">\n                                                                        Azkuna Zentroa &#8211; Alh\u00f3ndiga Bilbao, Centro de Sociedad y Cultura Contempor\u00e1nea del Ayuntamiento de Bilbao, ha presentado la exposici\u00f3n \u00abUn modo de hacer generativo\u00bb, que repasa el trabajo de la artista bilbaina Marisa Gonz\u00e1lez, pionera en el uso de las tecnolog\u00edas en el arte.\n                                            <\/p>\n<p><a class=\"swiper-imagen\" href=\"https:\/\/www.deia.eus\/cultura\/2025\/10\/29\/azkuna-zentroa-muestra-retrospectiva-artista-10281048.html#foto=10\" rel=\"nofollow noopener\" target=\"_blank\"><\/p>\n<p>                    <img loading=\"lazy\" decoding=\"async\" src=\"data:image\/png;base64,iVBORw0KGgoAAAANSUhEUgAAAAEAAAABCAQAAAC1HAwCAAAAC0lEQVR42mNkYAAAAAYAAjCB0C8AAAAASUVORK5CYII=\" alt=\" \" height=\"1366\" width=\"2048\" style=\" max-height: calc(100vh - 58px); height: 0; padding-top: 67%; \"\/><\/p>\n<p><\/a><br \/>\n                    Azkuna Zentroa muestra una retrospectiva de la artista bilbaina Marisa Gonz\u00e1lez, una adelantada a su tiempo<\/p>\n<p class=\"swiper-slide__author\">Jos\u00e9 Mari Mart\u00ednez<\/p>\n<p class=\"swiper-slide__description\">\n                                                                        Azkuna Zentroa &#8211; Alh\u00f3ndiga Bilbao, Centro de Sociedad y Cultura Contempor\u00e1nea del Ayuntamiento de Bilbao, ha presentado la exposici\u00f3n \u00abUn modo de hacer generativo\u00bb, que repasa el trabajo de la artista bilbaina Marisa Gonz\u00e1lez, pionera en el uso de las tecnolog\u00edas en el arte.\n                                            <\/p>\n<p><a class=\"swiper-imagen\" href=\"https:\/\/www.deia.eus\/cultura\/2025\/10\/29\/azkuna-zentroa-muestra-retrospectiva-artista-10281048.html#foto=11\" rel=\"nofollow noopener\" target=\"_blank\"><\/p>\n<p>                    <img loading=\"lazy\" decoding=\"async\" src=\"data:image\/png;base64,iVBORw0KGgoAAAANSUhEUgAAAAEAAAABCAQAAAC1HAwCAAAAC0lEQVR42mNkYAAAAAYAAjCB0C8AAAAASUVORK5CYII=\" alt=\" \" height=\"1366\" width=\"2048\" style=\" max-height: calc(100vh - 58px); height: 0; padding-top: 67%; \"\/><\/p>\n<p><\/a><br \/>\n                    Azkuna Zentroa muestra una retrospectiva de la artista bilbaina Marisa Gonz\u00e1lez, una adelantada a su tiempo<\/p>\n<p class=\"swiper-slide__author\">Jos\u00e9 Mari Mart\u00ednez<\/p>\n<p class=\"swiper-slide__description\">\n                                                                        Azkuna Zentroa &#8211; Alh\u00f3ndiga Bilbao, Centro de Sociedad y Cultura Contempor\u00e1nea del Ayuntamiento de Bilbao, ha presentado la exposici\u00f3n \u00abUn modo de hacer generativo\u00bb, que repasa el trabajo de la artista bilbaina Marisa Gonz\u00e1lez, pionera en el uso de las tecnolog\u00edas en el arte.\n                                            <\/p>\n<p><a class=\"swiper-imagen\" href=\"https:\/\/www.deia.eus\/cultura\/2025\/10\/29\/azkuna-zentroa-muestra-retrospectiva-artista-10281048.html\" rel=\"nofollow noopener\" target=\"_blank\"><\/p>\n<p>                    <img loading=\"lazy\" decoding=\"async\" src=\"data:image\/png;base64,iVBORw0KGgoAAAANSUhEUgAAAAEAAAABCAQAAAC1HAwCAAAAC0lEQVR42mNkYAAAAAYAAjCB0C8AAAAASUVORK5CYII=\" alt=\" \" height=\"1366\" width=\"2048\" style=\" max-height: calc(100vh - 58px); height: 0; padding-top: 67%; \"\/><\/p>\n<p><\/a><br \/>\n                    Azkuna Zentroa muestra una retrospectiva de la artista bilbaina Marisa Gonz\u00e1lez, una adelantada a su tiempo<\/p>\n<p class=\"swiper-slide__author\">Jos\u00e9 Mari Mart\u00ednez<\/p>\n<p class=\"swiper-slide__description\">\n                                                                        Azkuna Zentroa &#8211; Alh\u00f3ndiga Bilbao, Centro de Sociedad y Cultura Contempor\u00e1nea del Ayuntamiento de Bilbao, ha presentado la exposici\u00f3n \u00abUn modo de hacer generativo\u00bb, que repasa el trabajo de la artista bilbaina Marisa Gonz\u00e1lez, pionera en el uso de las tecnolog\u00edas en el arte.\n                                            <\/p>\n","protected":false},"excerpt":{"rendered":"Jos\u00e9 Mari Mart\u00ednez Actualizado: 29\/10\/2025 16:35 Ver galer\u00eda &gt; Azkuna Zentroa &#8211; Alh\u00f3ndiga Bilbao, Centro de Sociedad y&hellip;\n","protected":false},"author":2,"featured_media":208010,"comment_status":"","ping_status":"","sticky":false,"template":"","format":"standard","meta":{"footnotes":""},"categories":[173],"tags":[229,233,1830,231,230,56571,232,234,146,147,25,24,1156,54552,23,56572],"class_list":{"0":"post-208009","1":"post","2":"type-post","3":"status-publish","4":"format-standard","5":"has-post-thumbnail","7":"category-arte-y-diseno","8":"tag-arte","9":"tag-arte-y-diseno","10":"tag-artista","11":"tag-arts","12":"tag-arts-and-design","13":"tag-azkuna","14":"tag-design","15":"tag-diseno","16":"tag-entertainment","17":"tag-entretenimiento","18":"tag-es","19":"tag-espana","20":"tag-muestra","21":"tag-retrospectiva","22":"tag-spain","23":"tag-zentroa"},"share_on_mastodon":{"url":"https:\/\/pubeurope.com\/@es\/115459742945087991","error":""},"_links":{"self":[{"href":"https:\/\/www.europesays.com\/es\/wp-json\/wp\/v2\/posts\/208009","targetHints":{"allow":["GET"]}}],"collection":[{"href":"https:\/\/www.europesays.com\/es\/wp-json\/wp\/v2\/posts"}],"about":[{"href":"https:\/\/www.europesays.com\/es\/wp-json\/wp\/v2\/types\/post"}],"author":[{"embeddable":true,"href":"https:\/\/www.europesays.com\/es\/wp-json\/wp\/v2\/users\/2"}],"replies":[{"embeddable":true,"href":"https:\/\/www.europesays.com\/es\/wp-json\/wp\/v2\/comments?post=208009"}],"version-history":[{"count":0,"href":"https:\/\/www.europesays.com\/es\/wp-json\/wp\/v2\/posts\/208009\/revisions"}],"wp:featuredmedia":[{"embeddable":true,"href":"https:\/\/www.europesays.com\/es\/wp-json\/wp\/v2\/media\/208010"}],"wp:attachment":[{"href":"https:\/\/www.europesays.com\/es\/wp-json\/wp\/v2\/media?parent=208009"}],"wp:term":[{"taxonomy":"category","embeddable":true,"href":"https:\/\/www.europesays.com\/es\/wp-json\/wp\/v2\/categories?post=208009"},{"taxonomy":"post_tag","embeddable":true,"href":"https:\/\/www.europesays.com\/es\/wp-json\/wp\/v2\/tags?post=208009"}],"curies":[{"name":"wp","href":"https:\/\/api.w.org\/{rel}","templated":true}]}}