{"id":208021,"date":"2025-10-29T22:18:10","date_gmt":"2025-10-29T22:18:10","guid":{"rendered":"https:\/\/www.europesays.com\/es\/208021\/"},"modified":"2025-10-29T22:18:10","modified_gmt":"2025-10-29T22:18:10","slug":"nueve-empresarios-de-la-region-de-murcia-entran-como-inversores-en-el-proyecto-del-centro-de-microchips","status":"publish","type":"post","link":"https:\/\/www.europesays.com\/es\/208021\/","title":{"rendered":"Nueve empresarios de la Regi\u00f3n de Murcia entran como inversores en el proyecto del centro de microchips"},"content":{"rendered":"<p><a class=\"v-mdl-ath__fig-a\" href=\"https:\/\/www.laverdad.es\/autor\/david-gomez-2293.html\" title=\"David G\u00f3mez\" rel=\"nofollow noopener\" target=\"_blank\"><br \/>\n<img decoding=\"async\" class=\"v-mdl-ath__img\" src=\"https:\/\/www.europesays.com\/es\/wp-content\/uploads\/2025\/10\/autor-2293-foto-2.jpeg\" alt=\"David G\u00f3mez\"\/><br \/>\n<\/a><\/p>\n<p class=\"v-mdl-ath__p v-mdl-ath__p--6\">\nMi\u00e9rcoles, 29 de octubre 2025, 13:55<\/p>\n<p>| Actualizado 17:10h.<\/p>\n<p class=\"v-p\">El proyecto para la creaci\u00f3n del primer centro de dise\u00f1o, testado, personalizaci\u00f3n y securizaci\u00f3n de semiconductores de \u00faltima generaci\u00f3n (microchips) en la Regi\u00f3n de Murcia sum\u00f3 este mi\u00e9rcoles el apoyo y la implicaci\u00f3n de destacados empresarios murcianos.<\/p>\n<p class=\"v-p\">Los nuevos inversores formalizaron ante notario su entrada en el proyecto, una iniciativa de colaboraci\u00f3n p\u00fablico-privada en la que participa el Ministerio para la Transformaci\u00f3n Digital, a trav\u00e9s de la Sociedad Espa\u00f1ola de Tecnolog\u00eda y Transformaci\u00f3n (SETT), que cuenta con el 49% del capital de la sociedad Quantix EdgeS y aportar\u00e1 19,6 millones de euros, dentro de un desembolso total de 40 millones y la previsi\u00f3n de crear 250 empleos. <\/p>\n<p class=\"v-p\">As\u00ed, entre los empresarios y empresas que se incorporan al proyecto destacan el consultor Francisco Mart\u00ednez Asensio, la familia Mar\u00edn Gim\u00e9nez, el Grupo Corporativo Fuertes, Inversaran (familia Aranguren), la sociedad de capital riesgo Murcia Emprende (en la que participa la Comunidad a trav\u00e9s del Info), la consultora tecnol\u00f3gica Inforges, Antonio Abell\u00e1n Caravaca (ex de Fitosoil, ahora en Abelop), la notaria Pilar Berral y Luis Miguel Garc\u00eda de Andr\u00e9s (Nueva Cocina Mediterr\u00e1nea). <\/p>\n<p class=\"v-p\">Estos inversores se suman a las dos empresas tecnol\u00f3gicas de la Regi\u00f3n de Murcia que abanderan el proyecto, que son Odin Solutions, vinculada a la Universidad de Murcia, y TProtege. Es a trav\u00e9s de esta \u00faltima empresa por la que acceden los nuevos inversores. De este modo, el 25,5% del capital de Quantix queda en manos murcianas. El otro 25,5% se distribuye entre las compa\u00f1\u00edas internacionales WiseKey y SealsQ, ambas especializadas en impulsar tecnolog\u00edas transformadoras y de vanguardia. <\/p>\n<p class=\"v-p\">Para la formalizaci\u00f3n de la inversi\u00f3n, los promotores contaron con el apoyo financiero de la sociedad de garant\u00eda Avalam, que junto al Banco de Sabadell, han apostado desde el primer momento por el proyecto al considerarlo estrat\u00e9gico para la Regi\u00f3n de Murcia. Asimismo, tuvieron el asesoramiento profesional de las firmas Garrigues y PwC (Price Waterhouse Coopers), referentes en los \u00e1mbitos legal, fiscal, de consultor\u00eda y transacciones.<\/p>\n<p class=\"v-p\">\u00abEsta operaci\u00f3n supone una inversi\u00f3n sin precedentes en el sector nacional de los semiconductores y evidencia el respaldo combinado de capital regional, internacional e institucional. Esta combinaci\u00f3n de actores regionales refuerza el compromiso del tejido empresarial murciano con la innovaci\u00f3n tecnol\u00f3gica y la creaci\u00f3n de industria de alto valor a\u00f1adido\u00bb, se\u00f1alaron fuentes de Quantix.<\/p>\n<p class=\"v-p\">Con este nuevo paso, el proyecto toma velocidad de crucero. En septiembre, la sociedad fue formalmente constituida en un acto al que asisti\u00f3 la secretaria de Estado de Digitalizaci\u00f3n e Inteligencia Artificial, la murciana Mar\u00eda Gonz\u00e1lez Veracruz. En el acto de este mi\u00e9rcoles para formalizar la entrada de los inversores de la Regi\u00f3n estuvieron presentes la consejera de Empresa, Empleo y Econom\u00eda Social, Marisa L\u00f3pez Arag\u00f3n, y el director general del Instituto de Fomento (Info), Joaqu\u00edn G\u00f3mez. <\/p>\n<p>Los Alc\u00e1zares y Yecla, los \u00faltimos en a\u00f1adirse a los aspirantes a albergarlo<\/p>\n<p class=\"v-p\">Lo que est\u00e1 pendiente de decidirse es la ubicaci\u00f3n del centro de microchips. Tal y como public\u00f3 <a href=\"https:\/\/www.laverdad.es\/murcia\/otros-municipios\/trece-municipios-region-murcia-aspiran-albergar-centro-20250924013648-nt.html\" target=\"_self\" data-voc-vtm-id=\"in-text-traffic\" title=\"LA VERDAD\" data-mrf-link=\"www.laverdad.es\" rel=\"nofollow noopener\">LA VERDAD<\/a>, un total de quince ayuntamientos de la Regi\u00f3n de Murcia han contactado ya con el Ministerio para la Transformaci\u00f3n Digital y la Funci\u00f3n P\u00fablica para mostrar su inter\u00e9s en acoger la planta en sus respectivos t\u00e9rminos municipales. Son Abar\u00e1n, Alcantarilla, Alhama de Murcia, Blanca, Cartagena, Ceut\u00ed, Jumilla, Las Torres de Cotillas, Lorqu\u00ed, Los Alc\u00e1zares, Mula, Murcia, Santomera, San Pedro del Pinatar y Yecla. Las incorporaciones m\u00e1s recientes son las de Los Alc\u00e1zares y Yecla.<\/p>\n<p class=\"v-p\">La decisi\u00f3n de la localizaci\u00f3n del futuro centro de desarrollo de microchips se adoptar\u00e1 en base a una serie de criterios, como las comunicaciones o la posibilidad de disponer de los terrenos de forma inmediata, para evitar trabas de tipo urban\u00edstico. En ese sentido, se prev\u00e9 que la planta tenga una superficie de entre 3.500 y 5.000 metros cuadrados edificados, debiendo estar preparada para futuras ampliaciones, ya que el plan de negocio es a diez a\u00f1os.<\/p>\n<p class=\"v-p\">El objetivo de los impulsores es que las obras se inicien a lo largo del pr\u00f3ximo a\u00f1o, con el fin de que el centro entre en funcionamiento durante 2027.<\/p>\n<p>Reporta un error<\/p>\n","protected":false},"excerpt":{"rendered":"Mi\u00e9rcoles, 29 de octubre 2025, 13:55 | Actualizado 17:10h. El proyecto para la creaci\u00f3n del primer centro de&hellip;\n","protected":false},"author":2,"featured_media":208022,"comment_status":"","ping_status":"","sticky":false,"template":"","format":"standard","meta":{"footnotes":""},"categories":[80],"tags":[82,245,95,94,17505,17574,25,24,10728,54227,6983,5568,6192,23],"class_list":{"0":"post-208021","1":"post","2":"type-post","3":"status-publish","4":"format-standard","5":"has-post-thumbnail","7":"category-economia","8":"tag-business","9":"tag-centro","10":"tag-economia","11":"tag-economy","12":"tag-empresarios","13":"tag-entran","14":"tag-es","15":"tag-espana","16":"tag-inversores","17":"tag-microchips","18":"tag-nueve","19":"tag-proyecto","20":"tag-region","21":"tag-spain"},"share_on_mastodon":{"url":"https:\/\/pubeurope.com\/@es\/115459778504772214","error":""},"_links":{"self":[{"href":"https:\/\/www.europesays.com\/es\/wp-json\/wp\/v2\/posts\/208021","targetHints":{"allow":["GET"]}}],"collection":[{"href":"https:\/\/www.europesays.com\/es\/wp-json\/wp\/v2\/posts"}],"about":[{"href":"https:\/\/www.europesays.com\/es\/wp-json\/wp\/v2\/types\/post"}],"author":[{"embeddable":true,"href":"https:\/\/www.europesays.com\/es\/wp-json\/wp\/v2\/users\/2"}],"replies":[{"embeddable":true,"href":"https:\/\/www.europesays.com\/es\/wp-json\/wp\/v2\/comments?post=208021"}],"version-history":[{"count":0,"href":"https:\/\/www.europesays.com\/es\/wp-json\/wp\/v2\/posts\/208021\/revisions"}],"wp:featuredmedia":[{"embeddable":true,"href":"https:\/\/www.europesays.com\/es\/wp-json\/wp\/v2\/media\/208022"}],"wp:attachment":[{"href":"https:\/\/www.europesays.com\/es\/wp-json\/wp\/v2\/media?parent=208021"}],"wp:term":[{"taxonomy":"category","embeddable":true,"href":"https:\/\/www.europesays.com\/es\/wp-json\/wp\/v2\/categories?post=208021"},{"taxonomy":"post_tag","embeddable":true,"href":"https:\/\/www.europesays.com\/es\/wp-json\/wp\/v2\/tags?post=208021"}],"curies":[{"name":"wp","href":"https:\/\/api.w.org\/{rel}","templated":true}]}}