{"id":208064,"date":"2025-10-29T23:07:09","date_gmt":"2025-10-29T23:07:09","guid":{"rendered":"https:\/\/www.europesays.com\/es\/208064\/"},"modified":"2025-10-29T23:07:09","modified_gmt":"2025-10-29T23:07:09","slug":"los-37-minutos-que-pudieron-detener-las-aguas","status":"publish","type":"post","link":"https:\/\/www.europesays.com\/es\/208064\/","title":{"rendered":"Los 37 minutos que pudieron detener las aguas"},"content":{"rendered":"<p style=\"\">29 de octubre, aniversario de una de las mayores tragedias ocurridas en la Comunidad Valenciana, de la muerte de 229 personas debido a las consecuencias de la gota fr\u00eda que asol\u00f3 el litoral levantino y su negligente gesti\u00f3n, d\u00eda elegido por RTVE para emitir un  &#8230; reportaje dedicado a escrutar los 37 minutos en los que se desconoce qu\u00e9 hizo Carlos Maz\u00f3n. Eso es lo primero que llama la atenci\u00f3n de esta pieza audiovisual: la desinhibida instrumentalizaci\u00f3n pol\u00edtica de una fecha aciaga desde el ente p\u00fablico. \u00ab229 muertos no fueron suficientes para desbloquearla (la agenda de Maz\u00f3n)\u00bb, presenta Marta Flitch, muy seria y engolando la voz (no vaya a parecer poco triste en pantalla). Y casi da a entender con su afirmaci\u00f3n que la cifra de muertos ya era p\u00fablica antes de fallecer incluso y que Maz\u00f3n, sabi\u00e9ndolo, anduviese de picos pardos, consciente de todo lo que estaba ocurriendo y paladeando, por pura maldad, el dolor de su pueblo. Gonzalo Mir\u00f3 asiente, moh\u00edno. Y empieza la \u00abdoloros\u00edsima cr\u00f3nica\u00bb de los 37 minutos que m\u00e1s le importan de ese d\u00eda a la televisi\u00f3n p\u00fablica: los que no sabemos que hizo Carlos Maz\u00f3n y que, seguro, habr\u00edan cambiado el rumbo de los acontecimientos. <\/p>\n<p class=\"voc-p\" style=\"\">El reportaje, disculpen el eufemismo, empieza con Dolores Ruiz, que perdi\u00f3 a toda su familia (marido y dos hijos) en la riada justo a la hora en que Maz\u00f3n sal\u00eda del Ventorro, las 18:57. Maz\u00f3n, ilocalizable. A las 19:00 exactamente, son Elvira Conil y Rafael P\u00e9rez los que sufren en Chiva la fuerza del agua y, mientras ella le rescata, \u00e9l cree que no volver\u00e1 a ver a sus nietos. Maz\u00f3n, mientras tanto, de parranda. A las 19:10, To\u00f1i Garc\u00eda, en Benet\u00faser, pierde a su marido y a su hija ahogados. Maz\u00f3n, disfrutando. A las 19:30, Salvador Vilanova, en Ribarroja, salva a un vecino con ayuda de un cargador. Maz\u00f3n, con el jij\u00ed y el jaj\u00e1. Antes de las 19:34, la hermana y la sobrina de Ernesto Mart\u00ednez grabaron c\u00f3mo entraba el agua en su coche. Elvira, la madre, aparecer\u00eda muerta. Elisabeth sigue desaparecida. Maz\u00f3n, a saber. Las historias son estremecedoras y es dif\u00edcil no sentir conmiseraci\u00f3n por sus protagonistas. Todos tienen, es entendible, reproches para Carlos Maz\u00f3n que ya es, a estas alturas, el \u00fanico responsable de lo ocurrido. \u00ab\u00c9l se hab\u00eda ido a una cita y dej\u00f3 a todas las v\u00edctimas\u00bb, \u00abno hay derecho a que haya pasado esto y \u00e9l siga estando donde est\u00e1, con su casa, su jornal y su familia\u00bb, \u00abno tiene coraz\u00f3n, es un sinverg\u00fcenza\u00bb, \u00abse ahog\u00f3 su pueblo sin saber nada de \u00e9l\u00bb. Sobreimpreso en la pantalla, entre intervenci\u00f3n e intervenci\u00f3n, la cifra de muertos en esos 37 minutos: 9 atrapados en garajes, 12 dentro de sus coches, 155 cuando llega la alerta a los ciudadanos, m\u00e1s de 200 cuando por fin comparece Maz\u00f3n. <\/p>\n<p class=\"voc-p\" style=\"\">As\u00ed, lo que queda claro al terminar la \u00abdoloros\u00edsima cr\u00f3nica\u00bb de los 37 minutos oscuros de Maz\u00f3n no es, desde luego, d\u00f3nde estuvo. Lo que queda clar\u00edsimo es, no solo que todas las muertes son responsabilidad suya, exclusivamente, y podr\u00eda haberlas evitado si hubiera querido (que no quiso), sino que esos minutos fueron determinantes. Maz\u00f3n casi convertido en divinidad chunga capaz de detener tormentas y encauzar r\u00edos, de cambiar el devenir de los acontecimientos, solo con su presencia. Prescindibles, pues, todos los dem\u00e1s cargos de \u00e9l hacia abajo. Se va Maz\u00f3n y no funciona nada. Ni rastro en todo el metraje de an\u00e1lisis, ni de rigor, ni de objetividad, ni de ganas de todo ello. Angustia y abochorna especialmente ver la instrumentalizaci\u00f3n despiadada de las v\u00edctimas y c\u00f3mo su sufrimiento, que merece toda compasi\u00f3n y reparaci\u00f3n, no es m\u00e1s que el macguffin que facilita a algunos el se\u00f1alamiento pol\u00edtico. <\/p>\n<p class=\"voc-p\" style=\"\">De vuelta al plat\u00f3, tras conexi\u00f3n con la Ciudad de las Artes y las Ciencias porque el presidente de la Generalitat llega en ese momento al funeral laico por las v\u00edctimas, Marta Flich se refiere a \u00e9l como \u00ablamentable protagonista\u00bb. Como si no hubieran sido ella y su programa, precisamente, quienes le han convertido hoy en eso.<\/p>\n","protected":false},"excerpt":{"rendered":"29 de octubre, aniversario de una de las mayores tragedias ocurridas en la Comunidad Valenciana, de la muerte&hellip;\n","protected":false},"author":2,"featured_media":208065,"comment_status":"","ping_status":"","sticky":false,"template":"","format":"standard","meta":{"footnotes":""},"categories":[8],"tags":[616,17,18,13486,25,24,13,14,11,19,20,1264,9,10,15,16,56577,23,12,21,22],"class_list":{"0":"post-208064","1":"post","2":"type-post","3":"status-publish","4":"format-standard","5":"has-post-thumbnail","7":"category-espana","8":"tag-aguas","9":"tag-breaking-news","10":"tag-breakingnews","11":"tag-detener","12":"tag-es","13":"tag-espana","14":"tag-featured-news","15":"tag-featurednews","16":"tag-headlines","17":"tag-latest-news","18":"tag-latestnews","19":"tag-minutos","20":"tag-news","21":"tag-noticias","22":"tag-noticias-destacadas","23":"tag-noticiasdestacadas","24":"tag-pudieron","25":"tag-spain","26":"tag-titulares","27":"tag-ultimas-noticias","28":"tag-ultimasnoticias"},"share_on_mastodon":{"url":"https:\/\/pubeurope.com\/@es\/115459971290454281","error":""},"_links":{"self":[{"href":"https:\/\/www.europesays.com\/es\/wp-json\/wp\/v2\/posts\/208064","targetHints":{"allow":["GET"]}}],"collection":[{"href":"https:\/\/www.europesays.com\/es\/wp-json\/wp\/v2\/posts"}],"about":[{"href":"https:\/\/www.europesays.com\/es\/wp-json\/wp\/v2\/types\/post"}],"author":[{"embeddable":true,"href":"https:\/\/www.europesays.com\/es\/wp-json\/wp\/v2\/users\/2"}],"replies":[{"embeddable":true,"href":"https:\/\/www.europesays.com\/es\/wp-json\/wp\/v2\/comments?post=208064"}],"version-history":[{"count":0,"href":"https:\/\/www.europesays.com\/es\/wp-json\/wp\/v2\/posts\/208064\/revisions"}],"wp:featuredmedia":[{"embeddable":true,"href":"https:\/\/www.europesays.com\/es\/wp-json\/wp\/v2\/media\/208065"}],"wp:attachment":[{"href":"https:\/\/www.europesays.com\/es\/wp-json\/wp\/v2\/media?parent=208064"}],"wp:term":[{"taxonomy":"category","embeddable":true,"href":"https:\/\/www.europesays.com\/es\/wp-json\/wp\/v2\/categories?post=208064"},{"taxonomy":"post_tag","embeddable":true,"href":"https:\/\/www.europesays.com\/es\/wp-json\/wp\/v2\/tags?post=208064"}],"curies":[{"name":"wp","href":"https:\/\/api.w.org\/{rel}","templated":true}]}}