{"id":208072,"date":"2025-10-29T23:25:09","date_gmt":"2025-10-29T23:25:09","guid":{"rendered":"https:\/\/www.europesays.com\/es\/208072\/"},"modified":"2025-10-29T23:25:09","modified_gmt":"2025-10-29T23:25:09","slug":"motos-y-broncano-frenaron-sus-programas-de-formas-distintas-para-acordarse-de-las-victimas-de-la-dana","status":"publish","type":"post","link":"https:\/\/www.europesays.com\/es\/208072\/","title":{"rendered":"Motos y Broncano frenaron sus programas (de formas distintas) para acordarse de las v\u00edctimas de la DANA"},"content":{"rendered":"<p class=\"article-text\">\n        Un a\u00f1o despu\u00e9s de la catastr\u00f3fica <strong>DANA<\/strong> que caus\u00f3 229 muertes en la provincia de<strong> Valencia<\/strong>, las principales cadenas de televisi\u00f3n se han volcado con los homenajes previstos para la jornada de este 29 de octubre. Desde los <a href=\"https:\/\/www.eldiario.es\/vertele\/noticias\/informativos-especiales-dana-aniversario-tve-antena-3-telecinco-ana-pastor_1_12725416.html\" data-mrf-recirculation=\"links-noticia\" class=\"link\" rel=\"nofollow noopener\" target=\"_blank\">especiales informativos<\/a>, hasta la <a href=\"https:\/\/www.eldiario.es\/vertele\/noticias\/ferreras-llora-historia-dolores-victima-dana-al-rojo-vivo_1_12726010.html\" data-mrf-recirculation=\"links-noticia\" class=\"link\" rel=\"nofollow noopener\" target=\"_blank\">emoci\u00f3n de<\/a><a href=\"https:\/\/www.eldiario.es\/vertele\/noticias\/ferreras-llora-historia-dolores-victima-dana-al-rojo-vivo_1_12726010.html\" data-mrf-recirculation=\"links-noticia\" class=\"link\" rel=\"nofollow noopener\" target=\"_blank\"><strong> Ferreras<\/strong><\/a> o la<a href=\"https:\/\/www.eldiario.es\/vertele\/noticias\/peticion-noemi-galera-ot-2025-homenaje-victimas-dana-valencia-mazon-dimision_1_12725377.html\" data-mrf-recirculation=\"links-noticia\" class=\"link\" rel=\"nofollow noopener\" target=\"_blank\"> petici\u00f3n de dimisi\u00f3n de Maz\u00f3n por parte de Noem\u00ed Galera<\/a> en la academia de <strong>OT 2025<\/strong>.\n    <\/p>\n<p>    <a href=\"https:\/\/www.eldiario.es\/vertele\/noticias\/informativos-especiales-dana-aniversario-tve-antena-3-telecinco-ana-pastor_1_12725416.html\" data-mrf-recirculation=\"saber-mas\" data-dl-event=\"saber-mas\" rel=\"nofollow noopener\" target=\"_blank\"><\/p>\n<p class=\"know-more__title\">Los informativos recuerdan la DANA un a\u00f1o despu\u00e9s: \u00abfrustraci\u00f3n\u00bb, \u00abverg\u00fcenza\u00bb y \u00absentimientos encontrados\u00bb<\/p>\n<p>            <img decoding=\"async\" class=\"lazy\" loading=\"lazy\" data-src=\"https:\/\/static.eldiario.es\/clip\/9e048485-f804-43c3-9347-57d44d8b7b8e_16-9-aspect-ratio_default_0.jpg\" src=\"data:image\/svg+xml,%3Csvg xmlns=\" http:=\"\" viewbox=\"0 0 880 495\" alt=\"Los informativos recuerdan la DANA un a\u00f1o despu\u00e9s: &quot;frustraci\u00f3n&quot;, &quot;verg\u00fcenza&quot; y &quot;sentimientos encontrados&quot;\"\/><\/p>\n<p>                        <\/a><\/p>\n<p class=\"article-text\">\n        Los programas de la noche tambi\u00e9n hicieron un hueco para dedicar palabras a las v\u00edctimas. El primero de ellos fue <strong>David Broncano<\/strong> que, tras arrancar <strong>La Revuelta<\/strong> con el habitual bombo en homenaje a Valencia, pidi\u00f3 unos segundos para lanzar un breve mensaje:\n    <\/p>\n<p class=\"article-text\">\n        \u201cTocamos el bombo cada d\u00eda en favor de Valencia, solo brevemente decir que nos acordamos, que<strong> lo dijimos el a\u00f1o pasado que lo tendremos aqu\u00ed siempre y nos acordaremos\u201d<\/strong>, asegur\u00f3.\n    <\/p>\n<p class=\"article-text\">\n        Y a\u00f1adi\u00f3: \u201cSimplemente, que esperamos que las ayudas que faltan para la reconstrucci\u00f3n lleguen pronto y <strong>que se haga justicia con todo lo que se hizo mal en ese momento<\/strong>\u201d, zanj\u00f3 entre los aplausos del p\u00fablico.\n    <\/p>\n<blockquote class=\"twitter-tweet\" data-lang=\"es\"><p><a href=\"https:\/\/twitter.com\/X\/status\/1983642496757547470?ref_src=twsrc%5Etfw\" rel=\"nofollow noopener\" target=\"_blank\"><\/p><\/blockquote>\n<p class=\"article-text\">\n        Minutos despu\u00e9s, <strong>Pablo Motos<\/strong> paralizaba su charla con <strong>Arturo Valls<\/strong> &#8211; el invitado de la noche en <strong>El Hormiguero<\/strong>&#8211; para dirigirse directamente al p\u00fablico y hacer una reflexi\u00f3n sobre la situaci\u00f3n un a\u00f1o despu\u00e9s:\n    <\/p>\n<p class=\"article-text\">\n        \u201cCuando pasa un a\u00f1o, los muertos se convierten en un n\u00famero para los dem\u00e1s, pero no para ti si has perdido un ser querido. Nadie puede entender la forma profunda de dolor, que no desaparace con el tiempo, solo aprendes a llevarlo diferente. Aprendes a construir una vida pero el dolor no se va, porque<strong> la DANA no solo se llev\u00f3 las cosas que se ven, tambi\u00e9n se llev\u00f3 cosas invisible<\/strong>\u201d, asegur\u00f3.\n    <\/p>\n<blockquote class=\"twitter-tweet\" data-lang=\"es\"><p><a href=\"https:\/\/twitter.com\/X\/status\/1983647122529370407?ref_src=twsrc%5Etfw\" rel=\"nofollow noopener\" target=\"_blank\"><\/p><\/blockquote>\n<p class=\"article-text\">\n        Para continuar se\u00f1alando a los pol\u00edticos: \u201cUn a\u00f1o depsu\u00e9s, tambi\u00e9n tienes que seguir reconstruy\u00e9ndote a ti mismo, y hay dias que no sabes de d\u00f3nde sacar fuerzas. Adem\u00e1s de soportar las preguntas sin respuesta que te sigues haciendo:<strong> \u00bfPorqu\u00e9 sigue ah\u00ed Maz\u00f3n?, \u00bfpor qu\u00e9 no declar\u00f3 el estado de emergencia?<\/strong>, \u00bfpor qu\u00e9 Pedro S\u00e1nchez, viendo a la gente ahogarse, no declar\u00f3 el estado de emergencia por encima del impresentable de Maz\u00f3n?\u201d.\n    <\/p>\n<p>    <a href=\"https:\/\/www.eldiario.es\/vertele\/noticias\/najwa-nimri-volvio-revuelta-ano-despues-revelar-veto-hormiguero-menuda-liada_1_12723640.html\" data-mrf-recirculation=\"saber-mas-abajo\" data-dl-event=\"saber-mas-abajo\" rel=\"nofollow noopener\" target=\"_blank\"><\/p>\n<p class=\"know-more__title\">Najwa Nimri volvi\u00f3 a &#8216;La Revuelta&#8217; un a\u00f1o despu\u00e9s de revelar su veto en &#8216;El Hormiguero&#8217;: \u201cMenuda liada\u201d<\/p>\n<p>            <img decoding=\"async\" class=\"lazy\" loading=\"lazy\" data-src=\"https:\/\/static.eldiario.es\/clip\/03708409-8b29-4099-9125-646e6a3503e7_16-9-aspect-ratio_default_0.jpg\" src=\"data:image\/svg+xml,%3Csvg xmlns=\" http:=\"\" viewbox=\"0 0 880 495\" alt=\"Najwa Nimri volvi\u00f3 a 'La Revuelta' un a\u00f1o despu\u00e9s de revelar su veto en 'El Hormiguero': &quot;Menuda liada&quot;\"\/><\/p>\n<p>                        <\/a><\/p>\n<p class=\"article-text\">\n        Finalmente lanz\u00f3 una \u00faltima conclusi\u00f3n: \u201cMe gustar\u00eda saber si al menos hoy en el funeral han pasado un poquito de verg\u00fcenza. Que no lo s\u00e9 porque para sentir verg\u00fcenza hay que tener honor. Hemos aprendido que si hay un problema grave estamos abandonados a nuestra suerte. Esa es la cruda realidad\u201d.\n    <\/p>\n<p>                                    <script async src=\"https:\/\/platform.twitter.com\/widgets.js\" charset=\"utf-8\"><\/script><\/p>\n","protected":false},"excerpt":{"rendered":"Un a\u00f1o despu\u00e9s de la catastr\u00f3fica DANA que caus\u00f3 229 muertes en la provincia de Valencia, las principales&hellip;\n","protected":false},"author":2,"featured_media":208073,"comment_status":"","ping_status":"","sticky":false,"template":"","format":"standard","meta":{"footnotes":""},"categories":[171],"tags":[56578,13289,1681,13116,146,147,25,24,10290,43762,13882,24025,23,214,431],"class_list":{"0":"post-208072","1":"post","2":"type-post","3":"status-publish","4":"format-standard","5":"has-post-thumbnail","7":"category-tv","8":"tag-acordarse","9":"tag-broncano","10":"tag-dana","11":"tag-distintas","12":"tag-entertainment","13":"tag-entretenimiento","14":"tag-es","15":"tag-espana","16":"tag-formas","17":"tag-frenaron","18":"tag-motos","19":"tag-programas","20":"tag-spain","21":"tag-tv","22":"tag-victimas"},"share_on_mastodon":{"url":"https:\/\/pubeurope.com\/@es\/115460041905771468","error":""},"_links":{"self":[{"href":"https:\/\/www.europesays.com\/es\/wp-json\/wp\/v2\/posts\/208072","targetHints":{"allow":["GET"]}}],"collection":[{"href":"https:\/\/www.europesays.com\/es\/wp-json\/wp\/v2\/posts"}],"about":[{"href":"https:\/\/www.europesays.com\/es\/wp-json\/wp\/v2\/types\/post"}],"author":[{"embeddable":true,"href":"https:\/\/www.europesays.com\/es\/wp-json\/wp\/v2\/users\/2"}],"replies":[{"embeddable":true,"href":"https:\/\/www.europesays.com\/es\/wp-json\/wp\/v2\/comments?post=208072"}],"version-history":[{"count":0,"href":"https:\/\/www.europesays.com\/es\/wp-json\/wp\/v2\/posts\/208072\/revisions"}],"wp:featuredmedia":[{"embeddable":true,"href":"https:\/\/www.europesays.com\/es\/wp-json\/wp\/v2\/media\/208073"}],"wp:attachment":[{"href":"https:\/\/www.europesays.com\/es\/wp-json\/wp\/v2\/media?parent=208072"}],"wp:term":[{"taxonomy":"category","embeddable":true,"href":"https:\/\/www.europesays.com\/es\/wp-json\/wp\/v2\/categories?post=208072"},{"taxonomy":"post_tag","embeddable":true,"href":"https:\/\/www.europesays.com\/es\/wp-json\/wp\/v2\/tags?post=208072"}],"curies":[{"name":"wp","href":"https:\/\/api.w.org\/{rel}","templated":true}]}}