{"id":208074,"date":"2025-10-29T23:26:10","date_gmt":"2025-10-29T23:26:10","guid":{"rendered":"https:\/\/www.europesays.com\/es\/208074\/"},"modified":"2025-10-29T23:26:10","modified_gmt":"2025-10-29T23:26:10","slug":"la-cantante-que-ritchie-blackmore-llamo-tan-grande-como-los-beatles-fueron-para-mi","status":"publish","type":"post","link":"https:\/\/www.europesays.com\/es\/208074\/","title":{"rendered":"La cantante que Ritchie Blackmore llam\u00f3 \u00abtan grande como los Beatles fueron para m\u00ed\u00bb"},"content":{"rendered":"<p><strong>Ritchie Blackmore<\/strong> rara vez elogia a m\u00fasicos contempor\u00e1neos. Sin embargo, en uno de sus tantos videos de YouTube en los que habla sobre diversos tema del cuarto arte, sorprendi\u00f3 a propios y extra\u00f1os al expresar su opini\u00f3n sobre <strong>Taylor Swift<\/strong> y al compararla con uno de los grupos m\u00e1s importantes de todos los tiempos.<\/p>\n<p>El 30 de noviembre del 2024, el m\u00fasico brit\u00e1nico public\u00f3 \u201cRitchie Blackmore &#8211; Tales from his Tavern discussing his passion for music\u201d, un video de casi tres minutos de duraci\u00f3n en el que habl\u00f3 sobre su pasi\u00f3n por la m\u00fasica y lo que lo entusiasma musicalmente. Adem\u00e1s, cont\u00f3 qu\u00e9 cosas no le gustan y admiti\u00f3 que no conecta con la m\u00fasica de las nuevas generaciones.<\/p>\n<p>\u201c<strong>Cuando toda la familia se sube en la camioneta y vamos de paseo \u2014que probablemente sea en un rango de unas 20 millas porque no me gusta viajar\u2014 todo lo que escucho es Taylor Swift o algo as\u00ed. Me cuesta relacionarme, pero no est\u00e1 mal. Es la nueva generaci\u00f3n queriendo o\u00edr eso. Eso probablemente es tan grande para ellos como lo fueron los Beatles, Cream<\/strong> y <strong>Jimi Hendrix<\/strong> <strong>para m\u00ed<\/strong>\u201d.<\/p>\n<p>El paralelismo no est\u00e1 en el estilo musical sino en la magnitud del fen\u00f3meno: la manera en que Swift conecta con su audiencia, su estatus de figura pop y, por supuesto, su habilidad para movilizar a millones de fan\u00e1ticos de todo el mundo. Igualmente, Blackmore cuestion\u00f3 la m\u00fasica que suena en la radio por estos d\u00edas: \u201cNo me puedo quejar, pero me gusta hacerlo. As\u00ed que me voy a quejar, porque creo que la basura que pasan en la radio hoy es jodidamente horrible\u201d, sentenci\u00f3.<\/p>\n","protected":false},"excerpt":{"rendered":"Ritchie Blackmore rara vez elogia a m\u00fasicos contempor\u00e1neos. Sin embargo, en uno de sus tantos videos de YouTube&hellip;\n","protected":false},"author":2,"featured_media":208075,"comment_status":"","ping_status":"","sticky":false,"template":"","format":"standard","meta":{"footnotes":""},"categories":[170],"tags":[146,147,25,24,184,185,23,6620],"class_list":{"0":"post-208074","1":"post","2":"type-post","3":"status-publish","4":"format-standard","5":"has-post-thumbnail","7":"category-musica","8":"tag-entertainment","9":"tag-entretenimiento","10":"tag-es","11":"tag-espana","12":"tag-music","13":"tag-musica","14":"tag-spain","15":"tag-the-beatles"},"share_on_mastodon":{"url":"https:\/\/pubeurope.com\/@es\/115460045759143023","error":""},"_links":{"self":[{"href":"https:\/\/www.europesays.com\/es\/wp-json\/wp\/v2\/posts\/208074","targetHints":{"allow":["GET"]}}],"collection":[{"href":"https:\/\/www.europesays.com\/es\/wp-json\/wp\/v2\/posts"}],"about":[{"href":"https:\/\/www.europesays.com\/es\/wp-json\/wp\/v2\/types\/post"}],"author":[{"embeddable":true,"href":"https:\/\/www.europesays.com\/es\/wp-json\/wp\/v2\/users\/2"}],"replies":[{"embeddable":true,"href":"https:\/\/www.europesays.com\/es\/wp-json\/wp\/v2\/comments?post=208074"}],"version-history":[{"count":0,"href":"https:\/\/www.europesays.com\/es\/wp-json\/wp\/v2\/posts\/208074\/revisions"}],"wp:featuredmedia":[{"embeddable":true,"href":"https:\/\/www.europesays.com\/es\/wp-json\/wp\/v2\/media\/208075"}],"wp:attachment":[{"href":"https:\/\/www.europesays.com\/es\/wp-json\/wp\/v2\/media?parent=208074"}],"wp:term":[{"taxonomy":"category","embeddable":true,"href":"https:\/\/www.europesays.com\/es\/wp-json\/wp\/v2\/categories?post=208074"},{"taxonomy":"post_tag","embeddable":true,"href":"https:\/\/www.europesays.com\/es\/wp-json\/wp\/v2\/tags?post=208074"}],"curies":[{"name":"wp","href":"https:\/\/api.w.org\/{rel}","templated":true}]}}