{"id":208082,"date":"2025-10-29T23:33:10","date_gmt":"2025-10-29T23:33:10","guid":{"rendered":"https:\/\/www.europesays.com\/es\/208082\/"},"modified":"2025-10-29T23:33:10","modified_gmt":"2025-10-29T23:33:10","slug":"israel-ataca-otro-objetivo-en-gaza-tras-la-noche-mas-mortifera-desde-el-alto-el-fuego","status":"publish","type":"post","link":"https:\/\/www.europesays.com\/es\/208082\/","title":{"rendered":"Israel ataca otro objetivo en Gaza tras la noche m\u00e1s mort\u00edfera desde el alto el fuego"},"content":{"rendered":"<p>    <img src=\"https:\/\/www.europesays.com\/es\/wp-content\/uploads\/2025\/10\/2025-10-29T103A443A08Z-90244213.jpg\" width=\"1024\" height=\"682\" alt=\"\" loading=\"eager\" decoding=\"sync\" fetchpriority=\"high\"\/><\/p>\n<p>            afp_tickers        <\/p>\n<p>        Este contenido fue publicado en    <\/p>\n<p>        29 octubre 2025 &#8211; 20:55\n<\/p>\n<p>Israel atac\u00f3 el mi\u00e9rcoles un dep\u00f3sito de armas en Gaza, que vivi\u00f3 la v\u00edspera su noche m\u00e1s mort\u00edfera de bombardeos desde el inicio del alto el fuego mediado por Estados Unidos, y advirti\u00f3 que continuar\u00e1 operando para neutralizar posibles amenazas.<\/p>\n<p>El ej\u00e9rcito israel\u00ed anunci\u00f3 que llev\u00f3 a cabo un ataque de precisi\u00f3n en un sitio en la zona de Beit Lahia, en el norte de Gaza, donde asegur\u00f3 que se almacenaban armas destinadas a un \u00abataque terrorista inminente\u00bb.<\/p>\n<p>Las tropas israel\u00edes, indic\u00f3 el ej\u00e9rcito, permanecer\u00e1n desplegadas \u00abseg\u00fan el acuerdo de alto el fuego y continuar\u00e1n operando para eliminar cualquier amenaza inmediata\u00bb.<\/p>\n<p>El hospital Al Chifa de Ciudad de Gaza inform\u00f3 que dos palestinos murieron en el \u00faltimo ataque. La agencia de defensa civil del territorio gobernado por el movimiento islamista Ham\u00e1s report\u00f3 que 104 personas \u2013 incluidos 46 ni\u00f1os y 24 mujeres \u2013 fallecieron en los bombardeos de la noche anterior.<\/p>\n<p>El ej\u00e9rcito israel\u00ed lanz\u00f3 esta ola de bombardeos tras la muerte de uno de sus soldados en Gaza el martes.\u00a0El mi\u00e9rcoles por la ma\u00f1ana anunci\u00f3 la reanudaci\u00f3n del alto el fuego en Gaza.<\/p>\n<p>Tanto el presidente estadounidense Donald Trump como el mediador regional Catar expresaron su expectativa de que el alto el fuego se mantenga, pero dentro de Gaza los palestinos pierden la esperanza.<\/p>\n<p>\u00abAcab\u00e1bamos de empezar a respirar nuevamente, tratando de reconstruir nuestras vidas, cuando regresaron los bombardeos\u00bb, relat\u00f3 Khadija al Husni, una mujer de 31 a\u00f1os, que vive con sus hijos bajo carpas en el campamento de refugiados Al Shati.<\/p>\n<p>\u00abEs un crimen. O hay una tregua o hay guerra, no pueden coexistir. Los ni\u00f1os no pudieron dormir; pensaban que la guerra hab\u00eda terminado\u00bb, agreg\u00f3.<\/p>\n<p>\u2013 \u00abEstamos agotados\u00bb \u2013<\/p>\n<p>El secretario general de Naciones Unidas, Antonio Guterres, conden\u00f3 \u00aben\u00e9rgicamente la muerte de civiles en Gaza causados por los bombardeos israel\u00edes de ayer, incluidos muchos ni\u00f1os\u00bb, dijo su portavoz, St\u00e9phane Dujarric.\u00a0<\/p>\n<p>El jefe de derechos humanos de la ONU, Volker Turk, calific\u00f3 el balance de atroz y urgi\u00f3 a todas las partes a no dejar que la paz \u00abse escape de nuestras manos\u00bb, sum\u00e1ndose as\u00ed a los llamados de Reino Unido, Alemania y la Uni\u00f3n Europea para que las partes renueven su compromiso con el alto el fuego.<\/p>\n<p>En Deir el Balah, en el centro del territorio, Jalal Abas, de 40 a\u00f1os, acus\u00f3 a Israel de usar pretextos falsos para reanudar su campa\u00f1a.<\/p>\n<p>\u00abEl problema es que Trump les permite matar civiles porque lo enga\u00f1an con informaci\u00f3n falsa\u00bb, dijo a AFP.\u00a0<\/p>\n<p>\u00abQueremos el fin de la guerra y de la escalada. Estamos agotados y al borde del colapso\u00bb, a\u00f1adi\u00f3.<\/p>\n<p>El ej\u00e9rcito israel\u00ed afirm\u00f3 que sus ataques neutralizaron a 30 militantes de alto rango, y el ministro de Defensa Israel Katz asegur\u00f3 que \u00abdecenas de comandantes de Ham\u00e1s fueron eliminados\u00bb.<\/p>\n<p>Israel justific\u00f3 la ola de bombardeos tras la muerte del sargento mayor de reserva Yona Efraim Feldbaum, de 37 a\u00f1os, en Rafah, cuando su veh\u00edculo de ingenier\u00eda fue alcanzado por fuego enemigo.<\/p>\n<p>\u2013 Entrega de cuerpos de rehenes detenida \u2013<\/p>\n<p>Ham\u00e1s afirm\u00f3 que sus combatientes no estaban vinculados al incidente en Rafah y reiter\u00f3 su compromiso con el alto el fuego respaldado por EEUU.<\/p>\n<p>No obstante retras\u00f3 la entrega de los restos de un reh\u00e9n fallecido y advirti\u00f3 que cualquier \u00abescalada\u00bb dificultar\u00eda la b\u00fasqueda y recuperaci\u00f3n de cuerpos.<\/p>\n<p>Durante el ataque de Ham\u00e1s el 7 de octubre de 2023, 251 personas fueron tomadas como rehenes. Tras el alto el fuego de este mes, 20 cautivos sobrevivientes fueron devueltos, y comenz\u00f3 la entrega de 28 cuerpos de rehenes fallecidos.<\/p>\n<p>Pero una disputa por la lenta devoluci\u00f3n de estos \u00faltimos restos amenaza con descarrilar el acuerdo de alto el fuego, pactado entre Israel y Ham\u00e1s y respaldado por la administraci\u00f3n Trump y mediadores regionales (Egipto, Turqu\u00eda y Catar).<\/p>\n<p>Israel acusa a Ham\u00e1s de incumplirlo al no devolver los restos a tiempo, mientras que el grupo palestino sostiene que localizar los cuerpos enterrados en los escombros de Gaza requiere tiempo.<\/p>\n<p>El ataque del 7 de octubre en Israel, que desencaden\u00f3 la guerra, caus\u00f3 la muerte de 1.221 personas, en su mayor\u00eda civiles, seg\u00fan un balance de AFP con base en cifras oficiales.<\/p>\n<p>La ofensiva israel\u00ed lanzada en respuesta caus\u00f3 68.643 muertos en la Franja de Gaza, en su mayor\u00eda civiles, seg\u00fan cifras del ministerio de Salud de Ham\u00e1s.<\/p>\n<p>bur-al\/cm\/sg\/hgs\/pc\/mab\/meb\/mb<\/p>\n","protected":false},"excerpt":{"rendered":"afp_tickers Este contenido fue publicado en 29 octubre 2025 &#8211; 20:55 Israel atac\u00f3 el mi\u00e9rcoles un dep\u00f3sito de&hellip;\n","protected":false},"author":2,"featured_media":208083,"comment_status":"","ping_status":"","sticky":false,"template":"","format":"standard","meta":{"footnotes":""},"categories":[42],"tags":[635,17,18,636,13,14,11,61,62,63,64,19,20,9,10,15,16,90,12,21,22,65,66,67],"class_list":{"0":"post-208082","1":"post","2":"type-post","3":"status-publish","4":"format-standard","5":"has-post-thumbnail","7":"category-internacional","8":"tag-armed-conflict","9":"tag-breaking-news","10":"tag-breakingnews","11":"tag-conflict","12":"tag-featured-news","13":"tag-featurednews","14":"tag-headlines","15":"tag-internacional","16":"tag-international","17":"tag-international-news","18":"tag-internationalnews","19":"tag-latest-news","20":"tag-latestnews","21":"tag-news","22":"tag-noticias","23":"tag-noticias-destacadas","24":"tag-noticiasdestacadas","25":"tag-ticker","26":"tag-titulares","27":"tag-ultimas-noticias","28":"tag-ultimasnoticias","29":"tag-world","30":"tag-world-news","31":"tag-worldnews"},"share_on_mastodon":{"url":"https:\/\/pubeurope.com\/@es\/115460073664005248","error":""},"_links":{"self":[{"href":"https:\/\/www.europesays.com\/es\/wp-json\/wp\/v2\/posts\/208082","targetHints":{"allow":["GET"]}}],"collection":[{"href":"https:\/\/www.europesays.com\/es\/wp-json\/wp\/v2\/posts"}],"about":[{"href":"https:\/\/www.europesays.com\/es\/wp-json\/wp\/v2\/types\/post"}],"author":[{"embeddable":true,"href":"https:\/\/www.europesays.com\/es\/wp-json\/wp\/v2\/users\/2"}],"replies":[{"embeddable":true,"href":"https:\/\/www.europesays.com\/es\/wp-json\/wp\/v2\/comments?post=208082"}],"version-history":[{"count":0,"href":"https:\/\/www.europesays.com\/es\/wp-json\/wp\/v2\/posts\/208082\/revisions"}],"wp:featuredmedia":[{"embeddable":true,"href":"https:\/\/www.europesays.com\/es\/wp-json\/wp\/v2\/media\/208083"}],"wp:attachment":[{"href":"https:\/\/www.europesays.com\/es\/wp-json\/wp\/v2\/media?parent=208082"}],"wp:term":[{"taxonomy":"category","embeddable":true,"href":"https:\/\/www.europesays.com\/es\/wp-json\/wp\/v2\/categories?post=208082"},{"taxonomy":"post_tag","embeddable":true,"href":"https:\/\/www.europesays.com\/es\/wp-json\/wp\/v2\/tags?post=208082"}],"curies":[{"name":"wp","href":"https:\/\/api.w.org\/{rel}","templated":true}]}}