{"id":208086,"date":"2025-10-29T23:35:11","date_gmt":"2025-10-29T23:35:11","guid":{"rendered":"https:\/\/www.europesays.com\/es\/208086\/"},"modified":"2025-10-29T23:35:11","modified_gmt":"2025-10-29T23:35:11","slug":"el-consejero-andaluz-de-sanidad-se-reune-con-amama-justo-un-mes-despues-de-destapar-la-crisis-de-las-mamografias","status":"publish","type":"post","link":"https:\/\/www.europesays.com\/es\/208086\/","title":{"rendered":"El consejero andaluz de Sanidad se re\u00fane con Amama justo un mes despu\u00e9s de destapar la crisis de las mamograf\u00edas"},"content":{"rendered":"<p class=\"article-text\">\n        El consejero de Sanidad, Presidencia y Emergencias, Antonio Sanz, ha reconocido este mi\u00e9rcoles haber mantenido \u201cun encuentro largo y fruct\u00edfero\u201d con la Asociaci\u00f3n de Mujeres de C\u00e1ncer de Mama (Amama) de Sevilla, lo que supondr\u00eda el primer encuentro entre ambas partes despu\u00e9s de que el Gobierno andaluz se hubiese lamentado de las sucesivas negativas de esta asociaci\u00f3n a reunirse con ellos y un mes despu\u00e9s de que la entidad, a trav\u00e9s de Radio Sevilla, destapara la crisis con los primeros testimonios de mujeres afectadas.\n    <\/p>\n<p>    <a href=\"https:\/\/www.eldiario.es\/andalucia\/miles-andaluces-cargan-moreno-crisis-cribados-cancer-teta-no-existe_1_12715037.html\" data-mrf-recirculation=\"saber-mas\" data-dl-event=\"saber-mas\" rel=\"nofollow noopener\" target=\"_blank\"><\/p>\n<p class=\"know-more__title\">Miles de andaluces se echan a la calle contra Moreno por la crisis de los cribados de c\u00e1ncer: \u00abEsta teta ya no existe\u00bb<\/p>\n<p>            <img decoding=\"async\" class=\"lazy\" loading=\"lazy\" data-src=\"https:\/\/static.eldiario.es\/clip\/6c8cef61-e710-4de1-800a-ccc284d5bdce_16-9-aspect-ratio_default_0.jpg\" src=\"data:image\/svg+xml,%3Csvg xmlns=\" http:=\"\" viewbox=\"0 0 880 495\" alt=\"Miles de andaluces se echan a la calle contra Moreno por la crisis de los cribados de c\u00e1ncer: &quot;Esta teta ya no existe&quot;\"\/><\/p>\n<p>                        <\/a><\/p>\n<p class=\"article-text\">\n        El propio presidente de la Junta de Andaluc\u00eda, Juanma Moreno, se\u00f1al\u00f3 hace una semana antes de afrontar la sesi\u00f3n de control en el Pleno del Parlamento que Amama \u201cprefer\u00eda ir manifestarse\u201d ante el Palacio de San Telmo, sede de la Presidencia auton\u00f3mica, como as\u00ed sucedi\u00f3 el pasado domingo, que sentarse a hablar.\n    <\/p>\n<p class=\"article-text\">\n        En declaraciones a los medios de comunicaci\u00f3n en el marco de la presentaci\u00f3n del proyecto de Presupuesto de la Junta de 2026 para la provincia de C\u00e1diz, Sanz se ha declarado \u201cmuy prudente\u201d sobre las conclusiones de esa reuni\u00f3n, por cuanto se ha remitido al acuerdo entre Junta de Andaluc\u00eda y asociaci\u00f3n de \u201ctrasladar esa informaci\u00f3n de manera conjunta\u201d.\n    <\/p>\n<p class=\"article-text\">\n        El consejero de Sanidad ha considerado que esa versi\u00f3n compartida de su reuni\u00f3n permitir\u00e1 que \u201ctodas las partes puedan opinar\u201d, antes de remarcar que \u201cvoy a respetar eso\u201d, aun cuando ha reconocido que \u201cs\u00ed se ha producido esa reuni\u00f3n\u201d.\n    <\/p>\n<p class=\"article-text\">\n        En una nota de prensa el Gobierno andaluz ha informado de que Sanz se ha reunido con representantes de la Amama Sevilla, encabezada por su presidenta, \u00c1ngela Claverol.\n    <\/p>\n<p class=\"article-text\">\n        La reuni\u00f3n se ha celebrado en la sede de la Delegaci\u00f3n del Gobierno de la Junta en Sevilla y la Junta habla de un encuentro \u201cque se ha prolongado durante varias horas\u201d, as\u00ed como apunta que ha supuesto \u201cun intercambio constructivo de propuestas y preocupaciones\u201d, que les llevar\u00e1 \u201ca alcanzar compromisos importantes\u201d para mejorar el programa de cribado de c\u00e1ncer de mama.\n    <\/p>\n<p class=\"article-text\">\n        El Gobierno andaluz ha precisado que Amama le ha comunicado su intenci\u00f3n de participar en la pr\u00f3xima reuni\u00f3n de la Comisi\u00f3n de Seguimiento y Participaci\u00f3n del Plan de Acci\u00f3n del Programa de Cribado de C\u00e1ncer de Mama, adem\u00e1s del compromiso de tener reuniones centradas en varias \u00e1reas.\n    <\/p>\n<p class=\"article-text\">\n        Sanz ha estado acompa\u00f1ado en la reuni\u00f3n por la d\u00e9cima teniente alcalde y delegada del \u00c1rea de Gobierno de Deporte y Promoci\u00f3n de la Salud y Distrito Macarena del Ayuntamiento de Sevilla, Silvia Pozo.\n    <\/p>\n<p class=\"article-text\">\n        Por su parte, la ministra de Sanidad, M\u00f3nica Garc\u00eda, mantendr\u00e1 este jueves en Sevilla una reuni\u00f3n con la asociaci\u00f3n Amama, a las 11,00 horas, en la sede de la Delegaci\u00f3n del Gobierno de Espa\u00f1a en Andaluc\u00eda. Al t\u00e9rmino del encuentro, sobre las 12,00 horas, est\u00e1 previsto que M\u00f3nica Garc\u00eda atienda a los medios de comunicaci\u00f3n, seg\u00fan se indica en la convocatoria de prensa.\n    <\/p>\n<p>    <a href=\"https:\/\/www.eldiario.es\/andalucia\/asociacion-destapo-crisis-cribados-andalucia-niega-intereses-partidistas-politica-vivir_1_12716304.html\" data-mrf-recirculation=\"saber-mas-abajo\" data-dl-event=\"saber-mas-abajo\" rel=\"nofollow noopener\" target=\"_blank\"><\/p>\n<p>            <img decoding=\"async\" class=\"lazy\" loading=\"lazy\" data-src=\"https:\/\/static.eldiario.es\/clip\/fdd0e8ff-cbeb-400d-a34b-e12a3e0d08d6_16-9-aspect-ratio_default_0.jpg\" src=\"data:image\/svg+xml,%3Csvg xmlns=\" http:=\"\" viewbox=\"0 0 880 495\" alt=\"La asociaci\u00f3n que destap\u00f3 la crisis de los cribados en Andaluc\u00eda niega intereses partidistas: &quot;Nuestra pol\u00edtica es vivir&quot;\"\/><\/p>\n<p>                        <\/a><\/p>\n<p class=\"article-text\">\n        Tanto el encuentro de Antonio Sanz como la reuni\u00f3n de la ministra con Amama se producen despu\u00e9s de <a href=\"https:\/\/www.eldiario.es\/andalucia\/asociacion-destapo-crisis-cribados-andalucia-niega-intereses-partidistas-politica-vivir_1_12716304.html\" data-mrf-recirculation=\"links-noticia\" class=\"link\" rel=\"nofollow noopener\" target=\"_blank\">la concentraci\u00f3n que ante el Palacio de San Telmo de Sevilla, sede de la Presidencia de la Junta, promovi\u00f3 el pasado domingo, 26 de octubre<\/a>, la citada asociaci\u00f3n en protesta por lo ocurrido con el programa de cribados, una incidencia por la que el Gobierno andaluz ha contabilizado hasta ahora un total de 2.317 mujeres afectadas.\n    <\/p>\n","protected":false},"excerpt":{"rendered":"El consejero de Sanidad, Presidencia y Emergencias, Antonio Sanz, ha reconocido este mi\u00e9rcoles haber mantenido \u201cun encuentro largo&hellip;\n","protected":false},"author":2,"featured_media":208087,"comment_status":"","ping_status":"","sticky":false,"template":"","format":"standard","meta":{"footnotes":""},"categories":[5],"tags":[1705,259,17,18,2760,3854,25,24,13,14,494,11,1667,19,20,3855,9,10,15,16,1925,1171,23,12,21,22],"class_list":{"0":"post-208086","1":"post","2":"type-post","3":"status-publish","4":"format-standard","5":"has-post-thumbnail","7":"category-titulares","8":"tag-analisis","9":"tag-andalucia","10":"tag-breaking-news","11":"tag-breakingnews","12":"tag-cordoba","13":"tag-eldiario-es","14":"tag-es","15":"tag-espana","16":"tag-featured-news","17":"tag-featurednews","18":"tag-granada","19":"tag-headlines","20":"tag-informacion","21":"tag-latest-news","22":"tag-latestnews","23":"tag-malaga","24":"tag-news","25":"tag-noticias","26":"tag-noticias-destacadas","27":"tag-noticiasdestacadas","28":"tag-opinion","29":"tag-sevilla","30":"tag-spain","31":"tag-titulares","32":"tag-ultimas-noticias","33":"tag-ultimasnoticias"},"share_on_mastodon":{"url":"https:\/\/pubeurope.com\/@es\/115460081161098246","error":""},"_links":{"self":[{"href":"https:\/\/www.europesays.com\/es\/wp-json\/wp\/v2\/posts\/208086","targetHints":{"allow":["GET"]}}],"collection":[{"href":"https:\/\/www.europesays.com\/es\/wp-json\/wp\/v2\/posts"}],"about":[{"href":"https:\/\/www.europesays.com\/es\/wp-json\/wp\/v2\/types\/post"}],"author":[{"embeddable":true,"href":"https:\/\/www.europesays.com\/es\/wp-json\/wp\/v2\/users\/2"}],"replies":[{"embeddable":true,"href":"https:\/\/www.europesays.com\/es\/wp-json\/wp\/v2\/comments?post=208086"}],"version-history":[{"count":0,"href":"https:\/\/www.europesays.com\/es\/wp-json\/wp\/v2\/posts\/208086\/revisions"}],"wp:featuredmedia":[{"embeddable":true,"href":"https:\/\/www.europesays.com\/es\/wp-json\/wp\/v2\/media\/208087"}],"wp:attachment":[{"href":"https:\/\/www.europesays.com\/es\/wp-json\/wp\/v2\/media?parent=208086"}],"wp:term":[{"taxonomy":"category","embeddable":true,"href":"https:\/\/www.europesays.com\/es\/wp-json\/wp\/v2\/categories?post=208086"},{"taxonomy":"post_tag","embeddable":true,"href":"https:\/\/www.europesays.com\/es\/wp-json\/wp\/v2\/tags?post=208086"}],"curies":[{"name":"wp","href":"https:\/\/api.w.org\/{rel}","templated":true}]}}