{"id":208088,"date":"2025-10-29T23:45:15","date_gmt":"2025-10-29T23:45:15","guid":{"rendered":"https:\/\/www.europesays.com\/es\/208088\/"},"modified":"2025-10-29T23:45:15","modified_gmt":"2025-10-29T23:45:15","slug":"la-gran-fiesta-de-manuela-velasco-por-su-50-cumpleanos","status":"publish","type":"post","link":"https:\/\/www.europesays.com\/es\/208088\/","title":{"rendered":"La gran fiesta de Manuela Velasco por su 50 cumplea\u00f1os"},"content":{"rendered":"<p id=\"euI69lAdro\" data-wc=\"110\"><strong>Manuela Velasco<\/strong> cumpli\u00f3 50 a\u00f1os el pasado 23 de octubre y lo celebr\u00f3 con una gran fiesta rodeada de sus seres queridos. \u00abCelebrando y agradeciendo. El coraz\u00f3n rebosante\u00bb, escribi\u00f3 la actriz, que disfrut\u00f3 de una agradable sorpresa acompa\u00f1ada de sus amigos y familiares, <strong>Amaia Salamanca y Carlos Bardem<\/strong> fueron algunos de los rostros conocidos que acompa\u00f1aron a la actriz en su gran fiesta de cumplea\u00f1os. \u00a0La esposa de Rosauro Varo \u00a0es muy amiga de Manuela desde que <a class=\"hm-link ho-link\" href=\"https:\/\/www.hola.com\/actualidad\/2017052394903\/cumpleanos-amaia-salamanca-curso\/\" data-mrf-recirculation=\"article-body-link\" rel=\"nofollow noopener\" target=\"_blank\"><strong>rodaran juntas\u00a0<\/strong><strong>Velvet<\/strong>\u00a0<\/a>y con el hermano de Javier Bardem acaba de rodar La Agencia,\u00a0la serie que acaba de estrenarse en Mediaset. Juntos vivieron una jornada inolvidable y muy divertida entre amigos.<\/p>\n<p> <img src=\"https:\/\/www.europesays.com\/es\/wp-content\/uploads\/2025\/10\/89c979ebbfab-manuela-velasco-ig.jpg\"   width=\"772\" height=\"1024\" loading=\"lazy\" decoding=\"async\" alt=\"Manuela Velasco celebra su 50 cumplea\u00f1os con una gran fiesta rodeada de amigos y familia\" fetchpriority=\"auto\" class=\"image ho-image\"\/>\u00a9 manuelavelascooficialManuela Velasco celebra su 50 cumplea\u00f1os con una gran fiesta rodeada de amigos y familia<\/p>\n<p id=\"eLc6aAoos_N\" data-wc=\"95\">La sobrina de Concha Velasco estaba exultante de felicidad, tal y como reflejan las fotos que comparti\u00f3 de su \u00e1lbum y el v\u00eddeo en el que <strong>su hermana Carlota Velasco la sorprende al entrar con una tarta de cumplea\u00f1os<\/strong> al son de la melod\u00eda de \u00abcumplea\u00f1os feliz\u00bb. Un momento lleno de emoci\u00f3n en el que la int\u00e9rprete cerr\u00f3 los ojos, sopl\u00f3 las velas y pidi\u00f3 un deseo ante la mirada de todos sus invitados. \u00a0A continuaci\u00f3n hubo regalos, pos\u00f3 junto a unos maravillosos globos verdes con el n\u00famero 50 y un sinf\u00edn de sorpresas m\u00e1s.<\/p>\n<p> <img src=\"https:\/\/www.europesays.com\/es\/wp-content\/uploads\/2025\/10\/a89843502f9b-manuela-velasco-ig3.jpg\"   width=\"768\" height=\"1024\" loading=\"lazy\" decoding=\"async\" alt=\"Manuela Velasco celebra su 50 cumplea\u00f1os\" fetchpriority=\"auto\" class=\"image ho-image\"\/>\u00a9 manuelavelascooficialManuela Velasco pide un deseo antes de soplar las velas de la tarta<\/p>\n<p id=\"e54sYpv-e-\" data-wc=\"57\">Manuela Velasco est\u00e1 muy unida a su hermana peque\u00f1a, que se encarg\u00f3 de organizarle la celebraci\u00f3n, al igual que sucedi\u00f3 a la inversa cuando Manuela asumi\u00f3 el rol de wedding planner\u00a0y maestra de ceremonias en <a class=\"hm-link ho-link\" href=\"https:\/\/www.hola.com\/actualidad\/20240617255633\/carlota-velasco-oscar-castellanos-boda\/\" data-mrf-recirculation=\"article-body-link\" rel=\"nofollow noopener\" target=\"_blank\">la boda de Carlota Velasco con el periodista Pablo Castellanos<\/a>, celebrada en junio de 2024 en la localidad segoviana de Riaza.<\/p>\n<p> <img src=\"https:\/\/www.europesays.com\/es\/wp-content\/uploads\/2025\/10\/bcaca7b3d6e0-manuela-velasco-amaia.jpg\"   width=\"734\" height=\"1024\" loading=\"lazy\" decoding=\"async\" alt=\"Amaia Salamanca y Carlos Bardem no faltaron al cumplea\u00f1os de la actriz\" fetchpriority=\"auto\" class=\"image ho-image\"\/>\u00a9 manuelavelascooficialAmaia Salamanca y Carlos Bardem no faltaron al cumplea\u00f1os de la actriz<\/p>\n<p id=\"efmtPe-k2P\" data-wc=\"123\">A sus 50 a\u00f1os, la sobrina de Concha Velasco vive un momento de plenitud. A nivel personal, <strong data-gid=\"ebmNGm40Bbf\">mantiene <a class=\"hm-link ho-link\" href=\"https:\/\/www.hola.com\/actualidad\/20230825237732\/manuela-velasco-pareja-rafa-castejon\/\" data-mrf-recirculation=\"article-body-link\" rel=\"nofollow noopener\" target=\"_blank\">una relaci\u00f3n con el tambi\u00e9n actor Rafael Castej\u00f3n<\/a>\u00a0<\/strong>desde hace m\u00e1s de dos d\u00e9cadas, y en lo que se refiere a lo profesional, disfruta del <strong>\u00e9xito de La Agencia,\u00a0<\/strong>la serie creada por Daniel \u00c9cija y que se estren\u00f3 hace tan solo unas semanas en Mediaset. \u00a0La ganadora del Goya a mejor actriz revelaci\u00f3n por REC ha podido disfrutar de su cumplea\u00f1os antes de subirse de nuevo a las tablas con la obra El sill\u00f3n K. Cartas desde el Olvido\u00a0en Cartagena, donde<strong>\u00a0se pone en la piel de la poeta y primera mujer en ingresar en la RAE<\/strong> como acad\u00e9mica en El\u00a0Sill\u00f3n K.<\/p>\n<p> <img src=\"https:\/\/www.europesays.com\/es\/wp-content\/uploads\/2025\/10\/0bcafeb802c5-manuela-velasco-ig2.jpg\"   width=\"768\" height=\"1024\" loading=\"lazy\" decoding=\"async\" alt=\"Carlota Velasco sorprende a su hermana Manuela Velasco con una tarta de cumplea\u00f1os \" fetchpriority=\"auto\" class=\"image ho-image\"\/>\u00a9 manuelavelascooficialCarlota Velasco sorprende a su hermana Manuela Velasco con una tarta de cumplea\u00f1os y cant\u00e1ndole &#8216;cumplea\u00f1os feliz&#8217;<\/p>\n<p id=\"enfEuJu2RDN\" data-wc=\"68\">Velasco, adem\u00e1s, acaba de ser confirmada como <strong>protagonista de Historia de una maestra,<\/strong> basada en la novela de Josefina Aldecoa, que narra la vida de una maestra durante la Segunda Rep\u00fablica espa\u00f1ola y la Guerra Civil, un papel que le ha llenado de entusiasmo y un sue\u00f1o hecho realidad para esta actriz que consolida su posici\u00f3n como una de las int\u00e9rpretes m\u00e1s queridas y reconocidas de nuestro pa\u00eds.\u00a0<\/p>\n","protected":false},"excerpt":{"rendered":"Manuela Velasco cumpli\u00f3 50 a\u00f1os el pasado 23 de octubre y lo celebr\u00f3 con una gran fiesta rodeada&hellip;\n","protected":false},"author":2,"featured_media":208089,"comment_status":"","ping_status":"","sticky":false,"template":"","format":"standard","meta":{"footnotes":""},"categories":[174],"tags":[517,255,146,147,25,24,256,56579,23],"class_list":{"0":"post-208088","1":"post","2":"type-post","3":"status-publish","4":"format-standard","5":"has-post-thumbnail","7":"category-famosos","8":"tag-actualidad","9":"tag-celebrities","10":"tag-entertainment","11":"tag-entretenimiento","12":"tag-es","13":"tag-espana","14":"tag-famosos","15":"tag-manuela-velasco","16":"tag-spain"},"share_on_mastodon":{"url":"https:\/\/pubeurope.com\/@es\/115460121055507908","error":""},"_links":{"self":[{"href":"https:\/\/www.europesays.com\/es\/wp-json\/wp\/v2\/posts\/208088","targetHints":{"allow":["GET"]}}],"collection":[{"href":"https:\/\/www.europesays.com\/es\/wp-json\/wp\/v2\/posts"}],"about":[{"href":"https:\/\/www.europesays.com\/es\/wp-json\/wp\/v2\/types\/post"}],"author":[{"embeddable":true,"href":"https:\/\/www.europesays.com\/es\/wp-json\/wp\/v2\/users\/2"}],"replies":[{"embeddable":true,"href":"https:\/\/www.europesays.com\/es\/wp-json\/wp\/v2\/comments?post=208088"}],"version-history":[{"count":0,"href":"https:\/\/www.europesays.com\/es\/wp-json\/wp\/v2\/posts\/208088\/revisions"}],"wp:featuredmedia":[{"embeddable":true,"href":"https:\/\/www.europesays.com\/es\/wp-json\/wp\/v2\/media\/208089"}],"wp:attachment":[{"href":"https:\/\/www.europesays.com\/es\/wp-json\/wp\/v2\/media?parent=208088"}],"wp:term":[{"taxonomy":"category","embeddable":true,"href":"https:\/\/www.europesays.com\/es\/wp-json\/wp\/v2\/categories?post=208088"},{"taxonomy":"post_tag","embeddable":true,"href":"https:\/\/www.europesays.com\/es\/wp-json\/wp\/v2\/tags?post=208088"}],"curies":[{"name":"wp","href":"https:\/\/api.w.org\/{rel}","templated":true}]}}