{"id":208112,"date":"2025-10-30T00:08:10","date_gmt":"2025-10-30T00:08:10","guid":{"rendered":"https:\/\/www.europesays.com\/es\/208112\/"},"modified":"2025-10-30T00:08:10","modified_gmt":"2025-10-30T00:08:10","slug":"vuelve-mecano-ana-torroja-habla-sobre-el-regreso-de-mecano-a-los-escenarios-yo-no-me-lo-esperaba","status":"publish","type":"post","link":"https:\/\/www.europesays.com\/es\/208112\/","title":{"rendered":"VUELVE MECANO | Ana Torroja habla sobre el regreso de Mecano a los escenarios: \u00abYo no me lo esperaba\u00bb"},"content":{"rendered":"<p class=\"ft-text\">Tras el comentad\u00edsimo <a class=\"ft-link ft-link--decoration\" href=\"https:\/\/www.lne.es\/cultura\/2024\/06\/28\/nacho-cano-espanoles-especialmente-negativos-104441881.html\" rel=\"nofollow noopener\" target=\"_blank\">regreso<\/a> de Amaia Montero a &#8216;La Oreja de Van Gogh&#8217; 18 a\u00f1os despu\u00e9s de abandonar el grupo, y <strong>coincidiendo con el primer aniversario de la pol\u00e9mica salida de Leire Mart\u00ednez<\/strong>, son muchos los nost\u00e1lgicos que fantasean con el reencuentro de otras bandas m\u00edticas de la m\u00fasica espa\u00f1ola, como &#8216;Pereza&#8217;, &#8216;Los Piratas&#8217; o &#8216;H\u00e9roes del Silencio&#8217;.<\/p>\n<p class=\"ft-text\">Pero especialmente con la posible vuelta de Mecano, grupo formado por Ana Torroja, Nacho y Jos\u00e9 Mar\u00eda Cano,<strong> que se separaron en 1998 -aunque su \u00faltimo concierto fue en 1992-<\/strong> y que nos dejaron hits que han marcado a varias generaciones como &#8216;Cruz de navajas&#8217;, &#8216;Hijo de la luna&#8217;, &#8216;Me cuesta tanto olvidarte&#8217;, &#8216;La fuerza del destino&#8217;, o &#8216;En tu fiesta me col\u00e9&#8217;, que a d\u00eda de hoy siguen siendo tan actuales como hace 4 d\u00e9cadas.<\/p>\n<p class=\"ft-text\">\u00bfHay alguna posibilidad de que Mecano vuelva a los escenarios 27 a\u00f1os despu\u00e9s de su disoluci\u00f3n definitiva? Como ha reconocido Ana Torroja en su reaparici\u00f3n en los premios Women of the Year 2025 de Harper&#8217;s Bazaar, es muy complicado: \u00abLa Oreja de Van Gogh ha sido sorprendente la verdad, porque nadie se lo esperaba. Bueno,<strong> yo no me lo esperaba.<\/strong> Me alegro mucho por ellos. En nuestro caso, de momento, no ha habido suerte\u00bb.<\/p>\n<p>\u00abComplicado\u00bb<\/p>\n<p class=\"ft-text\">\u00abYo me canso de repetir que es bastante complicado. No voy a decir imposible,<strong> por dejar un poquit\u00edn de esperanza<\/strong>, pero poca\u00bb se ha sincerado -ya que la relaci\u00f3n entre los hermanos Cano ser\u00eda muy distante- consol\u00e1ndose con que \u00abnuestra m\u00fasica sigue ah\u00ed, yo sigo cantanto esas canciones, y esta gira voy a hacer un peque\u00f1ito <a class=\"ft-link ft-link--decoration\" href=\"https:\/\/www.lne.es\/oviedo\/2023\/09\/17\/ana-torroja-invita-miki-colarse-92191223.html\" rel=\"nofollow noopener\" target=\"_blank\">homenaje<\/a> a Mecano\u00bb.<\/p>\n","protected":false},"excerpt":{"rendered":"Tras el comentad\u00edsimo regreso de Amaia Montero a &#8216;La Oreja de Van Gogh&#8217; 18 a\u00f1os despu\u00e9s de abandonar&hellip;\n","protected":false},"author":2,"featured_media":208113,"comment_status":"","ping_status":"","sticky":false,"template":"","format":"standard","meta":{"footnotes":""},"categories":[174],"tags":[683,44944,255,146,147,25,24,2793,256,4596,20220,27610,185,2596,23,44715],"class_list":{"0":"post-208112","1":"post","2":"type-post","3":"status-publish","4":"format-standard","5":"has-post-thumbnail","7":"category-famosos","8":"tag-ana","9":"tag-ana-torroja","10":"tag-celebrities","11":"tag-entertainment","12":"tag-entretenimiento","13":"tag-es","14":"tag-espana","15":"tag-espectaculos","16":"tag-famosos","17":"tag-habla","18":"tag-la-oreja-de-van-gogh","19":"tag-mecano","20":"tag-musica","21":"tag-regreso","22":"tag-spain","23":"tag-torroja"},"share_on_mastodon":{"url":"https:\/\/pubeurope.com\/@es\/115460210858300209","error":""},"_links":{"self":[{"href":"https:\/\/www.europesays.com\/es\/wp-json\/wp\/v2\/posts\/208112","targetHints":{"allow":["GET"]}}],"collection":[{"href":"https:\/\/www.europesays.com\/es\/wp-json\/wp\/v2\/posts"}],"about":[{"href":"https:\/\/www.europesays.com\/es\/wp-json\/wp\/v2\/types\/post"}],"author":[{"embeddable":true,"href":"https:\/\/www.europesays.com\/es\/wp-json\/wp\/v2\/users\/2"}],"replies":[{"embeddable":true,"href":"https:\/\/www.europesays.com\/es\/wp-json\/wp\/v2\/comments?post=208112"}],"version-history":[{"count":0,"href":"https:\/\/www.europesays.com\/es\/wp-json\/wp\/v2\/posts\/208112\/revisions"}],"wp:featuredmedia":[{"embeddable":true,"href":"https:\/\/www.europesays.com\/es\/wp-json\/wp\/v2\/media\/208113"}],"wp:attachment":[{"href":"https:\/\/www.europesays.com\/es\/wp-json\/wp\/v2\/media?parent=208112"}],"wp:term":[{"taxonomy":"category","embeddable":true,"href":"https:\/\/www.europesays.com\/es\/wp-json\/wp\/v2\/categories?post=208112"},{"taxonomy":"post_tag","embeddable":true,"href":"https:\/\/www.europesays.com\/es\/wp-json\/wp\/v2\/tags?post=208112"}],"curies":[{"name":"wp","href":"https:\/\/api.w.org\/{rel}","templated":true}]}}