{"id":208120,"date":"2025-10-30T00:16:08","date_gmt":"2025-10-30T00:16:08","guid":{"rendered":"https:\/\/www.europesays.com\/es\/208120\/"},"modified":"2025-10-30T00:16:08","modified_gmt":"2025-10-30T00:16:08","slug":"arrestan-a-la-pareja-de-emily-estefan-hija-de-gloria-estefan-por-violencia-domestica","status":"publish","type":"post","link":"https:\/\/www.europesays.com\/es\/208120\/","title":{"rendered":"Arrestan a la pareja de Emily Estefan, hija de Gloria Estefan, por violencia dom\u00e9stica"},"content":{"rendered":"<p class=\"c-paragraph\">La Polic\u00eda de Florida ha detenido a la artista cubanoestadounidense Gemeny Hern\u00e1ndez por un presunto caso de<b> violencia dom\u00e9stica<\/b> contra su pareja Emily Estefan, la cantante e hija de Gloria y Emilio Estefan, seg\u00fan documentos judiciales a los que Efe accedi\u00f3 este mi\u00e9rcoles.\u00a0<\/p>\n<p class=\"c-paragraph\">Hern\u00e1ndez, de 31 a\u00f1os de edad y pareja de Estefan desde hace unos ocho a\u00f1os, fue<b> detenida este martes en Miami<\/b> bajo cargos de robo con violencia y agresi\u00f3n menor, seg\u00fan el informe policial.\u00a0La v\u00edctima present\u00f3 una declaraci\u00f3n jurada afirmando que Hern\u00e1ndez \u00able arrebat\u00f3 el tel\u00e9fono m\u00f3vil de la mano y la golpe\u00f3 con \u00e9l\u00bb, dice el informe.\u00a0<\/p>\n<p class=\"c-paragraph\">\u00abLa v\u00edctima y el sujeto son pareja dom\u00e9stica desde hace aproximadamente ocho a\u00f1os y viven juntas\u00bb, establece el reporte, que no revela el nombre de Emily. Tras varios forcejeos, la v\u00edctima relat\u00f3 a la Polic\u00eda que recuper\u00f3 su tel\u00e9fono y<b> llam\u00f3 al 911 para reportar el incidente<\/b>.\u00a0<\/p>\n<p class=\"c-paragraph\">La v\u00edctima sufri\u00f3 \u00abheridas leves, consistentes en una <b>contusi\u00f3n en el ojo izquierdo y ara\u00f1azos en el lado derecho del cuello<\/b>\u00ab, explica el informe. La acusada \u00abneg\u00f3 haberle quitado directamente el tel\u00e9fono a la v\u00edctima\u00bb en su entrevista en la Oficina de Investigaciones de robos, pero \u00abadmiti\u00f3 haber participado en la confrontaci\u00f3n f\u00edsica\u00bb.\u00a0<\/p>\n<p class=\"c-paragraph\">Hern\u00e1ndez ingres\u00f3 al centro penitenciario Turner Guilford Knight Correctional Center, donde <b>pag\u00f3 una fianza de 3.000 d\u00f3lares<\/b>, seg\u00fan la base de datos del Condado de Miami-Dade.\u00a0<\/p>\n<p class=\"c-paragraph\">Estefan y Hern\u00e1ndez son una pareja homosexual que se ha mostrado siempre abiertamente en redes sociales y medios, y son presentadoras del p\u00f3dcast de m\u00fasica, identidad y diversidad In Our Own World, que <b>dej\u00f3 de emitir nuevos episodios<\/b> desde abril pasado.<\/p>\n","protected":false},"excerpt":{"rendered":"La Polic\u00eda de Florida ha detenido a la artista cubanoestadounidense Gemeny Hern\u00e1ndez por un presunto caso de violencia&hellip;\n","protected":false},"author":2,"featured_media":208121,"comment_status":"","ping_status":"","sticky":false,"template":"","format":"standard","meta":{"footnotes":""},"categories":[91],"tags":[56581,27182,146,147,25,24,10130,3983,2477,23],"class_list":{"0":"post-208120","1":"post","2":"type-post","3":"status-publish","4":"format-standard","5":"has-post-thumbnail","7":"category-entretenimiento","8":"tag-arrestan","9":"tag-emily","10":"tag-entertainment","11":"tag-entretenimiento","12":"tag-es","13":"tag-espana","14":"tag-estefan","15":"tag-hija","16":"tag-pareja","17":"tag-spain"},"share_on_mastodon":{"url":"https:\/\/pubeurope.com\/@es\/115460242452912573","error":""},"_links":{"self":[{"href":"https:\/\/www.europesays.com\/es\/wp-json\/wp\/v2\/posts\/208120","targetHints":{"allow":["GET"]}}],"collection":[{"href":"https:\/\/www.europesays.com\/es\/wp-json\/wp\/v2\/posts"}],"about":[{"href":"https:\/\/www.europesays.com\/es\/wp-json\/wp\/v2\/types\/post"}],"author":[{"embeddable":true,"href":"https:\/\/www.europesays.com\/es\/wp-json\/wp\/v2\/users\/2"}],"replies":[{"embeddable":true,"href":"https:\/\/www.europesays.com\/es\/wp-json\/wp\/v2\/comments?post=208120"}],"version-history":[{"count":0,"href":"https:\/\/www.europesays.com\/es\/wp-json\/wp\/v2\/posts\/208120\/revisions"}],"wp:featuredmedia":[{"embeddable":true,"href":"https:\/\/www.europesays.com\/es\/wp-json\/wp\/v2\/media\/208121"}],"wp:attachment":[{"href":"https:\/\/www.europesays.com\/es\/wp-json\/wp\/v2\/media?parent=208120"}],"wp:term":[{"taxonomy":"category","embeddable":true,"href":"https:\/\/www.europesays.com\/es\/wp-json\/wp\/v2\/categories?post=208120"},{"taxonomy":"post_tag","embeddable":true,"href":"https:\/\/www.europesays.com\/es\/wp-json\/wp\/v2\/tags?post=208120"}],"curies":[{"name":"wp","href":"https:\/\/api.w.org\/{rel}","templated":true}]}}