{"id":208122,"date":"2025-10-30T00:17:08","date_gmt":"2025-10-30T00:17:08","guid":{"rendered":"https:\/\/www.europesays.com\/es\/208122\/"},"modified":"2025-10-30T00:17:08","modified_gmt":"2025-10-30T00:17:08","slug":"anunciada-la-edicion-deluxe-de-resident-evil-requiem","status":"publish","type":"post","link":"https:\/\/www.europesays.com\/es\/208122\/","title":{"rendered":"Anunciada la edici\u00f3n Deluxe de Resident Evil Requiem"},"content":{"rendered":"<p>&#13;<br \/>\nCapcom ha anunciado varias novedades relativas a Resident Evil Requiem, la pr\u00f3xima entrega de su popular franquicia de juegos de terror.&#13;\n<\/p>\n<p>&#13;<br \/>\nPara empezar, se ha desvelado que Requiem tendr\u00e1 una edici\u00f3n Deluxe aparte de la est\u00e1ndar, la cual costar\u00e1 89,99\u20ac. Esta incluir\u00e1, aparte del juego base, cinco trajes extra (incluyendo uno de Dimitrescu para Grace), dos filtros (incluyendo uno llamado Apocalypse), cuatro skins para armas (incluyendo la Apocalypse para la S&amp;S M232), dos amuletos para armas (incluyendo el de Mr. Raccoon), el paquete de audio Raccoon City Classic y los archivos Letters from 1998.&#13;\n<\/p>\n<p>&#13;<br \/>\nAdem\u00e1s, las reservas tambi\u00e9n recibir\u00e1n el traje Apocalypse para Grace, tanto en la edici\u00f3n est\u00e1ndar como en la Deluxe.&#13;\n<\/p>\n<p>&#13;<br \/>\nPara los usuarios de Nintendo Switch 2 se pondr\u00e1 a la venta el bundle Resident Evil Generation Pack. Su precio ser\u00e1 de 89,99 d\u00f3lares e incluir\u00e1 Game-key Cards de Resident Evil 7 Biohazard Gold Edition, Resident Evil Village Gold Edition y Resident Evil Requiem.&#13;\n<\/p>\n<p>&#13;<br \/>\nNo es la \u00fanica sorpresa para los usuarios de la consola h\u00edbrida de Nintendo, puesto que el d\u00eda de lanzamiento se pondr\u00e1 a la venta un mando Pro de Switch 2 con decoraci\u00f3n de Resident Evil, y a lo largo de 2026 llegar\u00e1 un amiibo de Grace (el primero de Resident Evil).&#13;\n<\/p>\n<p>&#13;<br \/>\nFinalmente, los usuarios que compren Resident Evil Requiem para PC en la Epic Games Store recibir\u00e1n varios objetos para Fortnite, incluyendo una skin de Grace.&#13;\n<\/p>\n<p>&#13;<br \/>\nResident Evil Requiem se pondr\u00e1 a la venta el 27 de febrero de 2026 y contar\u00e1 con versiones para PlayStation 5, Xbox Series X\/S, Nintendo Switch 2 y PC.&#13;\n<\/p>\n<p><a class=\"button video\" href=\"https:\/\/www.youtube.com\/watch?v=SQODLCylKbM\" rel=\"noopener nofollow\" target=\"_blank\">Ver en YouTube<\/a><\/p>\n","protected":false},"excerpt":{"rendered":"&#13; Capcom ha anunciado varias novedades relativas a Resident Evil Requiem, la pr\u00f3xima entrega de su popular franquicia&hellip;\n","protected":false},"author":2,"featured_media":208123,"comment_status":"","ping_status":"","sticky":false,"template":"","format":"standard","meta":{"footnotes":""},"categories":[81],"tags":[119,123,124,25,24,117,121,122,23,118,120],"class_list":{"0":"post-208122","1":"post","2":"type-post","3":"status-publish","4":"format-standard","5":"has-post-thumbnail","7":"category-ciencia-y-tecnologia","8":"tag-ciencia","9":"tag-ciencia-y-tecnologia","10":"tag-cienciaytecnologia","11":"tag-es","12":"tag-espana","13":"tag-science","14":"tag-science-and-technology","15":"tag-scienceandtechnology","16":"tag-spain","17":"tag-technology","18":"tag-tecnologia"},"share_on_mastodon":{"url":"https:\/\/pubeurope.com\/@es\/115460246264029061","error":""},"_links":{"self":[{"href":"https:\/\/www.europesays.com\/es\/wp-json\/wp\/v2\/posts\/208122","targetHints":{"allow":["GET"]}}],"collection":[{"href":"https:\/\/www.europesays.com\/es\/wp-json\/wp\/v2\/posts"}],"about":[{"href":"https:\/\/www.europesays.com\/es\/wp-json\/wp\/v2\/types\/post"}],"author":[{"embeddable":true,"href":"https:\/\/www.europesays.com\/es\/wp-json\/wp\/v2\/users\/2"}],"replies":[{"embeddable":true,"href":"https:\/\/www.europesays.com\/es\/wp-json\/wp\/v2\/comments?post=208122"}],"version-history":[{"count":0,"href":"https:\/\/www.europesays.com\/es\/wp-json\/wp\/v2\/posts\/208122\/revisions"}],"wp:featuredmedia":[{"embeddable":true,"href":"https:\/\/www.europesays.com\/es\/wp-json\/wp\/v2\/media\/208123"}],"wp:attachment":[{"href":"https:\/\/www.europesays.com\/es\/wp-json\/wp\/v2\/media?parent=208122"}],"wp:term":[{"taxonomy":"category","embeddable":true,"href":"https:\/\/www.europesays.com\/es\/wp-json\/wp\/v2\/categories?post=208122"},{"taxonomy":"post_tag","embeddable":true,"href":"https:\/\/www.europesays.com\/es\/wp-json\/wp\/v2\/tags?post=208122"}],"curies":[{"name":"wp","href":"https:\/\/api.w.org\/{rel}","templated":true}]}}