{"id":208132,"date":"2025-10-30T00:31:12","date_gmt":"2025-10-30T00:31:12","guid":{"rendered":"https:\/\/www.europesays.com\/es\/208132\/"},"modified":"2025-10-30T00:31:12","modified_gmt":"2025-10-30T00:31:12","slug":"copa-del-rey-festin-con-final-amargo-para-osasuna","status":"publish","type":"post","link":"https:\/\/www.europesays.com\/es\/208132\/","title":{"rendered":"Copa del Rey | Fest\u00edn con final amargo para Osasuna"},"content":{"rendered":"<p>\n        Cumpli\u00f3 este mi\u00e9rcoles <strong>Osasuna <\/strong>con su obligaci\u00f3n de <strong>eliminar en la primera ronda de la Copa <\/strong>a un rival de cinco categor\u00edas menos, el Sant Jordi mallorqu\u00edn, al que endos\u00f3 cinco goles, los tres primeros obra de Ra\u00fal Garc\u00eda de Haro, un fest\u00edn con final amargo por <a href=\"https:\/\/www.noticiasdenavarra.com\/osasuna\/2025\/10\/29\/sant-jordi-osasuna-iker-benito-10282553.html\" title=\"la lesi\u00f3n de Iker Benito en el \u00faltimo minuto del partido.\" target=\"_blank\" class=\"link copy\" rel=\"nofollow noopener\">la lesi\u00f3n de Iker Benito en el \u00faltimo minuto del partido.<\/a>\n<\/p>\n<p class=\"article-body__text \">\n        Aunque todav\u00eda se desconoce el alcance exacto de la lesi\u00f3n y el club navarro inform\u00f3 a \u00faltima hora de que, tras una primera exploraci\u00f3n, el futbolista de Miranda de Ebro (Burgos) <strong>hab\u00eda sufrido un traumatismo en su rodilla derecha,<\/strong> lo cierto es que tambi\u00e9n a\u00f1adi\u00f3 en una escueta nota que, a falta de las pruebas m\u00e9dicas que le deben realizar a\u00fan al canterano, las sensaciones no son buenas.\u00a0\n<\/p>\n<blockquote class=\"twitter-tweet\" data-lang=\"es\" wp_automatic_readability=\"4.1594202898551\">\n<p lang=\"es\" dir=\"ltr\">\ud83d\udc4c As\u00ed ha sido el segundo tanto rojillo. <\/p>\n<p>Golazo, <a href=\"https:\/\/twitter.com\/raulgdh9?ref_src=twsrc%5Etfw\" rel=\"nofollow noopener\" target=\"_blank\">@raulgdh9<\/a> <\/p>\n<p><a href=\"https:\/\/t.co\/sKM44265rG\" rel=\"nofollow\">pic.twitter.com\/sKM44265rG<\/a><\/p>\n<p>\u2014 C. A. OSASUNA (@Osasuna) <a href=\"https:\/\/twitter.com\/Osasuna\/status\/1983608527819256302?ref_src=twsrc%5Etfw\" rel=\"nofollow noopener\" target=\"_blank\">29 de octubre de 2025<\/a><\/p><\/blockquote>\n<p class=\"article-body__text \">\n        \u00a0En lo puramente deportivo, <strong>Osasuna dej\u00f3 la eliminatoria vista para sentencia<\/strong> en una primera parte en la que, no obstante, el Sant Jordi le dio un par de sustos. El primero, en el minuto 8, con un disparo lejano de Pedro, pichichi del cuadro local, despu\u00e9s de una p\u00e9rdida de bal\u00f3n de Jon Garc\u00eda y que estuvo a punto de sorprender a Aitor Fern\u00e1ndez, ligeramente adelantado, aunque el bal\u00f3n se march\u00f3 por poco por encima de la porter\u00eda rojilla. Y el segundo, en el minuto 20, con un centro desde la banda derecha que no encontr\u00f3 rematador pese a que el bal\u00f3n se pase\u00f3 por las inmediaciones del cancerbero rojillo.\n<\/p>\n<p><strong>Ficha t\u00e9cnica:<\/strong><\/p>\n<p>0 &#8211; Sant Jordi: Alejandro Coll (Xisco Verger, m.83); Cameron Ram\u00edrez, Gary Ru\u00edz, Jos\u00e9 Custodio (\u00c1lex Valiente, m.53), Javi Font, Tom\u00e1s Gallardo; Tomeu Llin\u00e0s (Caseiro, m.53), Sergio Roque (Marc Olmedo, m.67), Xisco Olmedo; \u00c1lex Pons (Caseiro, m.67), Pedro Rodr\u00edguez.<\/p>\n<p>5 &#8211; Osasuna: Aitor Fern\u00e1ndez, \u00cdker Benito, Jon Garc\u00eda (Arroyo, m.46), Jorge Herrando, Juan Cruz (Chasco, m.61); Echegoyen (Budimir, m.66), \u00cdker Mu\u00f1oz, Pedroarena (Torr\u00f3, m.61); Osambela, Ra\u00fal Garc\u00eda (Rub\u00e9n Garc\u00eda, m.77), Kike Barja.<\/p>\n<p>Goles: 0-1, m.34, Ra\u00fal Garc\u00eda (p.), 0-2, m.43, Ra\u00fal Garc\u00eda; 0-3, m.62, Ra\u00fal Garc\u00eda; 0-4, m.83, Budimir; 0-5, m.86, Kike Barja.<\/p>\n<p>\u00c1rbitro: Miguel \u00c1ngel Ortiz (Comit\u00e9 madrile\u00f1o). No hubo amonestaciones.<\/p>\n<p>Incidencias: Encuentro correspondiente a la primera eliminatoria de la Copa del Rey entre CD Sant Jordi y CA Osasuna en Son Malferit ante 2.000 personas.<\/p>\n<p class=\"article-body__text \">\n        En cualquier caso, entre susto y susto,<strong> los rojillos probaron fortuna con un buen pu\u00f1ado de centros de Kike Barja<\/strong>, que no par\u00f3 de abastecer a sus compa\u00f1eros, aunque con escaso \u00e9xito en el remate. El m\u00e1s certero, a la tercera, fue Ra\u00fal, que antes de adelantar a su equipo se top\u00f3 con el portero del Sant Jordi, un Alejandro Coll que tambi\u00e9n se luci\u00f3 a un par de buenos disparos de Jon Garc\u00eda desde la frontal del \u00e1rea. Con el paso de los minutos, Osasuna se adue\u00f1\u00f3 de la pelota y dej\u00f3 de sufrir.<strong> Y acab\u00f3 con el sue\u00f1o local merced a un claro penalti de Jos\u00e9 Custodio<\/strong>, que se pas\u00f3 de frenada, sobre Mart\u00edn Pedroarena, pena m\u00e1xima que Ra\u00fal Garc\u00eda de Haro aprovech\u00f3 para firmar el 0-1 en el minuto 34, mientras que nueve despu\u00e9s, casi al borde del descanso, hizo el 0-2 al controlar de manera magistral con su pierna derecha un buen pase de Osamblea, central otra vez, y poner el bal\u00f3n lejos del alcance del cancerbero local con su pierna izquierda.\u00a0\n<\/p>\n<p>            <a href=\"https:\/\/www.noticiasdenavarra.com\/futbol\/2025\/10\/29\/cronica-mutilvera-zaragoza-sueno-copero-desvanece-diez-minutos-10282357.html\" title=\"El sue\u00f1o copero se desvanece en diez minutos en Mutilva\" class=\"new__media\" rel=\"nofollow noopener\" target=\"_blank\"><\/p>\n<p>                <img alt=\"El sue\u00f1o copero se desvanece en diez minutos en Mutilva\" data-src=\"https:\/\/www.europesays.com\/es\/wp-content\/uploads\/2025\/10\/5b19a4ee-64d3-4443-9a7a-24183449ea6e_16-9-aspect-ratio_default_0_x861y748.jpg\" class=\"lozad\"\/><\/p>\n<p>        <\/a><\/p>\n<p>        <a href=\"https:\/\/www.noticiasdenavarra.com\/futbol\/2025\/10\/29\/cronica-mutilvera-zaragoza-sueno-copero-desvanece-diez-minutos-10282357.html\" title=\"El sue\u00f1o copero se desvanece en diez minutos en Mutilva\" class=\"new__headline\" rel=\"nofollow noopener\" target=\"_blank\"><br \/>\n            El sue\u00f1o copero se desvanece en diez minutos en Mutilva<br \/>\n        <\/a><\/p>\n<p class=\"article-body__text \">\n        \u00a0Con todo resuelto, en la segunda parte quedaba por ver cu\u00e1ntos goles m\u00e1s iba a ser capaz de meter Osasuna. Logr\u00f3 tres. El tercero lo marc\u00f3 de nuevo a Ra\u00fal a pase de Iker Benito. Lleg\u00f3 en el minuto 62 y no 13 antes porque a Ra\u00fal se le escap\u00f3 fuera por muy poco un remate tambi\u00e9n a pase de Iker Benito. Ante Budimir, que jug\u00f3 los \u00faltimos 26 minutos del encuentro saliendo desde el banquillo, se sum\u00f3 a la fiesta goleadora de su equipo al aprovechar una asistencia de Roberto Arroyo, uno de los cinco futbolistas que debutaron con el primer equipo de Osasuna \u2013tambi\u00e9n se estrenaron en partido oficial Mauro Echegoyen, Jon Garc\u00eda y Mart\u00edn Pedroarena, los tres como titulares, mientras que Ra\u00fal Chasco lo hizo sustituyendo a Juan Cruz en el tramo final\u2013. Cerr\u00f3 la goleada Kike Barja con un tanto de alta alcurnia.\n<\/p>\n<p class=\"article-body__text \">\n        El extremo dribl\u00f3 primero a un rival y puso luego el bal\u00f3n lejos del alcance del guardameta local, golpeando la pelota en el larguero antes de acabar dentro de la porter\u00eda. Pudo ser la guinda a una victoria dulce que <strong>se torn\u00f3 amarga por la lesi\u00f3n de Iker Benito,<\/strong> ya que en el club temen un problema gordo en su rodilla derecha.\n<\/p>\n<p>            <script async src=\"https:\/\/platform.twitter.com\/widgets.js\" charset=\"utf-8\"><\/script><\/p>\n","protected":false},"excerpt":{"rendered":"Cumpli\u00f3 este mi\u00e9rcoles Osasuna con su obligaci\u00f3n de eliminar en la primera ronda de la Copa a un&hellip;\n","protected":false},"author":2,"featured_media":208133,"comment_status":"","ping_status":"","sticky":false,"template":"","format":"standard","meta":{"footnotes":""},"categories":[268],"tags":[2493,168,25,24,280,282,15265,12833,1464,621,5330,8729,281,23,167],"class_list":{"0":"post-208132","1":"post","2":"type-post","3":"status-publish","4":"format-standard","5":"has-post-thumbnail","7":"category-futbol","8":"tag-copa","9":"tag-deportes","10":"tag-es","11":"tag-espana","12":"tag-football","13":"tag-futbol","14":"tag-impone","15":"tag-jordi","16":"tag-ley","17":"tag-osasuna","18":"tag-rey","19":"tag-sant","20":"tag-soccer","21":"tag-spain","22":"tag-sports"},"share_on_mastodon":{"url":"https:\/\/pubeurope.com\/@es\/115460301414679739","error":""},"_links":{"self":[{"href":"https:\/\/www.europesays.com\/es\/wp-json\/wp\/v2\/posts\/208132","targetHints":{"allow":["GET"]}}],"collection":[{"href":"https:\/\/www.europesays.com\/es\/wp-json\/wp\/v2\/posts"}],"about":[{"href":"https:\/\/www.europesays.com\/es\/wp-json\/wp\/v2\/types\/post"}],"author":[{"embeddable":true,"href":"https:\/\/www.europesays.com\/es\/wp-json\/wp\/v2\/users\/2"}],"replies":[{"embeddable":true,"href":"https:\/\/www.europesays.com\/es\/wp-json\/wp\/v2\/comments?post=208132"}],"version-history":[{"count":0,"href":"https:\/\/www.europesays.com\/es\/wp-json\/wp\/v2\/posts\/208132\/revisions"}],"wp:featuredmedia":[{"embeddable":true,"href":"https:\/\/www.europesays.com\/es\/wp-json\/wp\/v2\/media\/208133"}],"wp:attachment":[{"href":"https:\/\/www.europesays.com\/es\/wp-json\/wp\/v2\/media?parent=208132"}],"wp:term":[{"taxonomy":"category","embeddable":true,"href":"https:\/\/www.europesays.com\/es\/wp-json\/wp\/v2\/categories?post=208132"},{"taxonomy":"post_tag","embeddable":true,"href":"https:\/\/www.europesays.com\/es\/wp-json\/wp\/v2\/tags?post=208132"}],"curies":[{"name":"wp","href":"https:\/\/api.w.org\/{rel}","templated":true}]}}