{"id":208173,"date":"2025-10-30T01:06:09","date_gmt":"2025-10-30T01:06:09","guid":{"rendered":"https:\/\/www.europesays.com\/es\/208173\/"},"modified":"2025-10-30T01:06:09","modified_gmt":"2025-10-30T01:06:09","slug":"fuerzas-armadas-de-ee-uu-atacan-otro-barco-en-el-pacifico-y-matan-a-cuatro-personas","status":"publish","type":"post","link":"https:\/\/www.europesays.com\/es\/208173\/","title":{"rendered":"Fuerzas Armadas de EE.UU. atacan otro barco en el Pac\u00edfico y matan a cuatro personas"},"content":{"rendered":"<p>      CNN<br \/>\n        \u00a0\u2014\u00a0<\/p>\n<p class=\"paragraph inline-placeholder vossi-paragraph\" data-uri=\"es.cms.cnn.com\/_components\/paragraph\/instances\/cmhco65td000r2cqp8nt532oo@published\" data-editable=\"text\" data-component-name=\"paragraph\" data-article-gutter=\"true\">\n            Las Fuerzas Armadas de Estados Unidos realizaron un ataque contra una embarcaci\u00f3n en el oc\u00e9ano Pac\u00edfico este mi\u00e9rcoles, matando a cuatro personas, seg\u00fan el secretario de Defensa, Pete Hegseth.\n    <\/p>\n<p class=\"paragraph inline-placeholder vossi-paragraph\" data-uri=\"es.cms.cnn.com\/_components\/paragraph\/instances\/cmhcoawex0005356n2sns32ls@published\" data-editable=\"text\" data-component-name=\"paragraph\" data-article-gutter=\"true\">\n            \u201cEsta embarcaci\u00f3n, como todas las dem\u00e1s, era identificada por nuestra inteligencia como involucrada en el contrabando il\u00edcito de narc\u00f3ticos, transitaba por una ruta conocida de narcotr\u00e1fico y transportaba narc\u00f3ticos\u201d, dijo Hegseth en una <a href=\"https:\/\/nam11.safelinks.protection.outlook.com\/?url=https%3A%2F%2Fx.com%2FSecWar%2Fstatus%2F1983676996220588093&amp;data=05%7C02%7Candrea.saintmartin%40cnn.com%7C398c948a755e465fa7e008de1748e3c3%7C0eb48825e8714459bc72d0ecd68f1f39%7C0%7C0%7C638973799190466769%7CUnknown%7CTWFpbGZsb3d8eyJFbXB0eU1hcGkiOnRydWUsIlYiOiIwLjAuMDAwMCIsIlAiOiJXaW4zMiIsIkFOIjoiTWFpbCIsIldUIjoyfQ%3D%3D%7C0%7C%7C%7C&amp;sdata=wK%2BYSj%2BpvRX%2FabzqOWbwwIexlZVvaAOUXziEeXyRZ%2BE%3D&amp;reserved=0\" target=\"_blank\" rel=\"nofollow noopener\">publicaci\u00f3n en X.<\/a> Agreg\u00f3 que las fuerzas estadounidenses no sufrieron da\u00f1os.\n    <\/p>\n<p class=\"paragraph inline-placeholder vossi-paragraph\" data-uri=\"es.cms.cnn.com\/_components\/paragraph\/instances\/cmhcoawex0006356ntkt0fel3@published\" data-editable=\"text\" data-component-name=\"paragraph\" data-article-gutter=\"true\">\n            Las operaciones conocidas han causado la muerte de 61 personas a bordo de un total de 15 barcos.\n    <\/p>\n<p>       <img loading=\"lazy\" decoding=\"async\" src=\"https:\/\/www.europesays.com\/es\/wp-content\/uploads\/2025\/10\/horizontalhelicoper-1.jpg\" alt=\"horizontalHELICOPER (1).jpg\" class=\"image__dam-img image__dam-img--loading\" onload=\"this.classList.remove('image__dam-img--loading')\" onerror=\"imageLoadError(this)\" height=\"1125\" width=\"2000\"\/><\/p>\n<p> El uso pol\u00edtico del combate al narcotr\u00e1fico que implementa Trump en el Caribe, seg\u00fan experto\n                <\/p>\n<p> El uso pol\u00edtico del combate al narcotr\u00e1fico que implementa Trump en el Caribe, seg\u00fan experto<\/p>\n<p>00:58     <\/p>\n<p class=\"paragraph inline-placeholder vossi-paragraph\" data-uri=\"es.cms.cnn.com\/_components\/paragraph\/instances\/cmhcoawex0007356nylzb8qnk@published\" data-editable=\"text\" data-component-name=\"paragraph\" data-article-gutter=\"true\">\n            El Gobierno de Trump ha estado acelerando sus ataques contra embarcaciones que, seg\u00fan alegan, est\u00e1n involucradas en el tr\u00e1fico de drogas. La semana pasada, el Gobierno atac\u00f3 dos barcos en el este del oc\u00e9ano Pac\u00edfico, lo que pareci\u00f3 marcar una expansi\u00f3n de su campa\u00f1a, ya que los ataques anteriores hab\u00edan tenido como objetivo embarcaciones en el mar Caribe.\n    <\/p>\n","protected":false},"excerpt":{"rendered":"CNN \u00a0\u2014\u00a0 Las Fuerzas Armadas de Estados Unidos realizaron un ataque contra una embarcaci\u00f3n en el oc\u00e9ano Pac\u00edfico&hellip;\n","protected":false},"author":2,"featured_media":208174,"comment_status":"","ping_status":"","sticky":false,"template":"","format":"standard","meta":{"footnotes":""},"categories":[42],"tags":[56584,17,18,629,13,14,11,61,62,63,64,19,20,9,10,15,16,12,21,22,65,66,67],"class_list":{"0":"post-208173","1":"post","2":"type-post","3":"status-publish","4":"format-standard","5":"has-post-thumbnail","7":"category-internacional","8":"tag-ataques-en-el-caribe","9":"tag-breaking-news","10":"tag-breakingnews","11":"tag-estados-unidos","12":"tag-featured-news","13":"tag-featurednews","14":"tag-headlines","15":"tag-internacional","16":"tag-international","17":"tag-international-news","18":"tag-internationalnews","19":"tag-latest-news","20":"tag-latestnews","21":"tag-news","22":"tag-noticias","23":"tag-noticias-destacadas","24":"tag-noticiasdestacadas","25":"tag-titulares","26":"tag-ultimas-noticias","27":"tag-ultimasnoticias","28":"tag-world","29":"tag-world-news","30":"tag-worldnews"},"share_on_mastodon":{"url":"https:\/\/pubeurope.com\/@es\/115460439065430167","error":""},"_links":{"self":[{"href":"https:\/\/www.europesays.com\/es\/wp-json\/wp\/v2\/posts\/208173","targetHints":{"allow":["GET"]}}],"collection":[{"href":"https:\/\/www.europesays.com\/es\/wp-json\/wp\/v2\/posts"}],"about":[{"href":"https:\/\/www.europesays.com\/es\/wp-json\/wp\/v2\/types\/post"}],"author":[{"embeddable":true,"href":"https:\/\/www.europesays.com\/es\/wp-json\/wp\/v2\/users\/2"}],"replies":[{"embeddable":true,"href":"https:\/\/www.europesays.com\/es\/wp-json\/wp\/v2\/comments?post=208173"}],"version-history":[{"count":0,"href":"https:\/\/www.europesays.com\/es\/wp-json\/wp\/v2\/posts\/208173\/revisions"}],"wp:featuredmedia":[{"embeddable":true,"href":"https:\/\/www.europesays.com\/es\/wp-json\/wp\/v2\/media\/208174"}],"wp:attachment":[{"href":"https:\/\/www.europesays.com\/es\/wp-json\/wp\/v2\/media?parent=208173"}],"wp:term":[{"taxonomy":"category","embeddable":true,"href":"https:\/\/www.europesays.com\/es\/wp-json\/wp\/v2\/categories?post=208173"},{"taxonomy":"post_tag","embeddable":true,"href":"https:\/\/www.europesays.com\/es\/wp-json\/wp\/v2\/tags?post=208173"}],"curies":[{"name":"wp","href":"https:\/\/api.w.org\/{rel}","templated":true}]}}