{"id":208187,"date":"2025-10-30T01:22:11","date_gmt":"2025-10-30T01:22:11","guid":{"rendered":"https:\/\/www.europesays.com\/es\/208187\/"},"modified":"2025-10-30T01:22:11","modified_gmt":"2025-10-30T01:22:11","slug":"premios-billboard-de-la-musica-latina-2025-no-1-en-horario-estelar","status":"publish","type":"post","link":"https:\/\/www.europesays.com\/es\/208187\/","title":{"rendered":"Premios Billboard de la M\u00fasica Latina 2025 No. 1 en horario estelar"},"content":{"rendered":"<p class=\"paragraph larva \/\/ lrv-u-margin-lr-auto  lrv-a-font-body-m   \">\n\tLa transmisi\u00f3n en vivo de Telemundo de los Premios Billboard de la M\u00fasica Latina 2025 el jueves (23 de octubre) se posicion\u00f3 como el programa de entretenimiento No. 1 en horario estelar, independientemente del idioma, entre adultos de 18 a 49 a\u00f1os, seg\u00fan Nielsen.<\/p>\n<p class=\"paragraph larva \/\/ lrv-u-margin-lr-auto  lrv-a-font-body-m   \">\n\tEl informe, publicado el 28 de octubre, agrega adem\u00e1s que con un total de 1,7 millones de televidentes, la ceremonia de tres horas tambi\u00e9n fue el programa de premios No. 1 en la televisi\u00f3n en espa\u00f1ol en lo que va del a\u00f1o entre adultos de 18 a 49 a\u00f1os y el m\u00e1s visto de los Premios Billboard de la M\u00fasica Latina desde 2019.<\/p>\n<p class=\"paragraph larva \/\/ lrv-u-margin-lr-auto  lrv-a-font-body-m   \">\n\tEl show de este a\u00f1o estuvo lleno de estrellas e incluy\u00f3 presentaciones de<a href=\"https:\/\/www.billboard.com\/artist\/daddy-yankee\/\" rel=\"nofollow noopener\" target=\"_blank\"> Daddy Yankee<\/a>, Grupo Frontera, Emilia, Carlos Vives, Xavi, Wisin, Arthur Hanlon, Net\u00f3n Vega y \u00d3scar Maydon, entre otros. Tambi\u00e9n se entregaron premios especiales a <a href=\"https:\/\/www.billboard.com\/artist\/bad-bunny\/\" rel=\"nofollow noopener\" target=\"_blank\">Bad Bunny<\/a>, quien fue honrado con el Premio Billboard Artista Latino del Siglo 21; Elvis Crespo, quien recibi\u00f3 el Premio Billboard Sal\u00f3n de la Fama; Laura Pausini, reconocida con el Premio Billboard Icono, y Peso Pluma, quien recibi\u00f3 el primer Premio Billboard Vanguardia.<\/p>\n<p class=\"paragraph larva \/\/ lrv-u-margin-lr-auto  lrv-a-font-body-m   \">\n\tA nivel local, el programa de premios se posicion\u00f3 como el No. 1 independientemente del idioma en Los \u00c1ngeles, Nueva York, Miami, Phoenix, Orlando y Filadelfia. Adem\u00e1s, el evento logr\u00f3 159,5 millones de vistas de videos digitales y en redes sociales, un aumento de +50% en comparaci\u00f3n con la edici\u00f3n 2024, y 12,5 millones de interacciones sociales, un incremento de +229% a\u00f1o tras a\u00f1o en Telemundo.com, la aplicaci\u00f3n de Telemundo, Peacock, Facebook, Instagram, YouTube y TikTok.<\/p>\n<p class=\"paragraph larva \/\/ lrv-u-margin-lr-auto  lrv-a-font-body-m   \">\n\tConducida por Elizabeth Guti\u00e9rrez, Goyo y Javier Poza, la ceremonia tuvo a Bad Bunny, <a href=\"https:\/\/www.billboard.com\/artist\/karol-g\/\" rel=\"nofollow noopener\" target=\"_blank\">Karol G<\/a>\u00a0y\u00a0<a href=\"https:\/\/www.billboard.com\/artist\/fuerza-regida\/\" rel=\"nofollow noopener\" target=\"_blank\">Fuerza Regida<\/a> como los m\u00e1ximos ganadores de la noche. Bad Bunny se llev\u00f3 11 premios. Karol G le sigui\u00f3 de con seis galardones, Fuerza Regida obtuvo cinco, mientras que Peso Pluma, Net\u00f3n Vega y \u00d3scar Maydon ganaron m\u00faltiples premios.<\/p>\n","protected":false},"excerpt":{"rendered":"La transmisi\u00f3n en vivo de Telemundo de los Premios Billboard de la M\u00fasica Latina 2025 el jueves (23&hellip;\n","protected":false},"author":2,"featured_media":208188,"comment_status":"","ping_status":"","sticky":false,"template":"","format":"standard","meta":{"footnotes":""},"categories":[170],"tags":[146,147,25,24,9834,184,185,25201,36800,23],"class_list":{"0":"post-208187","1":"post","2":"type-post","3":"status-publish","4":"format-standard","5":"has-post-thumbnail","7":"category-musica","8":"tag-entertainment","9":"tag-entretenimiento","10":"tag-es","11":"tag-espana","12":"tag-genre-espau00f1ol","13":"tag-music","14":"tag-musica","15":"tag-premios-espau00f1ol","16":"tag-premios-billboard-espanol","17":"tag-spain"},"share_on_mastodon":{"url":"https:\/\/pubeurope.com\/@es\/115460501856810177","error":""},"_links":{"self":[{"href":"https:\/\/www.europesays.com\/es\/wp-json\/wp\/v2\/posts\/208187","targetHints":{"allow":["GET"]}}],"collection":[{"href":"https:\/\/www.europesays.com\/es\/wp-json\/wp\/v2\/posts"}],"about":[{"href":"https:\/\/www.europesays.com\/es\/wp-json\/wp\/v2\/types\/post"}],"author":[{"embeddable":true,"href":"https:\/\/www.europesays.com\/es\/wp-json\/wp\/v2\/users\/2"}],"replies":[{"embeddable":true,"href":"https:\/\/www.europesays.com\/es\/wp-json\/wp\/v2\/comments?post=208187"}],"version-history":[{"count":0,"href":"https:\/\/www.europesays.com\/es\/wp-json\/wp\/v2\/posts\/208187\/revisions"}],"wp:featuredmedia":[{"embeddable":true,"href":"https:\/\/www.europesays.com\/es\/wp-json\/wp\/v2\/media\/208188"}],"wp:attachment":[{"href":"https:\/\/www.europesays.com\/es\/wp-json\/wp\/v2\/media?parent=208187"}],"wp:term":[{"taxonomy":"category","embeddable":true,"href":"https:\/\/www.europesays.com\/es\/wp-json\/wp\/v2\/categories?post=208187"},{"taxonomy":"post_tag","embeddable":true,"href":"https:\/\/www.europesays.com\/es\/wp-json\/wp\/v2\/tags?post=208187"}],"curies":[{"name":"wp","href":"https:\/\/api.w.org\/{rel}","templated":true}]}}