{"id":208197,"date":"2025-10-30T01:29:08","date_gmt":"2025-10-30T01:29:08","guid":{"rendered":"https:\/\/www.europesays.com\/es\/208197\/"},"modified":"2025-10-30T01:29:08","modified_gmt":"2025-10-30T01:29:08","slug":"frans-timmermans-dimite-como-lider-progresista-tras-perder-las-elecciones-en-paises-bajos","status":"publish","type":"post","link":"https:\/\/www.europesays.com\/es\/208197\/","title":{"rendered":"Frans Timmermans dimite como l\u00edder progresista tras perder las elecciones en Pa\u00edses Bajos"},"content":{"rendered":"<p class=\"c-paragraph\">Frans Timmermans ha anunciado este mi\u00e9rcoles su dimisi\u00f3n como l\u00edder del bloque progresista de ecologistas y socialdem\u00f3cratas GroenLinks-PvdA, tras quedar en<b> tercer lugar en las elecciones generales celebradas en <a href=\"https:\/\/www.20minutos.es\/tags\/lugares\/paises-bajos.html\" title=\"Pa\u00edses Bajos\" rel=\"nofollow noopener\" target=\"_blank\">Pa\u00edses Bajos<\/a> <\/b>y perder cinco esca\u00f1os con respecto a los que ten\u00eda hasta ahora en el Parlamento neerland\u00e9s, seg\u00fan los sondeos a pie de urna.<\/p>\n<p class=\"c-paragraph\">El exvicepresidente de la Comisi\u00f3n Europea, que hab\u00eda dejado su cargo en Bruselas para volver a Pa\u00edses Bajos y liderar a los socialdem\u00f3cratas, ha asumido la <b>responsabilidad del resultado, que ha calificado de \u00abdecepcionante\u00bb. <\/b>Su alianza no ha logrado imponerse a la derecha radical de Geert Wilders (PVV) ni al partido liberal progresista D66, que lidera Rob Jetten.<\/p>\n<p class=\"c-paragraph\">\u00abEstoy profundamente decepcionado, porque <b>hemos luchado con todas nuestras fuerzas<\/b> por un programa que ayudara a Pa\u00edses Bajos a avanzar de forma social\u00bb, ha declarado Timmermans ante sus seguidores en \u00c1msterdam, antes de anunciar que cede el liderazgo a \u00abuna nueva generaci\u00f3n\u00bb.<\/p>\n<p class=\"c-paragraph\">El dirigente ha asegurado que abandona su cargo \u00abcon dolor en el coraz\u00f3n\u00bb, pero convencido de que el movimiento que representa \u00abseguir\u00e1 luchando\u00bb por un Pa\u00edses Bajos \u00abfuerte, solidario, sostenible y orientado al futuro\u00bb. \u00ab<b>Est\u00e1 claro que, por la raz\u00f3n que sea, no he logrado persuadir a la gente. As\u00ed que ha llegado el momento de dar un paso atr\u00e1s <\/b>y ceder el liderazgo de nuestro movimiento a una nueva generaci\u00f3n. Esta noche me despido como vuestro l\u00edder de partido, con dolor en el coraz\u00f3n, pero eso es lo que debe hacer quien ejerce el liderazgo cuando su direcci\u00f3n no produce el resultado esperado\u00bb, ha manifestado.<\/p>\n<p class=\"c-paragraph\">El bloque que lideraba naci\u00f3 en 2023 de la uni\u00f3n entre los ecologistas de GroenLinks y los socialdem\u00f3cratas del Partido del Trabajo (PvdA), con el objetivo de presentar una candidatura \u00fanica y <b>fortalecer el voto progresista ante la fragmentaci\u00f3n pol\u00edtica del pa\u00eds<\/b>.\u00a0La alianza, in\u00e9dita en la pol\u00edtica neerlandesa reciente, buscaba combinar la agenda clim\u00e1tica verde con la tradici\u00f3n socialdem\u00f3crata de justicia econ\u00f3mica y cohesi\u00f3n social. Timmermans hab\u00eda centrado su campa\u00f1a en la lucha contra el cambio clim\u00e1tico y la defensa del Estado del bienestar, con la expectativa de unir a la izquierda frente al avance de la derecha radical.<\/p>\n<p class=\"c-paragraph\">Seg\u00fan el sondeo de Ipsos I&amp;O, difundido al cierre de los colegios electorales, <b>GroenLinks-PvdA habr\u00eda obtenido 20 de los 150 esca\u00f1os del Parlamento neerland\u00e9s<\/b>, lejos de los 27 de D66 y los 25 del PVV, que se disputan la victoria de las elecciones celebradas este mi\u00e9rcoles en Pa\u00edses Bajos.\u00a0Incluso quedar\u00edan por debajo de los liberales de derechas del VVD, que se quedar\u00edan con 23 esca\u00f1os, uno menos que ahora, a pesar de que las encuestas de las \u00faltimas semanas les auguraban una debacle electoral.\u00a0<\/p>\n","protected":false},"excerpt":{"rendered":"Frans Timmermans ha anunciado este mi\u00e9rcoles su dimisi\u00f3n como l\u00edder del bloque progresista de ecologistas y socialdem\u00f3cratas GroenLinks-PvdA,&hellip;\n","protected":false},"author":2,"featured_media":208198,"comment_status":"","ping_status":"","sticky":false,"template":"","format":"standard","meta":{"footnotes":""},"categories":[42],"tags":[17,18,2334,13,14,56586,11,61,62,63,64,19,20,5564,9,10,15,16,56588,56587,12,21,22,65,66,67],"class_list":{"0":"post-208197","1":"post","2":"type-post","3":"status-publish","4":"format-standard","5":"has-post-thumbnail","7":"category-internacional","8":"tag-breaking-news","9":"tag-breakingnews","10":"tag-dimite","11":"tag-featured-news","12":"tag-featurednews","13":"tag-frans","14":"tag-headlines","15":"tag-internacional","16":"tag-international","17":"tag-international-news","18":"tag-internationalnews","19":"tag-latest-news","20":"tag-latestnews","21":"tag-lider","22":"tag-news","23":"tag-noticias","24":"tag-noticias-destacadas","25":"tag-noticiasdestacadas","26":"tag-progresista","27":"tag-timmermans","28":"tag-titulares","29":"tag-ultimas-noticias","30":"tag-ultimasnoticias","31":"tag-world","32":"tag-world-news","33":"tag-worldnews"},"share_on_mastodon":{"url":"https:\/\/pubeurope.com\/@es\/115460530198418528","error":""},"_links":{"self":[{"href":"https:\/\/www.europesays.com\/es\/wp-json\/wp\/v2\/posts\/208197","targetHints":{"allow":["GET"]}}],"collection":[{"href":"https:\/\/www.europesays.com\/es\/wp-json\/wp\/v2\/posts"}],"about":[{"href":"https:\/\/www.europesays.com\/es\/wp-json\/wp\/v2\/types\/post"}],"author":[{"embeddable":true,"href":"https:\/\/www.europesays.com\/es\/wp-json\/wp\/v2\/users\/2"}],"replies":[{"embeddable":true,"href":"https:\/\/www.europesays.com\/es\/wp-json\/wp\/v2\/comments?post=208197"}],"version-history":[{"count":0,"href":"https:\/\/www.europesays.com\/es\/wp-json\/wp\/v2\/posts\/208197\/revisions"}],"wp:featuredmedia":[{"embeddable":true,"href":"https:\/\/www.europesays.com\/es\/wp-json\/wp\/v2\/media\/208198"}],"wp:attachment":[{"href":"https:\/\/www.europesays.com\/es\/wp-json\/wp\/v2\/media?parent=208197"}],"wp:term":[{"taxonomy":"category","embeddable":true,"href":"https:\/\/www.europesays.com\/es\/wp-json\/wp\/v2\/categories?post=208197"},{"taxonomy":"post_tag","embeddable":true,"href":"https:\/\/www.europesays.com\/es\/wp-json\/wp\/v2\/tags?post=208197"}],"curies":[{"name":"wp","href":"https:\/\/api.w.org\/{rel}","templated":true}]}}