{"id":208211,"date":"2025-10-30T01:45:26","date_gmt":"2025-10-30T01:45:26","guid":{"rendered":"https:\/\/www.europesays.com\/es\/208211\/"},"modified":"2025-10-30T01:45:26","modified_gmt":"2025-10-30T01:45:26","slug":"this-is-michael-enciende-a-guadalajara-en-el-teatro-diana-grupo-milenio","status":"publish","type":"post","link":"https:\/\/www.europesays.com\/es\/208211\/","title":{"rendered":"This is Michael enciende a Guadalajara en el Teatro Diana- Grupo Milenio"},"content":{"rendered":"<p>\t\t\t\t\t\t\t\t\t\t\tAlfonso Guti\u00e9rrez<\/p>\n<p>\n\t\t\t\t\tGuadalajara \/ 26.10.2025 14:40:00<\/p>\n<p><strong>Michael Jackson sigue siendo un favorito para miles<\/strong> de personas en Guadalajara, y no solo para aquellos que crecieron viviendo la gloria de la era \u00abThriller\u00bb, en los a\u00f1os 80, o el periodo \u00abDangerous\u00bb, en los noventa, sino tambi\u00e9n para ni\u00f1os y adolescentes que vieron la luz despu\u00e9s de 2009, a\u00f1o en el que muri\u00f3 el Rey del pop. <\/p>\n<p>As\u00ed qued\u00f3 demostrado, ayer por la noche, en la segunda visita del espect\u00e1culo internacional This Is Michael, en el teatro Diana; cita a la que acudieron alrededor de <strong>dos mil espectadores, entre ex veintea\u00f1eros de los a\u00f1os 80<\/strong>, que ahora superan los 60 a\u00f1os de edad; adultos mayores de 30-50 a\u00f1os de edad, y entusiastas ni\u00f1os y ni\u00f1as menores de diez a\u00f1os de edad.<\/p>\n<p><strong style=\"color: rgb(192, 80, 77);\">\u00bfC\u00f3mo fue el espect\u00e1culo This is Michael?<\/strong><\/p>\n<p>El espect\u00e1culo homenaje al llamado \u00abArtista m\u00e1s grande de todos los tiempos\u00bb, ofreci\u00f3 m\u00e1s de dos horas de canciones cantadas y con m\u00fasicos tocando en vivo, adem\u00e1s de un grupo de bailarines que recre\u00f3 <strong>las ic\u00f3nicas coreograf\u00edas de los principales videos de Jackson<\/strong>, o las rutinas de baile que fueron parte de giras como Bad Tour; Dangerous Tour; o HIStory Tour.<\/p>\n<p>El protagonista del show tributo es el brasile\u00f1o <strong>Lenny Jay<\/strong>, quien ofrece una perfecta evocaci\u00f3n de Michael Jackson, no solo luce como \u00e9l, gracias al ejercicio, vestuario y maquillaje, sino tambi\u00e9n baila como \u00e9l, y algo mejor: canta como \u00e9l, evidenciando que detr\u00e1s de su desempe\u00f1o esc\u00e9nico hay un profundo trabajo vocal y coreogr\u00e1fico.<\/p>\n<p><strong>Jay y compa\u00f1\u00eda tomaron de la mano al p\u00fablico <\/strong>y lograron lo inimaginable: traer de vuelta a Jackson, en cada uno de los n\u00fameros.<\/p>\n<p>Durante el espect\u00e1culo, entregaron \u00e9xitos del Rey del pop, como: \u00abWanna be startin&#8217; something\u00bb, \u00abSmooth criminal\u00bb, \u00abJam\u00bb, \u00abWe are The world\u00bb, un medley de los Jackson 5 y The Jacksons, y las m\u00e1s celebradas: \u00abDon&#8217;t stop &#8216;till you get enough\u00bb, \u00abThe way you make me feel\u00bb, \u00abBeat It\u00bb, \u00abBad\u00bb, \u00abThriller\u00bb, y la siempre poderosa \u00abBillie Jean\u00bb, con paso &#8216;moonwalk&#8217; incluido.<\/p>\n<p>Al final, la euforia del p\u00fablico, mientras se retiraba del foro, era perceptible en comentarios a favor, ni\u00f1os imitando pasos de baile, toma de fotos y m\u00e1s.<\/p>\n<p>SRN<\/p>\n<p>    \t<img decoding=\"async\" alt=\"__icon\" class=\"nd-related-news-detail-media-dual__icon\" src=\"https:\/\/www.milenio.com\/bundles\/appcamusassets\/dist\/images\/svg\/arrow-circle-right-solid.svg\" width=\"15\" height=\"15\" onerror=\"this.onerror=null;this.src=\\'\/bundles\/appcamusassets\/dist\/images\/logo-Milenio-2.jpg\\'\" loading=\"lazy\"\/><br \/>\n    Te recomendamos<\/p>\n<p>\u200b<\/p>\n","protected":false},"excerpt":{"rendered":"Alfonso Guti\u00e9rrez Guadalajara \/ 26.10.2025 14:40:00 Michael Jackson sigue siendo un favorito para miles de personas en Guadalajara,&hellip;\n","protected":false},"author":2,"featured_media":208212,"comment_status":"","ping_status":"","sticky":false,"template":"","format":"standard","meta":{"footnotes":""},"categories":[170],"tags":[146,147,25,24,56593,56095,184,185,56594,23,56592],"class_list":{"0":"post-208211","1":"post","2":"type-post","3":"status-publish","4":"format-standard","5":"has-post-thumbnail","7":"category-musica","8":"tag-entertainment","9":"tag-entretenimiento","10":"tag-es","11":"tag-espana","12":"tag-imitadores-de-michael-jackson","13":"tag-lenny-jay","14":"tag-music","15":"tag-musica","16":"tag-show-en-teatro-diana","17":"tag-spain","18":"tag-this-is-michael"},"share_on_mastodon":{"url":"https:\/\/pubeurope.com\/@es\/115460592506092948","error":""},"_links":{"self":[{"href":"https:\/\/www.europesays.com\/es\/wp-json\/wp\/v2\/posts\/208211","targetHints":{"allow":["GET"]}}],"collection":[{"href":"https:\/\/www.europesays.com\/es\/wp-json\/wp\/v2\/posts"}],"about":[{"href":"https:\/\/www.europesays.com\/es\/wp-json\/wp\/v2\/types\/post"}],"author":[{"embeddable":true,"href":"https:\/\/www.europesays.com\/es\/wp-json\/wp\/v2\/users\/2"}],"replies":[{"embeddable":true,"href":"https:\/\/www.europesays.com\/es\/wp-json\/wp\/v2\/comments?post=208211"}],"version-history":[{"count":0,"href":"https:\/\/www.europesays.com\/es\/wp-json\/wp\/v2\/posts\/208211\/revisions"}],"wp:featuredmedia":[{"embeddable":true,"href":"https:\/\/www.europesays.com\/es\/wp-json\/wp\/v2\/media\/208212"}],"wp:attachment":[{"href":"https:\/\/www.europesays.com\/es\/wp-json\/wp\/v2\/media?parent=208211"}],"wp:term":[{"taxonomy":"category","embeddable":true,"href":"https:\/\/www.europesays.com\/es\/wp-json\/wp\/v2\/categories?post=208211"},{"taxonomy":"post_tag","embeddable":true,"href":"https:\/\/www.europesays.com\/es\/wp-json\/wp\/v2\/tags?post=208211"}],"curies":[{"name":"wp","href":"https:\/\/api.w.org\/{rel}","templated":true}]}}