{"id":208217,"date":"2025-10-30T01:50:10","date_gmt":"2025-10-30T01:50:10","guid":{"rendered":"https:\/\/www.europesays.com\/es\/208217\/"},"modified":"2025-10-30T01:50:10","modified_gmt":"2025-10-30T01:50:10","slug":"los-paisajes-del-otono-se-dibujan-en-pals","status":"publish","type":"post","link":"https:\/\/www.europesays.com\/es\/208217\/","title":{"rendered":"Los paisajes del oto\u00f1o se dibujan en Pals"},"content":{"rendered":"<p>                    <img decoding=\"async\" data-full-src=\"https:\/\/www.lavanguardia.com\/uploads\/2025\/10\/29\/69020fa5cab4a.jpeg\" alt=\"Oto\u00f1o en Pals.\" src=\"https:\/\/www.europesays.com\/es\/wp-content\/uploads\/2025\/10\/69020fa5cab4a.r_d.1396-960-1871.jpeg\" class=\"lazy\"\/><\/p>\n<p>        \u201cLos campos se pintan de tonos marrones y los erguidos y estilosos \u00e1rboles gu\u00edan el camino del paseante\u201d\n<\/p>\n<p>                <img loading=\"lazy\" decoding=\"async\" width=\"40\" height=\"40\" alt=\"Los paisajes del oto\u00f1o se dibujan en Pals\" title=\"\" src=\"\/files\/image_40_40\/uploads\/2024\/12\/13\/675c119313915.png\" class=\"lazy\"\/><\/p>\n<p data-gtm-element-container=\"modulo-texto-link\" class=\"paragraph\"><a href=\"https:\/\/www.lavanguardia.com\/participacion\/20210124\/6185893\/guia-normas-participacion-comunidad-lectores-vanguardia.html\" target=\"_blank\" rel=\"nofollow noopener\">* El autor forma parte de la comunidad de lectores de La Vanguardia<\/a><\/p>\n<p>                         Ampliar<\/p>\n<p>                <img loading=\"lazy\" decoding=\"async\" data-full-src=\"https:\/\/www.lavanguardia.com\/uploads\/2025\/10\/29\/69020fa76ea30.jpeg\" alt=\"Oto\u00f1o en Pals.\" width=\"449\" height=\"299\" src=\"https:\/\/www.europesays.com\/es\/wp-content\/uploads\/2025\/10\/69020fa76ea30.jpeg\" class=\"lazy\"\/><\/p>\n<p class=\"caption-title \">Oto\u00f1o en Pals.<\/p>\n<p>                    Miquel Galceran<\/p>\n<p>                         Ampliar<\/p>\n<p>                <img loading=\"lazy\" decoding=\"async\" data-full-src=\"https:\/\/www.lavanguardia.com\/uploads\/2025\/10\/29\/69020fa69fdc2.jpeg\" alt=\"Oto\u00f1o en Pals.\" width=\"449\" height=\"299\" src=\"https:\/\/www.europesays.com\/es\/wp-content\/uploads\/2025\/10\/69020fa69fdc2.jpeg\" class=\"lazy\"\/><\/p>\n<p class=\"caption-title \">El color del oto\u00f1o en Pals.<\/p>\n<p>                    Miquel Galceran<\/p>\n<p>    Lee tambi\u00e9n<\/p>\n<p><a href=\"https:\/\/www.lavanguardia.com\/participacion\/20210124\/6185893\/guia-normas-participacion-comunidad-lectores-vanguardia.html\" target=\"_blank\" rel=\"nofollow noopener\">\u25a0 \u00bfC\u00d3MO PUEDO PARTICIPAR EN LA COMUNIDAD DE LA VANGUARDIA?<\/a><\/p>\n<p>\u00a1Participa!<br \/>\n\u00bfQuieres mostrar tus fotograf\u00edas?<\/p>\n<p data-gtm-element-container=\"modulo-texto-link\" class=\"paragraph\">Los interesados en participar en Las Fotos de los Lectores tan solo deben escribir un email a la direcci\u00f3n de correo de nuestra secci\u00f3n de Participaci\u00f3n (participacion@lavanguardia.es) adjuntando la fotograf\u00eda, explicando detalles de c\u00f3mo y d\u00f3nde fue tomada y aportando los datos del autor para la firma de la imagen. Es importante indicar en el asunto del correo: \u00b4Fotos de los Lectores\u00b4.<\/p>\n<p>\n                            Mostrar comentarios\n                        <\/p>\n<p>{\u00aballowComment\u00bb:\u00bballowed\u00bb,\u00bbarticleId\u00bb:\u00bbarticle-11210003&#8243;,\u00bburl\u00bb:\u00bbhttps:\\\/\\\/www.lavanguardia.com\\\/participacion\\\/las-fotos-de-los-lectores\\\/20251029\\\/11210003\\\/paisajes-otono-dibujan-pals.html\u00bb,\u00bblivefyre-url\u00bb:\u00bbarticle-11210003&#8243;}<\/p>\n<p>\n                 CERRAR\n            <\/p>\n<p>            <img decoding=\"async\" src=\"\" alt=\"\" class=\"img-fluid lazy\"\/><\/p>\n<p>Cargando siguiente contenido&#8230;\n                <\/p>\n","protected":false},"excerpt":{"rendered":"\u201cLos campos se pintan de tonos marrones y los erguidos y estilosos \u00e1rboles gu\u00edan el camino del paseante\u201d&hellip;\n","protected":false},"author":2,"featured_media":208218,"comment_status":"","ping_status":"","sticky":false,"template":"","format":"standard","meta":{"footnotes":""},"categories":[81],"tags":[119,123,124,25,24,117,121,122,23,118,120],"class_list":{"0":"post-208217","1":"post","2":"type-post","3":"status-publish","4":"format-standard","5":"has-post-thumbnail","7":"category-ciencia-y-tecnologia","8":"tag-ciencia","9":"tag-ciencia-y-tecnologia","10":"tag-cienciaytecnologia","11":"tag-es","12":"tag-espana","13":"tag-science","14":"tag-science-and-technology","15":"tag-scienceandtechnology","16":"tag-spain","17":"tag-technology","18":"tag-tecnologia"},"share_on_mastodon":{"url":"https:\/\/pubeurope.com\/@es\/115460612098099495","error":""},"_links":{"self":[{"href":"https:\/\/www.europesays.com\/es\/wp-json\/wp\/v2\/posts\/208217","targetHints":{"allow":["GET"]}}],"collection":[{"href":"https:\/\/www.europesays.com\/es\/wp-json\/wp\/v2\/posts"}],"about":[{"href":"https:\/\/www.europesays.com\/es\/wp-json\/wp\/v2\/types\/post"}],"author":[{"embeddable":true,"href":"https:\/\/www.europesays.com\/es\/wp-json\/wp\/v2\/users\/2"}],"replies":[{"embeddable":true,"href":"https:\/\/www.europesays.com\/es\/wp-json\/wp\/v2\/comments?post=208217"}],"version-history":[{"count":0,"href":"https:\/\/www.europesays.com\/es\/wp-json\/wp\/v2\/posts\/208217\/revisions"}],"wp:featuredmedia":[{"embeddable":true,"href":"https:\/\/www.europesays.com\/es\/wp-json\/wp\/v2\/media\/208218"}],"wp:attachment":[{"href":"https:\/\/www.europesays.com\/es\/wp-json\/wp\/v2\/media?parent=208217"}],"wp:term":[{"taxonomy":"category","embeddable":true,"href":"https:\/\/www.europesays.com\/es\/wp-json\/wp\/v2\/categories?post=208217"},{"taxonomy":"post_tag","embeddable":true,"href":"https:\/\/www.europesays.com\/es\/wp-json\/wp\/v2\/tags?post=208217"}],"curies":[{"name":"wp","href":"https:\/\/api.w.org\/{rel}","templated":true}]}}