{"id":208245,"date":"2025-10-30T02:17:28","date_gmt":"2025-10-30T02:17:28","guid":{"rendered":"https:\/\/www.europesays.com\/es\/208245\/"},"modified":"2025-10-30T02:17:28","modified_gmt":"2025-10-30T02:17:28","slug":"el-supremo-ratifica-la-ilegalidad-de-la-ordenanza-municipal-que-quito-carriles-bici-y-bus-en-valladolid-clima-y-medio-ambiente","status":"publish","type":"post","link":"https:\/\/www.europesays.com\/es\/208245\/","title":{"rendered":"El Supremo ratifica la ilegalidad de la ordenanza municipal que quit\u00f3 carriles bici y bus en Valladolid | Clima y Medio Ambiente"},"content":{"rendered":"<p class=\"\">El Tribunal Supremo ha ratificado <a href=\"https:\/\/elpais.com\/clima-y-medio-ambiente\/2024-11-28\/el-tribunal-superior-de-castilla-y-leon-anula-la-ordenanza-del-ayuntamiento-de-valladolid-que-elimina-carriles-bici-y-bus.html\" target=\"_self\" rel=\"nofollow noopener\" title=\"https:\/\/elpais.com\/clima-y-medio-ambiente\/2024-11-28\/el-tribunal-superior-de-castilla-y-leon-anula-la-ordenanza-del-ayuntamiento-de-valladolid-que-elimina-carriles-bici-y-bus.html\">la ilegalidad de la ordenanza municipal dispuesta por el actual equipo de PP y Vox del Ayuntamiento de Valladolid<\/a> (PP y Vox) en 2023 para retirar varios carriles bici y v\u00edas espec\u00edficas para autobuses en la ciudad del gobierno anterior. El Alto Tribunal estatal ha inadmitido a tr\u00e1mite el recurso de casaci\u00f3n que present\u00f3 el Consistorio ante la sentencia del Tribunal Superior de Justicia de Castilla y Le\u00f3n (TSJCyL) que primeramente anul\u00f3 esta disposici\u00f3n municipal tras una denuncia de Ecologistas en Acci\u00f3n. La medida se enmarc\u00f3 en las actuaciones de varios ayuntamientos gobernados por PP y Vox \u2014como Elche, Logro\u00f1o, Palma de Mallorca y Gij\u00f3n\u2014, <a href=\"https:\/\/elpais.com\/clima-y-medio-ambiente\/2023-06-23\/pp-y-vox-eliminan-carriles-bici-en-varias-ciudades-son-tambien-una-cuestion-ideologica.html\" target=\"_self\" rel=\"nofollow noopener\" title=\"https:\/\/elpais.com\/clima-y-medio-ambiente\/2023-06-23\/pp-y-vox-eliminan-carriles-bici-en-varias-ciudades-son-tambien-una-cuestion-ideologica.html\">que se estrenaron eliminando carriles bici para dar m\u00e1s espacio al coche<\/a>. <\/p>\n<p class=\"\">El nuevo pronunciamiento legal no implica que la corporaci\u00f3n deba anular sus medidas de circulaci\u00f3n, pues hace unos meses aprob\u00f3 una nueva normativa que gu\u00eda su modelo de movilidad en favor del veh\u00edculo privado y en detrimento de las bicicletas. La oposici\u00f3n, pese a ello, ha reclamado que el Ayuntamiento restituya las sendas suprimidas. El Supremo condena al Ayuntamiento a pagar 2.000 euros para cubrir las costas del proceso judicial.<\/p>\n<p class=\"\">El dictamen del Supremo avala lo resuelto por el TSJCyL en 2023. El \u00f3rgano judicial afirm\u00f3 en una sentencia que el cambiar simplemente la ordenanza referida al tr\u00e1fico y a la movilidad no sirve como manera de impulsar estos cambios sobre v\u00edas ya establecidas, dada su gran afectaci\u00f3n sobre la ciudadan\u00eda. \u201cCuando la intensidad de las mismas fuese de tal trascendencia que incidiese en el derecho de los ciudadanos a usar de las v\u00edas de circulaci\u00f3n\u201d, se\u00f1alaron los jueces como motivo, desmereciendo la iniciativa formal municipal porque \u201cla exig\u00fcidad de la disposici\u00f3n la hace inviable jur\u00eddicamente hablando, en cuanto se convierte, en realidad, en una norma de reenv\u00edo y no cumple las finalidades para las que est\u00e1 prevista\u201d. <\/p>\n<p class=\"\">El procedimiento jur\u00eddico de renovar una ordenanza anterior permite agilizar los tiempos y el equipo del alcalde, Jes\u00fas Julio Carnero (PP), opt\u00f3 por esa v\u00eda porque crear, debatir y aprobar una nueva hubiera retardado los plazos para suprimir esos carriles bus y las v\u00edas propias de ciclistas, una de las l\u00edneas clave del programa del PP y de su socio, Vox, contra el modelo del t\u00e1ndem anterior del PSOE del entonces regidor \u00d3scar Puente, hoy ministro de Transportes, y sus aliados de Valladolid Toma La Palabra.<\/p>\n<p class=\"\">Carnero ha considerado este mi\u00e9rcoles que el dilema jur\u00eddico con la ordenanza ya est\u00e1 superado: \u201cTenemos una nueva ordenanza que entr\u00f3 en vigor hace unas semanas y ese es el escenario en el que nos movemos, es completa y ha superado esa cuesti\u00f3n, jur\u00eddica y pol\u00edticamente est\u00e1 superada, la nueva ordenanza es el marco establecido\u201d. Para \u00e9l, \u201clos veh\u00edculos van m\u00e1s r\u00e1pidos y seguros y se produce menos contaminaci\u00f3n\u201d y ha defendido el nuevo carril bici, que transcurre por un parque con curvas y no por la l\u00ednea recta anterior, con varios desv\u00edos y menos comunicaciones hacia el centro de la ciudad, como \u201cdecisi\u00f3n acertada y ciudadanos satisfechos\u201d. <a href=\"https:\/\/elpais.com\/clima-y-medio-ambiente\/2023-07-07\/revertir-un-carril-bici-en-valladolid-para-dar-mas-sitio-al-coche-costara-16-veces-lo-que-se-gasto-en-construirlo.html\" target=\"_self\" rel=\"nofollow noopener\" title=\"https:\/\/elpais.com\/clima-y-medio-ambiente\/2023-07-07\/revertir-un-carril-bici-en-valladolid-para-dar-mas-sitio-al-coche-costara-16-veces-lo-que-se-gasto-en-construirlo.html\">La obra que se realiz\u00f3 en su momento cost\u00f3 unos 200.000 euros y los trabajos de supresi\u00f3n y construcci\u00f3n del nuevo superaron el mill\u00f3n<\/a>.<\/p>\n<p>Restituir el carril bici<\/p>\n<p class=\"\">El PSOE, mediante su concejal Luis V\u00e9lez, extitular de Movilidad, ha reclamado que se recomponga el anterior carril bici aunque legalmente el Consistorio no est\u00e1 obligado: \u201cNo hay excusas: la ciudad necesita seguridad jur\u00eddica, rigor t\u00e9cnico y decisiones coherentes con el inter\u00e9s general, no atajos ni improvisaciones\u201d. \u201cAquella intervenci\u00f3n, ejecutada por la Concejal\u00eda de Movilidad el pasado mes de junio, fue luego apuntalada con una nueva ordenanza dise\u00f1ada para legitimar a posteriori hechos consumados. Este modo de proceder ha provocado un retroceso evidente en la movilidad sostenible de Valladolid\u201d, ha a\u00f1adido. <\/p>\n<p class=\"\">Los socialistas piden \u201cla restituci\u00f3n inmediata del carril bici [suprimido] del paseo de Isabel la Cat\u00f3lica y la recuperaci\u00f3n de los carriles bus eliminados\u201d y critican los \u201cbandazos ideol\u00f3gicos que acaban pag\u00e1ndose con dinero de todos y con peor movilidad para toda la ciudadan\u00eda\u201d.<\/p>\n<p class=\"\">La edil de Valladolid de Toma La Palabra, Roc\u00edo Anguita, tambi\u00e9n apremia al Ayuntamiento a que restituya las sendas suprimidas y ha denunciado el gasto que acarrean tanto esas medidas como los pulsos judiciales: \u201cCreemos que esta sentencia tiene que obligar a devolver el mejor carril bici de la ciudad. Se ha gastado much\u00edsimo dinero p\u00fablico en quitar estos dos carriles bici de forma ilegal y ahora deben restaurar la situaci\u00f3n inicial porque ya hay una sentencia firme del Tribunal Supremo\u201d.<\/p>\n","protected":false},"excerpt":{"rendered":"El Tribunal Supremo ha ratificado la ilegalidad de la ordenanza municipal dispuesta por el actual equipo de PP&hellip;\n","protected":false},"author":2,"featured_media":208246,"comment_status":"","ping_status":"","sticky":false,"template":"","format":"standard","meta":{"footnotes":""},"categories":[8],"tags":[17,18,45057,12226,25,24,13,14,11,19,20,6688,8137,37694,9,10,15,16,492,23,12,493,21,22,1607,624],"class_list":{"0":"post-208245","1":"post","2":"type-post","3":"status-publish","4":"format-standard","5":"has-post-thumbnail","7":"category-espana","8":"tag-breaking-news","9":"tag-breakingnews","10":"tag-carril-bici","11":"tag-emergencia-climatica","12":"tag-es","13":"tag-espana","14":"tag-featured-news","15":"tag-featurednews","16":"tag-headlines","17":"tag-latest-news","18":"tag-latestnews","19":"tag-medio-ambiente","20":"tag-movilidad","21":"tag-movilidad-sostenible","22":"tag-news","23":"tag-noticias","24":"tag-noticias-destacadas","25":"tag-noticiasdestacadas","26":"tag-sociedad","27":"tag-spain","28":"tag-titulares","29":"tag-tribunales","30":"tag-ultimas-noticias","31":"tag-ultimasnoticias","32":"tag-valladolid","33":"tag-vox"},"share_on_mastodon":{"url":"https:\/\/pubeurope.com\/@es\/115460718167136265","error":""},"_links":{"self":[{"href":"https:\/\/www.europesays.com\/es\/wp-json\/wp\/v2\/posts\/208245","targetHints":{"allow":["GET"]}}],"collection":[{"href":"https:\/\/www.europesays.com\/es\/wp-json\/wp\/v2\/posts"}],"about":[{"href":"https:\/\/www.europesays.com\/es\/wp-json\/wp\/v2\/types\/post"}],"author":[{"embeddable":true,"href":"https:\/\/www.europesays.com\/es\/wp-json\/wp\/v2\/users\/2"}],"replies":[{"embeddable":true,"href":"https:\/\/www.europesays.com\/es\/wp-json\/wp\/v2\/comments?post=208245"}],"version-history":[{"count":0,"href":"https:\/\/www.europesays.com\/es\/wp-json\/wp\/v2\/posts\/208245\/revisions"}],"wp:featuredmedia":[{"embeddable":true,"href":"https:\/\/www.europesays.com\/es\/wp-json\/wp\/v2\/media\/208246"}],"wp:attachment":[{"href":"https:\/\/www.europesays.com\/es\/wp-json\/wp\/v2\/media?parent=208245"}],"wp:term":[{"taxonomy":"category","embeddable":true,"href":"https:\/\/www.europesays.com\/es\/wp-json\/wp\/v2\/categories?post=208245"},{"taxonomy":"post_tag","embeddable":true,"href":"https:\/\/www.europesays.com\/es\/wp-json\/wp\/v2\/tags?post=208245"}],"curies":[{"name":"wp","href":"https:\/\/api.w.org\/{rel}","templated":true}]}}