{"id":208251,"date":"2025-10-30T02:29:11","date_gmt":"2025-10-30T02:29:11","guid":{"rendered":"https:\/\/www.europesays.com\/es\/208251\/"},"modified":"2025-10-30T02:29:11","modified_gmt":"2025-10-30T02:29:11","slug":"petardazo-inaceptable-del-real-valladolid-en-la-copa-eliminado-por-un-tercera-rfef","status":"publish","type":"post","link":"https:\/\/www.europesays.com\/es\/208251\/","title":{"rendered":"Petardazo inaceptable del Real Valladolid en la Copa, eliminado por un Tercera RFEF"},"content":{"rendered":"<p class=\"paragraph\">Impensable. Inaceptable. Verg\u00fcenza ajena. La Copa del Rey se atragant\u00f3 y de qu\u00e9 manera  a un Real Valladolid con cambios obligados y l\u00f3gicos, con segundas oportunidades y que provoc\u00f3 el cabreo monumental  de un Guillermo Almada que se desga\u00f1it\u00f3, impotente,  desde la banda y que en la previa ya fue muy claro que ir\u00eda a tierras vizca\u00ednas con todo (lo que le quedaba tras el virus que le hizo perder efectivos) y que la Copa no se tiraba porque su equipo \u00abno estaba para regalar nada\u00bb.\u00a0<\/p>\n<p>            <a href=\"#\" title=\"\"><\/p>\n<p>                    <img loading=\"lazy\" decoding=\"async\" data-index=\"\" width=\"140\" height=\"140\" alt=\"Guillermo Almada, ante la Cultural Leonesa en casa.\" data-full=\"[object Object]\" data-original=\"[object Object]\" src=\"https:\/\/imagenes.diariodevalladolid.es\/files\/related_image\/uploads\/2025\/09\/28\/68d990ea723a3.png\" data-full-src=\"https:\/\/www.europesays.com\/es\/wp-content\/uploads\/2025\/10\/68d990ea723a3.png\"\/><\/p>\n<p>            <\/a><\/p>\n<p class=\"paragraph\">Pero lo cierto es que el Real Valladolid no est\u00e1 ni se le espera. De poco, de nada, sirvi\u00f3 que  la diferencia entre uno y otro equipos, fuera nada menos que de tres escalones. El Portugalete sac\u00f3 los colores a un Real Valladolid discreto, plano, p\u00e9simo, timorato y  de nuevo sin p\u00f3lvora en sus botas. Y que no pueda marcar un gol ni a un equipo de Tercera RFEF, lo dice todo.  Pat\u00e9tico. Intolerable. Cruda y triste realidad.<\/p>\n<p class=\"c-detail__media__subtitle\">\n<p>        El Portugalete celebra su gesta ante el Real Valladolid.LOF<\/p>\n<p class=\"paragraph\">Ya empez\u00f3 mal el Real Valladolid llegando tarde en autocar al partido por un atasco provocado por la lluvia que oblig\u00f3 a retrasar el inicio 15 minutos. Mal presagio.  Y termin\u00f3 peor apenas haciendo rid\u00edculas cosquillas a un rival que no solo mereci\u00f3 el triunfo sino que dispuso de m\u00e1s ocasiones de gol.<\/p>\n<p class=\"paragraph\">Muchos, todos los \u2018elegidos\u2019 de Almada para este duelo quedaron retratados, haciendo especial menci\u00f3n al inoperante centro del campo y a una banda izquierda incapaz,  haciendo bueno ese empecinamiento casi obsesivo del t\u00e9cnico charr\u00faa  confiar siempre en los mismos. La primera mitad de los blanquivioleta fue como fuegos de artificio. Sus opciones de ataque en la primera mitad duraban apenas un suspiro.\u00a0<\/p>\n<p class=\"c-detail__cite full \">\n<p>\u00abIndudablemente, lo hicimos mal esta noche y el desenlace fue l\u00f3gico. Estamos dolidos porque ten\u00edamos expectativas en el partido y ellos aprovecharon la oportunidad\u00bbGUILLERMO ALMADA<\/p>\n<p class=\"paragraph\">La actividad y motivaci\u00f3n de Marcos Andr\u00e9, un islote en la inmensidad del oc\u00e9ano del peque\u00f1o campo de La Florida, y la de Javi S\u00e1nchez, en su vuelta al equipo con galones, no bastaron en una primer acto vulgar en el que pareci\u00f3 despreciar a la Copa con apenas una ocasi\u00f3n del propio Marcos Andr\u00e9, con una vaselina adivinada en una gran intervenci\u00f3n por el meta Ib\u00f3n, para desmontar al osado Portugalete, l\u00edder de la Tercera RFEF, una categor\u00eda por debajo de donde milita el Promesas. Ver para creer. Pero faltaba de ver  y&#8230; padecer lo peor.<\/p>\n<p class=\"c-detail__media__subtitle\">\n<p>        Resumen del partido con la frustraci\u00f3n de Marcos Andr\u00e9 ante el Portugalete..LOF<\/p>\n<p class=\"paragraph\">Pero si en la primera mitad el Pucela fue una caricatura de s\u00ed mismo, el inicio de la segunda mitad fue a\u00fan m\u00e1s pat\u00e9tico. El Portugalete le puso contra las cuerdas.Avis\u00f3 Xabi G\u00f3mez en el 54 en una ocasi\u00f3n desbaratada por un parad\u00f3n de Aceves. Pero tres minutos despu\u00e9s llegar\u00eda la condena y el rid\u00edculo en su m\u00e1xima expresi\u00f3n. El 1-0 a cargo del propio G\u00f3mez ante la pasividad de la zaga blanquivioleta, con una banda izquierda pat\u00e9tica y sin centro del campo, puso contra las cuerdas al Real Valladolid.<\/p>\n<p class=\"c-detail__media__subtitle\">\n<p>        Una imagen del Portugalete-Real Valladolid en el campo de La Florida.LOF<\/p>\n<p class=\"paragraph\">Llegaron las prisas. Lleg\u00f3 el caos. En el minuto 69 Almada opt\u00f3 por un cu\u00e1druple cambio con Ponceu, Juric, Amath y Peter por los se\u00f1alados Hugo San, Alani, Lachuer y Xavi Moreno. Pero su ya conocida enfermedad de falta de gol, ejerci\u00f3 de flotador para un Portugalete osado, que supo resistir y que incluso merode\u00f3 el 2-0. En el 87 Marcios Andr\u00e9, en la m\u00e1s clara del encuentro, fall\u00f3 lo infallable en un remate de cabeza que acab\u00f3&#8230; en saque de banda. La burla y el rid\u00edculo son, entre todas las injurias, las que menos se perdonan y el Real Valladolid, en Portugalete, toco fondo al quedar apeado por un equipo de Tercera RFEF.<\/p>\n<p>Portugalete 1; Real Valladolid 0.<\/p>\n<ul>\n<li><b>Portugalete<\/b>: Ib\u00f3n, Ander, Del Cura, Tapiador, Alfaro, Quintana (Llamazares; m.69), Cuello (Andoni P\u00e9rez;m.75), Recio, Belar (Unai; m.75), G\u00f3mez (Imanol; m.69) y Crespo (Lete m.63).<\/li>\n<li><b>Real Valladolid:<\/b> Aceves, Hugo San (Ponceau; m.68), Torres, Javi S\u00e1nchez, Trilli, Moreno (Peter; m.68), Lachuer (Amath; m.68), Alani (Juric; m.68), Chuki, Delgado (Arnu; m.76) y Marcos Andr\u00e9.<\/li>\n<li>\u00c1rbitro: Alejandro Morilla del Comit\u00e9 Navarro.<\/li>\n<li><b>Tarjetas amarillas: <\/b>A los locales Belar (m.37), Del Cura (m.42), Crespo (m.52), Quintana (m.70) y a los visitantes Alani (m.32), Torres (m.60) y Arnu (m.90+5).<\/li>\n<li><b>Goles<\/b>:  1-o: Xabi G\u00f3mez (m.57)<\/li>\n<li><b>Incidencias<\/b>. Campo de La Florida.<\/li>\n<\/ul>\n<p class=\"c-detail__media__subtitle\">\n<p>        El Portugalete festejando su gesta de eliminar al Real Valladolid.LOF<\/p>\n","protected":false},"excerpt":{"rendered":"Impensable. Inaceptable. Verg\u00fcenza ajena. La Copa del Rey se atragant\u00f3 y de qu\u00e9 manera a un Real Valladolid&hellip;\n","protected":false},"author":2,"featured_media":208252,"comment_status":"","ping_status":"","sticky":false,"template":"","format":"standard","meta":{"footnotes":""},"categories":[268],"tags":[1941,168,25,24,280,282,5301,5299,5298,281,23,167,2275],"class_list":{"0":"post-208251","1":"post","2":"type-post","3":"status-publish","4":"format-standard","5":"has-post-thumbnail","7":"category-futbol","8":"tag-copa-del-rey","9":"tag-deportes","10":"tag-es","11":"tag-espana","12":"tag-football","13":"tag-futbol","14":"tag-marcos-andre","15":"tag-pucela","16":"tag-real-valladolid-cf","17":"tag-soccer","18":"tag-spain","19":"tag-sports","20":"tag-virus"},"share_on_mastodon":{"url":"https:\/\/pubeurope.com\/@es\/115460765847840913","error":""},"_links":{"self":[{"href":"https:\/\/www.europesays.com\/es\/wp-json\/wp\/v2\/posts\/208251","targetHints":{"allow":["GET"]}}],"collection":[{"href":"https:\/\/www.europesays.com\/es\/wp-json\/wp\/v2\/posts"}],"about":[{"href":"https:\/\/www.europesays.com\/es\/wp-json\/wp\/v2\/types\/post"}],"author":[{"embeddable":true,"href":"https:\/\/www.europesays.com\/es\/wp-json\/wp\/v2\/users\/2"}],"replies":[{"embeddable":true,"href":"https:\/\/www.europesays.com\/es\/wp-json\/wp\/v2\/comments?post=208251"}],"version-history":[{"count":0,"href":"https:\/\/www.europesays.com\/es\/wp-json\/wp\/v2\/posts\/208251\/revisions"}],"wp:featuredmedia":[{"embeddable":true,"href":"https:\/\/www.europesays.com\/es\/wp-json\/wp\/v2\/media\/208252"}],"wp:attachment":[{"href":"https:\/\/www.europesays.com\/es\/wp-json\/wp\/v2\/media?parent=208251"}],"wp:term":[{"taxonomy":"category","embeddable":true,"href":"https:\/\/www.europesays.com\/es\/wp-json\/wp\/v2\/categories?post=208251"},{"taxonomy":"post_tag","embeddable":true,"href":"https:\/\/www.europesays.com\/es\/wp-json\/wp\/v2\/tags?post=208251"}],"curies":[{"name":"wp","href":"https:\/\/api.w.org\/{rel}","templated":true}]}}