{"id":208363,"date":"2025-10-30T04:31:11","date_gmt":"2025-10-30T04:31:11","guid":{"rendered":"https:\/\/www.europesays.com\/es\/208363\/"},"modified":"2025-10-30T04:31:11","modified_gmt":"2025-10-30T04:31:11","slug":"la-revuelta-manolo-garcia-esquivo-las-preguntas-clasicas-de-la-revuelta-para-hablar-de-temas-sociales-hago-huelga-de-tv","status":"publish","type":"post","link":"https:\/\/www.europesays.com\/es\/208363\/","title":{"rendered":"La Revuelta: Manolo Garc\u00eda esquiv\u00f3 las preguntas cl\u00e1sicas de &#8216;La Revuelta&#8217; para hablar de temas sociales: \u00abHago huelga de TV\u00bb"},"content":{"rendered":"<p class=\"article-text\">\n        Este mi\u00e9rcoles, 29 de octubre, <strong>Manolo Garc\u00eda<\/strong> acudi\u00f3 a <strong>La Revuelta<\/strong> para promocionar su gira de teatros en la que presentar\u00e1 en directo su d\u00e9cimo disco en solitario &#8216;Drapaires Poligoneros&#8217;, que ver\u00e1 la luz a finales de este mes.\n    <\/p>\n<p>    <a href=\"https:\/\/www.eldiario.es\/vertele\/noticias\/broncano-motos-frenaron-programas-formas-distintas-acordarse-victimas-dana_1_12726465.html\" data-mrf-recirculation=\"saber-mas\" data-dl-event=\"saber-mas\" rel=\"nofollow noopener\" target=\"_blank\"><\/p>\n<p class=\"know-more__title\">Motos y Broncano frenaron sus programas (de formas distintas) para acordarse de las v\u00edctimas de la DANA<\/p>\n<p>            <img decoding=\"async\" class=\"lazy\" loading=\"lazy\" data-src=\"https:\/\/static.eldiario.es\/clip\/2d0dcc46-fd3a-46bd-9cb5-80894d853c68_16-9-aspect-ratio_default_0.jpg\" src=\"data:image\/svg+xml,%3Csvg xmlns=\" http:=\"\" viewbox=\"0 0 880 495\" alt=\"Motos y Broncano frenaron sus programas (de formas distintas) para acordarse de las v\u00edctimas de la DANA\"\/><\/p>\n<p>                        <\/a><\/p>\n<p class=\"article-text\">\n        El cantante habl\u00f3 de su m\u00fasica, entr\u00f3 a las bromas de <strong>David Broncano<\/strong> y hasta invit\u00f3 al p\u00fablico presente a alguno de sus conciertos. Para acabar esquivando las preguntas cl\u00e1sicas del programa, de una forma tan elegante que hasta el presentador le aplaudi\u00f3.\n    <\/p>\n<p class=\"article-text\">\n        En cuanto se le cuestion\u00f3 por su patrimonio, el cantante respondi\u00f3 de forma sencilla pero contundente: <strong>\u201cHe intentado toda mi vida tener mi vida privada atada corta y contin\u00fao igual\u201d<\/strong>. Por lo que Broncano \u201cintuy\u00f3 que de follar ni hablamos\u201d.\n    <\/p>\n<p class=\"article-text\">\n        Tema del que el artista volvi\u00f3 a salirse de forma decente: \u201c\u00bfEso qu\u00e9 es? <strong>Como dice la Biblia, que lo que haga tu mano izquierda no lo sepa la derecha\u201d<\/strong>. Una referencia que dej\u00f3 fuera de juego al presentador.\n    <\/p>\n<blockquote class=\"twitter-tweet\" data-lang=\"es\"><p><a href=\"https:\/\/twitter.com\/X\/status\/1983658351562231825?ref_src=twsrc%5Etfw\" rel=\"nofollow noopener\" target=\"_blank\"><\/p><\/blockquote>\n<p class=\"article-text\">\n        Antes de acabar, Broncano quiso saber si hab\u00eda quedado alguna pregunta en el tintero, de la que Garc\u00eda quisiera hablar, y esto aprovech\u00f3 la ocasi\u00f3n: \u201cDel tema social, de c\u00f3mo va la cosa en general. <strong>La gente no es feliz, est\u00e1 jodidita, el nivel de vida va por aqu\u00ed (arriba) y todo lo dem\u00e1s por aqu\u00ed (abajo)<\/strong>\u201d, lament\u00f3.\n    <\/p>\n<p class=\"article-text\">\n        Y continu\u00f3 con una met\u00e1fora: \u201cSi la vida es un partido de f\u00fatbol, tiene que haber un \u00e1rbitro para que sea justo, deportiva y que juegue todo el mundo, y vivan con dignidad, no ahogados. <strong>\u00bfQu\u00e9 es esto que la gente joven no se pueda independizar, los pisos, la comida, las cosas b\u00e1sicas&#8230;?<\/strong>\u201d, insisti\u00f3.\n    <\/p>\n<p>    <a href=\"https:\/\/www.eldiario.es\/vertele\/noticias\/najwa-nimri-volvio-revuelta-ano-despues-revelar-veto-hormiguero-menuda-liada_1_12723640.html\" data-mrf-recirculation=\"saber-mas-abajo\" data-dl-event=\"saber-mas-abajo\" rel=\"nofollow noopener\" target=\"_blank\"><\/p>\n<p class=\"know-more__title\">Najwa Nimri volvi\u00f3 a &#8216;La Revuelta&#8217; un a\u00f1o despu\u00e9s de revelar su veto en &#8216;El Hormiguero&#8217;: \u201cMenuda liada\u201d<\/p>\n<p>            <img decoding=\"async\" class=\"lazy\" loading=\"lazy\" data-src=\"https:\/\/static.eldiario.es\/clip\/03708409-8b29-4099-9125-646e6a3503e7_16-9-aspect-ratio_default_0.jpg\" src=\"data:image\/svg+xml,%3Csvg xmlns=\" http:=\"\" viewbox=\"0 0 880 495\" alt=\"Najwa Nimri volvi\u00f3 a 'La Revuelta' un a\u00f1o despu\u00e9s de revelar su veto en 'El Hormiguero': &quot;Menuda liada&quot;\"\/><\/p>\n<p>                        <\/a><\/p>\n<blockquote class=\"twitter-tweet\" data-lang=\"es\"><p><a href=\"https:\/\/twitter.com\/X\/status\/1983658603509662004?ref_src=twsrc%5Etfw\" rel=\"nofollow noopener\" target=\"_blank\"><\/p><\/blockquote>\n<p class=\"article-text\">\n        Finalmente, el artista confes\u00f3 su forma de reivindicaci\u00f3n: \u201cEstoy haciendo huelga ahora, de televisi\u00f3n, de noticiarios, no quiero ver m\u00e1s pol\u00edticos. <strong>\u00bfT\u00fa quieres ver a alguien que te hace sufrir y que no te ayuda a vivir? <\/strong>Pues no quiero verlo\u201d, zanj\u00f3.\n    <\/p>\n<p>                                    <script async src=\"https:\/\/platform.twitter.com\/widgets.js\" charset=\"utf-8\"><\/script><\/p>\n","protected":false},"excerpt":{"rendered":"Este mi\u00e9rcoles, 29 de octubre, Manolo Garc\u00eda acudi\u00f3 a La Revuelta para promocionar su gira de teatros en&hellip;\n","protected":false},"author":2,"featured_media":208364,"comment_status":"","ping_status":"","sticky":false,"template":"","format":"standard","meta":{"footnotes":""},"categories":[171],"tags":[39683,146,147,25,24,56613,3142,9264,13181,24370,8492,528,2312,23,25972,214],"class_list":{"0":"post-208363","1":"post","2":"type-post","3":"status-publish","4":"format-standard","5":"has-post-thumbnail","7":"category-tv","8":"tag-clasicas","9":"tag-entertainment","10":"tag-entretenimiento","11":"tag-es","12":"tag-espana","13":"tag-esquivo","14":"tag-garcia","15":"tag-hablar","16":"tag-huelga","17":"tag-manolo","18":"tag-preguntas","19":"tag-revuelta","20":"tag-sociales","21":"tag-spain","22":"tag-temas","23":"tag-tv"},"share_on_mastodon":{"url":"https:\/\/pubeurope.com\/@es\/115461245175676450","error":""},"_links":{"self":[{"href":"https:\/\/www.europesays.com\/es\/wp-json\/wp\/v2\/posts\/208363","targetHints":{"allow":["GET"]}}],"collection":[{"href":"https:\/\/www.europesays.com\/es\/wp-json\/wp\/v2\/posts"}],"about":[{"href":"https:\/\/www.europesays.com\/es\/wp-json\/wp\/v2\/types\/post"}],"author":[{"embeddable":true,"href":"https:\/\/www.europesays.com\/es\/wp-json\/wp\/v2\/users\/2"}],"replies":[{"embeddable":true,"href":"https:\/\/www.europesays.com\/es\/wp-json\/wp\/v2\/comments?post=208363"}],"version-history":[{"count":0,"href":"https:\/\/www.europesays.com\/es\/wp-json\/wp\/v2\/posts\/208363\/revisions"}],"wp:featuredmedia":[{"embeddable":true,"href":"https:\/\/www.europesays.com\/es\/wp-json\/wp\/v2\/media\/208364"}],"wp:attachment":[{"href":"https:\/\/www.europesays.com\/es\/wp-json\/wp\/v2\/media?parent=208363"}],"wp:term":[{"taxonomy":"category","embeddable":true,"href":"https:\/\/www.europesays.com\/es\/wp-json\/wp\/v2\/categories?post=208363"},{"taxonomy":"post_tag","embeddable":true,"href":"https:\/\/www.europesays.com\/es\/wp-json\/wp\/v2\/tags?post=208363"}],"curies":[{"name":"wp","href":"https:\/\/api.w.org\/{rel}","templated":true}]}}