{"id":208365,"date":"2025-10-30T04:32:14","date_gmt":"2025-10-30T04:32:14","guid":{"rendered":"https:\/\/www.europesays.com\/es\/208365\/"},"modified":"2025-10-30T04:32:14","modified_gmt":"2025-10-30T04:32:14","slug":"ana-torroja-zanja-el-debate-sobre-mecano-ante-el-regreso-de-la-oreja-de-van-gogh-la-musica-siempre-nos-une-libertad-digital","status":"publish","type":"post","link":"https:\/\/www.europesays.com\/es\/208365\/","title":{"rendered":"Ana Torroja zanja el debate sobre Mecano ante el regreso de La Oreja de Van Gogh: \u00abLa m\u00fasica siempre nos une\u00bb &#8211; Libertad Digital"},"content":{"rendered":"<p>El regreso de Amaia Montero a La Oreja de Van Gogh ha removido muchas emociones entre los amantes del pop espa\u00f1ol. La noticia no solo ha hecho vibrar a los fans del grupo donostiarra, sino que tambi\u00e9n ha despertado inevitablemente recuerdos de otra banda legendaria: <strong>Mecano<\/strong>.<\/p>\n<p>Y su voz m\u00e1s ic\u00f3nica, <strong>Ana Torroja<\/strong>, no ha tardado en pronunciarse por la vuelta de <a href=\"https:\/\/www.libertaddigital.com\/personajes\/amaia-montero\/\" rel=\"nofollow noopener\" target=\"_blank\">Amaia <\/a>a la banda: \u00ab<strong>Nadie se lo esperaba. Me alegro mucho por ellos<\/strong>\u00ab. Asimismo, la vocalista de \u00e9xitos como \u2018Hoy no me puedo levantar\u2019 o \u2018Mujer contra mujer\u2019 ha hablado sobre la posible vuelta del grupo junto a Nacho Cano y Jos\u00e9 Mar\u00eda Cano: \u00abEn nuestro caso no ha habido suerte\u00bb. \u00ab<strong>Es bastante complicado, no imposible<\/strong>\u00ab, ha se\u00f1alado en tono esperanzador dejando la puerta abierta. \u00ab<strong>Me emociona ver c\u00f3mo nuestras canciones siguen vivas. Eso es, al final, lo que importa<\/strong>\u00ab.<\/p>\n<p>&#13;<br \/>\n    Relacionado&#13;<br \/>\n    &#13;<\/p>\n<p>\u00ab<strong>No hay regreso de Mecano, pero la m\u00fasica siempre nos une<\/strong>\u00ab, ha confesado consciente del deseo de los fans, pues ya han pasado m\u00e1s de treinta a\u00f1os desde la \u00faltima gira de Mecano, pero su legado sigue igual de presente. Pocas bandas han marcado tanto una \u00e9poca como ellos, mezclando modernidad, poes\u00eda y pop electr\u00f3nico con una identidad irrepetible. Cada vez que Torroja aparece en p\u00fablico, resurgen los rumores sobre una posible reuni\u00f3n, pero ella prefiere ser sincera. \u00ab<strong>Somos tres personas con caminos distintos, con vidas diferentes. Lo que vivimos juntos fue irrepetible<\/strong>\u00ab, explic\u00f3 en una entrevista reciente.<\/p>\n<p>La vuelta de Amaia Montero ha sido un fen\u00f3meno medi\u00e1tico y emocional, y el paralelismo con Mecano es inevitable. En ambos casos, se trata de voces que marcaron a toda una generaci\u00f3n. Pero Torroja prefiere mirar hacia adelante, con los pies en la tierra y sin forzar lo que un d\u00eda fue especial: \u00ab<strong>Mecano fue una \u00e9poca m\u00e1gica \u2013ha dicho Torroja\u2013, y lo m\u00e1gico no se fuerza<\/strong>\u00ab.<\/p>\n","protected":false},"excerpt":{"rendered":"El regreso de Amaia Montero a La Oreja de Van Gogh ha removido muchas emociones entre los amantes&hellip;\n","protected":false},"author":2,"featured_media":208366,"comment_status":"","ping_status":"","sticky":false,"template":"","format":"standard","meta":{"footnotes":""},"categories":[170],"tags":[20219,44944,146,147,25,24,56614,20220,27610,184,185,23],"class_list":{"0":"post-208365","1":"post","2":"type-post","3":"status-publish","4":"format-standard","5":"has-post-thumbnail","7":"category-musica","8":"tag-amaia-montero","9":"tag-ana-torroja","10":"tag-entertainment","11":"tag-entretenimiento","12":"tag-es","13":"tag-espana","14":"tag-la-oreja","15":"tag-la-oreja-de-van-gogh","16":"tag-mecano","17":"tag-music","18":"tag-musica","19":"tag-spain"},"share_on_mastodon":{"url":"https:\/\/pubeurope.com\/@es\/115461248956845568","error":""},"_links":{"self":[{"href":"https:\/\/www.europesays.com\/es\/wp-json\/wp\/v2\/posts\/208365","targetHints":{"allow":["GET"]}}],"collection":[{"href":"https:\/\/www.europesays.com\/es\/wp-json\/wp\/v2\/posts"}],"about":[{"href":"https:\/\/www.europesays.com\/es\/wp-json\/wp\/v2\/types\/post"}],"author":[{"embeddable":true,"href":"https:\/\/www.europesays.com\/es\/wp-json\/wp\/v2\/users\/2"}],"replies":[{"embeddable":true,"href":"https:\/\/www.europesays.com\/es\/wp-json\/wp\/v2\/comments?post=208365"}],"version-history":[{"count":0,"href":"https:\/\/www.europesays.com\/es\/wp-json\/wp\/v2\/posts\/208365\/revisions"}],"wp:featuredmedia":[{"embeddable":true,"href":"https:\/\/www.europesays.com\/es\/wp-json\/wp\/v2\/media\/208366"}],"wp:attachment":[{"href":"https:\/\/www.europesays.com\/es\/wp-json\/wp\/v2\/media?parent=208365"}],"wp:term":[{"taxonomy":"category","embeddable":true,"href":"https:\/\/www.europesays.com\/es\/wp-json\/wp\/v2\/categories?post=208365"},{"taxonomy":"post_tag","embeddable":true,"href":"https:\/\/www.europesays.com\/es\/wp-json\/wp\/v2\/tags?post=208365"}],"curies":[{"name":"wp","href":"https:\/\/api.w.org\/{rel}","templated":true}]}}