{"id":208412,"date":"2025-10-30T05:20:08","date_gmt":"2025-10-30T05:20:08","guid":{"rendered":"https:\/\/www.europesays.com\/es\/208412\/"},"modified":"2025-10-30T05:20:08","modified_gmt":"2025-10-30T05:20:08","slug":"levante-horario-canal-de-television-y-donde-ver-online-el-partido-de-copa-del-rey-hoy","status":"publish","type":"post","link":"https:\/\/www.europesays.com\/es\/208412\/","title":{"rendered":"Levante: horario, canal de televisi\u00f3n y d\u00f3nde ver online el partido de Copa del Rey hoy"},"content":{"rendered":"<p>30\/10\/2025<br \/>\n<br \/><strong><br \/>\nActualizado a las 05:56h.<br \/>\n<\/strong><\/p>\n<p class=\"voc-p\" style=\"\">Arranca una edici\u00f3n m\u00e1s de la Copa del Rey con la emoci\u00f3n en numerosos campos de la geograf\u00eda espa\u00f1ola, desde grandes escenarios a otros m\u00e1s coquetos y pertenecientes a los equipos m\u00e1s modestos que sue\u00f1an con llegar lo m\u00e1s lejos posible.<\/p>\n<p class=\"voc-p\" style=\"\"><strong>Los Arcos<\/strong>, casa  &#8230; del Orihuela con <strong>capacidad para poco m\u00e1s de 3.000 espectadores<\/strong>, recibe este jueves a un rival de Primera Divisi\u00f3n en un <strong>derbi regional<\/strong>. El sorteo emparej\u00f3 a los oriolanos con el Levante UD, equipo reci\u00e9n ascendido a la \u00e9lite del f\u00fatbol espa\u00f1ol y que se las ver\u00e1 con <strong>uno de los finalistas de la actual Copa Federaci\u00f3n<\/strong>. El otro, <a href=\"https:\/\/www.abc.es\/deportes\/futbol\/oviedo-pasa-primera-criba-copa-20251028214313-nt.html\" data-voc-vtm-id=\"in-text-traffic\" title=\"el Ourense CF, ape\u00f3 el pasado martes al Real Oviedo\" data-mrf-link=\"www.abc.es\" rel=\"nofollow noopener\" target=\"_blank\">el Ourense CF, ape\u00f3 el pasado martes al Real Oviedo<\/a> en la primera gran sorpresa este curso. Los granotas est\u00e1n m\u00e1s que avisados.<\/p>\n<p class=\"voc-p\" style=\"\">Porque el Orihuela CF no consigui\u00f3 el billete a la <a href=\"https:\/\/www.abc.es\/noticias\/copa-del-rey-de-futbol\/\" data-voc-vtm-id=\"in-text-traffic\" title=\"Copa del Rey\" data-mrf-link=\"www.abc.es\" rel=\"nofollow noopener\" target=\"_blank\">Copa del Rey<\/a> por su desempe\u00f1o en liga la pasada temporada, sino por alcanzar hace escasas semanas las semifinales de la Copa Federaci\u00f3n, el torneo copero organizado por la Real Federaci\u00f3n Espa\u00f1ola de F\u00fatbol (RFEF) destinado a los equipos de categor\u00edas no profesionales que no se han clasificado a la Copa del Rey.<\/p>\n<p>\nA qu\u00e9 hora es el Orihuela &#8211; Levante de Copa del Rey hoy\n<\/p>\n<p class=\"voc-p\" style=\"\">El partido de la primera eliminatoria de Copa del Rey entre el Orihuela y Levante se disputa hoy jueves 30 de octubre a las <strong>19:00 horas<\/strong> en el Campo Municipal Los Arcos, en Orihuela.<\/p>\n<p>\nD\u00f3nde ver por televisi\u00f3n el Orihuela &#8211; Levante de Copa del Rey hoy\n<\/p>\n<p class=\"voc-p\" style=\"\">El partido entre el Orihuela CF y el Levante UD s\u00ed cuenta con transmisi\u00f3n televisiva en Espa\u00f1a, al igual que todos los encuentros en los que est\u00e1n inmersos equipos de Primera Divisi\u00f3n. Concretamente, se emite en <strong>M+ LALIGA 2<\/strong>, canal disponible en el <strong>dial 57 de Movistar Plus+<\/strong> y <strong>112 de Orange TV<\/strong>.<\/p>\n<p class=\"voc-p\" style=\"\">Minutos despu\u00e9s de la conclusi\u00f3n, la RFEF subir\u00e1 en sus canales oficiales (X, YouTube&#8230;) un v\u00eddeo con las jugadas m\u00e1s destacadas.<\/p>\n<p>\nArt\u00edculo solo para suscriptores\n<\/p>\n<p>Reportar un error<\/p>\n","protected":false},"excerpt":{"rendered":"30\/10\/2025 Actualizado a las 05:56h. Arranca una edici\u00f3n m\u00e1s de la Copa del Rey con la emoci\u00f3n en&hellip;\n","protected":false},"author":2,"featured_media":208413,"comment_status":"","ping_status":"","sticky":false,"template":"","format":"standard","meta":{"footnotes":""},"categories":[93],"tags":[4632,2493,168,25,24,319,315,3151,133,23765,1045,5330,23,167,807,809],"class_list":{"0":"post-208412","1":"post","2":"type-post","3":"status-publish","4":"format-standard","5":"has-post-thumbnail","7":"category-deportes","8":"tag-canal","9":"tag-copa","10":"tag-deportes","11":"tag-es","12":"tag-espana","13":"tag-horario","14":"tag-hoy","15":"tag-levante","16":"tag-online","17":"tag-orihuela","18":"tag-partido","19":"tag-rey","20":"tag-spain","21":"tag-sports","22":"tag-television","23":"tag-ver"},"share_on_mastodon":{"url":"https:\/\/pubeurope.com\/@es\/115461437721986730","error":""},"_links":{"self":[{"href":"https:\/\/www.europesays.com\/es\/wp-json\/wp\/v2\/posts\/208412","targetHints":{"allow":["GET"]}}],"collection":[{"href":"https:\/\/www.europesays.com\/es\/wp-json\/wp\/v2\/posts"}],"about":[{"href":"https:\/\/www.europesays.com\/es\/wp-json\/wp\/v2\/types\/post"}],"author":[{"embeddable":true,"href":"https:\/\/www.europesays.com\/es\/wp-json\/wp\/v2\/users\/2"}],"replies":[{"embeddable":true,"href":"https:\/\/www.europesays.com\/es\/wp-json\/wp\/v2\/comments?post=208412"}],"version-history":[{"count":0,"href":"https:\/\/www.europesays.com\/es\/wp-json\/wp\/v2\/posts\/208412\/revisions"}],"wp:featuredmedia":[{"embeddable":true,"href":"https:\/\/www.europesays.com\/es\/wp-json\/wp\/v2\/media\/208413"}],"wp:attachment":[{"href":"https:\/\/www.europesays.com\/es\/wp-json\/wp\/v2\/media?parent=208412"}],"wp:term":[{"taxonomy":"category","embeddable":true,"href":"https:\/\/www.europesays.com\/es\/wp-json\/wp\/v2\/categories?post=208412"},{"taxonomy":"post_tag","embeddable":true,"href":"https:\/\/www.europesays.com\/es\/wp-json\/wp\/v2\/tags?post=208412"}],"curies":[{"name":"wp","href":"https:\/\/api.w.org\/{rel}","templated":true}]}}