{"id":208418,"date":"2025-10-30T05:24:12","date_gmt":"2025-10-30T05:24:12","guid":{"rendered":"https:\/\/www.europesays.com\/es\/208418\/"},"modified":"2025-10-30T05:24:12","modified_gmt":"2025-10-30T05:24:12","slug":"el-bce-mantendra-hoy-los-tipos-en-el-2-tras-una-reunion-de-transicion","status":"publish","type":"post","link":"https:\/\/www.europesays.com\/es\/208418\/","title":{"rendered":"El BCE mantendr\u00e1 hoy los tipos en el 2% tras una reuni\u00f3n de transici\u00f3n"},"content":{"rendered":"<p style=\"\">Este mi\u00e9rcoles se dej\u00f3 ver <strong>Christine Lagarde<\/strong> en un mercado de Florencia (Italia), simulando estar tan atenta a los precios de los alimentos como cualquier otra ama de casa. Se encuentra all\u00ed con motivo de la reuni\u00f3n de dos d\u00edas del <strong>Banco Central Europeo (<\/strong> &#8230; <strong>BCE)<\/strong>, que culminar\u00e1 con la reuni\u00f3n del Consejo de Gobierno y con la decisi\u00f3n de mantener inalterados por cuarto mes consecutivos los tipos de inter\u00e9s. <\/p>\n<p class=\"voc-p\" style=\"\">Lagarde admit\u00eda en ese mercado que se ha producido una subida de precios, pero indicaba que es menor a la de hace dos a\u00f1os y que a\u00fan est\u00e1n por encima del <strong>objetivo de inflaci\u00f3n del 2%,<\/strong> fijado por el BCE. Ante la evidencia de las etiquetas, tuvo que asumir que el incremento de los precios es superior en el caso de los alimentos e indic\u00f3 que \u00abtenemos que asegurarnos de que <strong>sigan bajando porque es importante\u00bb<\/strong>. Sin embargo, no se espera que Lagarde anuncie ninguna medida de pol\u00edtica monetaria este jueves. <\/p>\n<p class=\"voc-p\" style=\"\">La presidenta del BCE se esfuerza por subrayar que la inflaci\u00f3n ahora no preocupa demasiado en el Consejo de Gobierno y que, tras ocho recortes y 200 puntos b\u00e1sicos, conviene guardar potencia de fuego para el futuro. Al fin y al cabo, que el precio del dinero en la zona euro<strong> se quede como est\u00e1 ahora mismo<\/strong> es lo que muchos analistas consideran su tipo neutral. La \u00fanica pregunta es si cabe esperar m\u00e1s recortes en el futuro.<\/p>\n<p class=\"voc-p\" style=\"\">Reuni\u00f3n a reuni\u00f3n, dato a dato, es la l\u00ednea oficial que marca Lagarde en nombre del BCE, sin proyectar lo que pueda pasar, una din\u00e1mica muy diferente a la que estableci\u00f3 al comienzo de las bajadas. Para Michael Field, estratega jefe de mercados europeos de Morningstar, \u00abparece que el BCE <strong>mantendr\u00e1 los tipos de inter\u00e9s<\/strong> estables en el 2% y, seg\u00fan una encuesta reciente, los economistas coinciden en este probable resultado. Sin duda vemos l\u00f3gica en esta decisi\u00f3n, dada la inflaci\u00f3n y la salud de la econom\u00eda subyacente\u00bb. <\/p>\n<p class=\"voc-p\" style=\"\">A\u00f1ade que ese 2% es \u00abun nivel razonable que deber\u00eda brindar un s\u00f3lido respaldo a las <strong>empresas europeas que buscan financiaci\u00f3n<\/strong> e inversi\u00f3n en los pr\u00f3ximos meses, y tambi\u00e9n podr\u00eda impulsar a\u00fan m\u00e1s los mercados de renta variable regionales\u00bb. As\u00ed lo indica tambi\u00e9n la habitual encuesta entre analistas de Reuters, a pesar del leve repunte de la inflaci\u00f3n hasta el 2,2% desde el 2% anterior, en agosto. <\/p>\n<p class=\"voc-p\" style=\"\">Y la raz\u00f3n es que las actas de la reuni\u00f3n de septiembre se\u00f1alaron que su pol\u00edtica era<strong> &#8216;suficientemente s\u00f3lida&#8217;<\/strong> para gestionar cualquier shock de inflaci\u00f3n que se pueda presentar. La economista de Vanguard Shaan Raithatha destaca que \u00abla falta de moderaci\u00f3n en los datos recientes de actividad econ\u00f3mica e inflaci\u00f3n cierra la posibilidad de un nuevo &#8216;recorte de seguridad&#8217; del BCE\u00bb. \u00abEliminamos lo que habr\u00eda sido el \u00faltimo recorte de nuestra previsi\u00f3n y ahora prevemos que el tipo de inter\u00e9s oficial se <strong>mantendr\u00e1 en el 2,00% hasta finales de 2026<\/strong>\u00ab, ampl\u00eda hasta diciembre el plazo de un pr\u00f3ximo movimiento de ficha del BCE.<\/p>\n<p class=\"voc-p\" style=\"\">Desde Deutsche Bank tampoco se proyectan cambios a corto plazo para los tipos de inter\u00e9s en la eurozona. La entidad germana considera en cambio la posibilidad de subidas moderadas de tipos a partir de finales de 2026 si Alemania flexibiliza las normas fiscales y el mercado laboral de la eurozona se mantiene s\u00f3lido. Si la inflaci\u00f3n resulta m\u00e1s dif\u00edcil de controlar, los tipos podr\u00edan subir ligeramente hasta el<strong> 2,5% en 2027 y el 2,75% en 2028<\/strong>, seg\u00fan los analistas de Deutsche Bank. <\/p>\n<p class=\"voc-p\" style=\"\">Desde este punto de vista, la reuni\u00f3n de este jueves es solamente <strong>una cita de transici\u00f3n hasta la de diciembre<\/strong>, que s\u00ed podr\u00eda tener un mayor impacto e importancia para los mercados financieros. Desde el departamento de an\u00e1lisis de UBS, se se\u00f1ala que \u00ablas discusiones del BCE este jueves podr\u00edan formar un puente hacia su reuni\u00f3n m\u00e1s importante en diciembre, cuando sus funcionarios presentar\u00e1n previsiones econ\u00f3micas m\u00e1s amplias que cubrir\u00e1n 2028 por primera vez\u00bb. En Bank of America esperan recortes en diciembre y marzo, aunque la convicci\u00f3n sobre el recorte de diciembre es <strong>cada vez menor.<\/strong> \u00abCuanto m\u00e1s tiempo se tarde en proporcionar un est\u00edmulo modesto, m\u00e1s probable es que, una vez que se recorte, se quede atascado all\u00ed y la normalizaci\u00f3n que ahora esperamos a finales de 2027 nunca se produzca\u00ab, advierten sus especialistas.<\/p>\n<p class=\"voc-p\" style=\"\">Respecto a las previsiones, Christine Lagarde, destaca que, a pesar de la correcci\u00f3n esperada a la baja de los precios, considera de antemano que \u00ablas perspectivas de inflaci\u00f3n siguen siendo m\u00e1s inciertas de lo habitual como resultado del entorno de<strong> pol\u00edtica comercial mundial a\u00fan vol\u00e1til\u00ab.<\/strong> Pero respecto al crecimiento, acelerado al alza en el caso del presente ejercicio en tres d\u00e9cimas frente al trimestre anterior, se\u00f1ala que \u00ablos riesgos para se han vuelto m\u00e1s equilibrado y, si bien los recientes acuerdos comerciales han reducido la incertidumbre, un nuevo empeoramiento de las relaciones comerciales podr\u00eda frenar a\u00fan m\u00e1s las exportaciones y frenar la inversi\u00f3n y el consumo\u00bb. <\/p>\n<p class=\"voc-p\" style=\"\">La presidenta del BCA ha a\u00f1adido que <strong>\u00abun deterioro en la confianza del mercado financiero<\/strong> podr\u00eda conducir a condiciones de financiamiento m\u00e1s restrictivas, mayor aversi\u00f3n al riesgo y un crecimiento m\u00e1s d\u00e9bil, mientras que el gasto en defensa e infraestructura mayor de lo esperado, junto con reformas para mejorar la productividad, contribuir\u00edan al crecimiento\u00ab.<\/p>\n","protected":false},"excerpt":{"rendered":"Este mi\u00e9rcoles se dej\u00f3 ver Christine Lagarde en un mercado de Florencia (Italia), simulando estar tan atenta a&hellip;\n","protected":false},"author":2,"featured_media":208419,"comment_status":"","ping_status":"","sticky":false,"template":"","format":"standard","meta":{"footnotes":""},"categories":[80],"tags":[1842,82,95,94,25,24,315,40594,7458,23,26620,20013,575],"class_list":{"0":"post-208418","1":"post","2":"type-post","3":"status-publish","4":"format-standard","5":"has-post-thumbnail","7":"category-economia","8":"tag-bce","9":"tag-business","10":"tag-economia","11":"tag-economy","12":"tag-es","13":"tag-espana","14":"tag-hoy","15":"tag-mantendra","16":"tag-reunion","17":"tag-spain","18":"tag-tipos","19":"tag-transicion","20":"tag-tras"},"share_on_mastodon":{"url":"https:\/\/pubeurope.com\/@es\/115461453517493781","error":""},"_links":{"self":[{"href":"https:\/\/www.europesays.com\/es\/wp-json\/wp\/v2\/posts\/208418","targetHints":{"allow":["GET"]}}],"collection":[{"href":"https:\/\/www.europesays.com\/es\/wp-json\/wp\/v2\/posts"}],"about":[{"href":"https:\/\/www.europesays.com\/es\/wp-json\/wp\/v2\/types\/post"}],"author":[{"embeddable":true,"href":"https:\/\/www.europesays.com\/es\/wp-json\/wp\/v2\/users\/2"}],"replies":[{"embeddable":true,"href":"https:\/\/www.europesays.com\/es\/wp-json\/wp\/v2\/comments?post=208418"}],"version-history":[{"count":0,"href":"https:\/\/www.europesays.com\/es\/wp-json\/wp\/v2\/posts\/208418\/revisions"}],"wp:featuredmedia":[{"embeddable":true,"href":"https:\/\/www.europesays.com\/es\/wp-json\/wp\/v2\/media\/208419"}],"wp:attachment":[{"href":"https:\/\/www.europesays.com\/es\/wp-json\/wp\/v2\/media?parent=208418"}],"wp:term":[{"taxonomy":"category","embeddable":true,"href":"https:\/\/www.europesays.com\/es\/wp-json\/wp\/v2\/categories?post=208418"},{"taxonomy":"post_tag","embeddable":true,"href":"https:\/\/www.europesays.com\/es\/wp-json\/wp\/v2\/tags?post=208418"}],"curies":[{"name":"wp","href":"https:\/\/api.w.org\/{rel}","templated":true}]}}