{"id":208444,"date":"2025-10-30T05:49:25","date_gmt":"2025-10-30T05:49:25","guid":{"rendered":"https:\/\/www.europesays.com\/es\/208444\/"},"modified":"2025-10-30T05:49:25","modified_gmt":"2025-10-30T05:49:25","slug":"supuesta-violacion-en-benalmadena-tras-una-cita-en-tinder-se-que-quieres-mis-genes-superiores","status":"publish","type":"post","link":"https:\/\/www.europesays.com\/es\/208444\/","title":{"rendered":"Supuesta violaci\u00f3n en Benalm\u00e1dena tras una cita en Tinder: \u00abS\u00e9 que quieres mis genes superiores\u00bb"},"content":{"rendered":"<p>La declaraci\u00f3n de la v\u00edctima de la <a href=\"https:\/\/www.diariosur.es\/sucesos\/prision-retener-casa-violar-extrema-violencia-joven-20251027154646-nt.html\" target=\"_self\" data-voc-vtm-id=\"in-text-traffic\" title=\"supuesta violaci\u00f3n tras una cita en Tinder\" data-mrf-link=\"www.diariosur.es\" rel=\"nofollow noopener\">supuesta violaci\u00f3n tras una cita en Tinder<\/a> y el registro realizado en la casa del sospechoso en  &#8230; Benalm\u00e1dena dibujan una personalidad en el presunto agresor que la polic\u00eda califica de \u00abviolenta\u00bb, con una \u00abideolog\u00eda supremacista\u00bb y con alusiones a su \u00absuperioridad gen\u00e9tica\u00bb. <\/p>\n<p class=\"v-p\">La joven, que manifest\u00f3 haber sido violada hasta en ocho ocasiones durante el tiempo que dur\u00f3 su cautiverio, cont\u00f3 a los investigadores que conoci\u00f3 al individuo a trav\u00e9s de la App de citas y decidieron quedar el 11 de octubre para comer, tomar caf\u00e9 y unas copas en establecimientos de la localidad. <\/p>\n<p class=\"v-p\">Pasaron la tarde juntos. Ya en el coche de \u00e9l, y siempre seg\u00fan su relato, se habr\u00eda producido la primera de las agresiones sexuales. Desde all\u00ed, condujo hasta el domicilio del sospechoso, donde se produjeron las supuestas violaciones de forma continuada que ella describi\u00f3 en la denuncia y que se habr\u00edan producido con \u00abgran violencia\u00bb.<\/p>\n<p class=\"v-p\">La joven declar\u00f3 que le propin\u00f3 mordiscos mientras la agred\u00eda sexualmente -el parte m\u00e9dico refleja nueve lesiones compatibles con los bocados-, que le dio fuertes tirones del pelo, ocasion\u00e1ndole heridas, y que mientras la sujetaba del cabello le habr\u00eda realizado intentos de estrangulamiento, sin que ella llegara a perder la conciencia. <\/p>\n<p class=\"v-p\">Siguiendo su relato, al que tanto la polic\u00eda como la jueza dieron credibilidad, el hombre presuntamente hizo comentarios supremacistas mientras llevaba a cabo las violaciones denunciadas, como por ejemplo: \u00abS\u00e9 que quieres mis genes superiores\u00bb. Al parecer, no tom\u00f3 ning\u00fan tipo de profilaxis durante los actos sexuales. <\/p>\n<p class=\"v-p\">Las declaraciones de la mujer cobraron m\u00e1s sentido despu\u00e9s de que la polic\u00eda detuviera al individuo y realizara un registro en su domicilio, donde -seg\u00fan fuentes cercanas al caso- se localizaron numerosos efectos de simbolog\u00eda nazi o de grupos de extrema derecha. Tambi\u00e9n se encontr\u00f3 un arma corta, munici\u00f3n y una importante suma de dinero en efectivo.<\/p>\n<p class=\"v-p\">La denunciante describi\u00f3 m\u00e1s actos humillantes y degradantes durante su cautiverio. Seg\u00fan su versi\u00f3n, el hombre la oblig\u00f3 a ducharse con \u00e9l, a hacerle la cama y limpiarle la habitaci\u00f3n tras las supuestas agresiones sexuales. Y tambi\u00e9n refiri\u00f3 amenazas graves, advirti\u00e9ndole de que al d\u00eda siguiente acabar\u00eda en el hospital o haciendo alusi\u00f3n a que quiz\u00e1 protagonizar\u00eda un titular del tipo: \u00ab&#8230; fue vista por \u00faltima vez en Benalm\u00e1dena\u00bb.<\/p>\n<p class=\"v-p\">El sospechoso, en cambio, manifest\u00f3 que lo relatado por la joven era completamente falso y que las relaciones fueron en todo momento consentidas. La polic\u00eda lo arrest\u00f3 por detenci\u00f3n ilegal, un delito continuado de agresi\u00f3n sexual, lesiones, trato degradante, amenazas graves y coacciones. La titular del Juzgado de Violencia sobre la Mujer n\u00famero 3 de M\u00e1laga lo ha enviado a prisi\u00f3n y le ha impuesto una orden de alejamiento de 500 metros respecto a la v\u00edctima. <\/p>\n<p class=\"v-p\">\u00a0<\/p>\n","protected":false},"excerpt":{"rendered":"La declaraci\u00f3n de la v\u00edctima de la supuesta violaci\u00f3n tras una cita en Tinder y el registro realizado&hellip;\n","protected":false},"author":2,"featured_media":208445,"comment_status":"","ping_status":"","sticky":false,"template":"","format":"standard","meta":{"footnotes":""},"categories":[8],"tags":[17784,17,18,7716,25,24,13,14,3347,11,19,20,9,10,15,16,33444,23,35640,25155,56621,12,575,21,22,3033],"class_list":{"0":"post-208444","1":"post","2":"type-post","3":"status-publish","4":"format-standard","5":"has-post-thumbnail","7":"category-espana","8":"tag-benalmadena","9":"tag-breaking-news","10":"tag-breakingnews","11":"tag-cita","12":"tag-es","13":"tag-espana","14":"tag-featured-news","15":"tag-featurednews","16":"tag-genes","17":"tag-headlines","18":"tag-latest-news","19":"tag-latestnews","20":"tag-news","21":"tag-noticias","22":"tag-noticias-destacadas","23":"tag-noticiasdestacadas","24":"tag-quieres","25":"tag-spain","26":"tag-superiores","27":"tag-supuesta","28":"tag-tinder","29":"tag-titulares","30":"tag-tras","31":"tag-ultimas-noticias","32":"tag-ultimasnoticias","33":"tag-violacion"},"share_on_mastodon":{"url":"https:\/\/pubeurope.com\/@es\/115461551841575542","error":""},"_links":{"self":[{"href":"https:\/\/www.europesays.com\/es\/wp-json\/wp\/v2\/posts\/208444","targetHints":{"allow":["GET"]}}],"collection":[{"href":"https:\/\/www.europesays.com\/es\/wp-json\/wp\/v2\/posts"}],"about":[{"href":"https:\/\/www.europesays.com\/es\/wp-json\/wp\/v2\/types\/post"}],"author":[{"embeddable":true,"href":"https:\/\/www.europesays.com\/es\/wp-json\/wp\/v2\/users\/2"}],"replies":[{"embeddable":true,"href":"https:\/\/www.europesays.com\/es\/wp-json\/wp\/v2\/comments?post=208444"}],"version-history":[{"count":0,"href":"https:\/\/www.europesays.com\/es\/wp-json\/wp\/v2\/posts\/208444\/revisions"}],"wp:featuredmedia":[{"embeddable":true,"href":"https:\/\/www.europesays.com\/es\/wp-json\/wp\/v2\/media\/208445"}],"wp:attachment":[{"href":"https:\/\/www.europesays.com\/es\/wp-json\/wp\/v2\/media?parent=208444"}],"wp:term":[{"taxonomy":"category","embeddable":true,"href":"https:\/\/www.europesays.com\/es\/wp-json\/wp\/v2\/categories?post=208444"},{"taxonomy":"post_tag","embeddable":true,"href":"https:\/\/www.europesays.com\/es\/wp-json\/wp\/v2\/tags?post=208444"}],"curies":[{"name":"wp","href":"https:\/\/api.w.org\/{rel}","templated":true}]}}