{"id":208471,"date":"2025-10-30T06:22:12","date_gmt":"2025-10-30T06:22:12","guid":{"rendered":"https:\/\/www.europesays.com\/es\/208471\/"},"modified":"2025-10-30T06:22:12","modified_gmt":"2025-10-30T06:22:12","slug":"el-elche-pasa-a-la-segunda-ronda-de-copa-por-la-via-rapida-ante-los-garres-0-4","status":"publish","type":"post","link":"https:\/\/www.europesays.com\/es\/208471\/","title":{"rendered":"El Elche pasa a la segunda ronda de Copa por la v\u00eda r\u00e1pida ante Los Garres (0-4)"},"content":{"rendered":"<p><strong>El Elche cumpli\u00f3 en la primera ronda de Copa del Rey<\/strong> y venci\u00f3 con solvencia a la U.D. Los Garres por cero goles a cuatro. Un partido que los franjiverdes resolvieron en la primera mitad gracias a los tantos de Adam Boayar, Martim Neto y Mendoza. Redondo hizo el cuarto y la gran noticia fue el regreso de Yago de Santiago diez meses despu\u00e9s de su lesi\u00f3n.<\/p>\n<p>Un choque que empez\u00f3 con las rotaciones habituales del torneo del KO pero con titularidades llamativas como la de <strong>Andr\u00e9 Silva, Affengruber y Martim Neto<\/strong>. El t\u00e9cnico bilba\u00edno se notaba que buscaba pasar a la siguiente ronda por la v\u00eda r\u00e1pida ante un rival al que aventajan en cinco categor\u00edas.<\/p>\n<p>Desde el primer momento fue el cuadro franjiverde el que busc\u00f3 el primer tanto, con varios remates de Andr\u00e9 Silva y Martim Neto. Los locales avisaron con acercamientos peligrosos, pero fue <strong>Adam Boayar<\/strong> el que abri\u00f3 el marcador para el cuadro ilicitano en el 18\u2019 tras un pase de Pedrosa y marcar de un taconazo el 0-1.<\/p>\n<p>El cuadro murciano tuvo el empate minutos m\u00e1s tarde tras un disparo peligroso de Paquitas que se march\u00f3 rozando el palo. La r\u00e9plica la volvi\u00f3 a tener Andr\u00e9 Silva en un disparo que <strong>despej\u00f3 el meta Dani Navarro al larguero<\/strong>. El portero se estaba convirtiendo en el mejor de su equipo.<\/p>\n<p>Pese a todo, el conjunto murciano tuvo un nuevo acercamiento que termin\u00f3 en el remate de Paquitas que detuvo <strong>Mat\u00edas Dituro<\/strong> de manera providencial para evitar el empate. Los visitantes bajaron el pie del acelerador y no fue hasta los \u00faltimos minutos de la primera mitad cuando primero <strong>Andr\u00e9 Da Silva y posteriormente Rodrigo Mendoza<\/strong> materializaron la superioridad en el marcador y pusieron el 0-3 para dejar sentenciada la eliminatoria al descanso.<\/p>\n<p>Tras la reanudaci\u00f3n, Sarabia dio entrada a Rafa Mir y Pedro Bigas, retirando a Andr\u00e9 Silva y Affengruber. Poca historia tuvo el encuentro en los primeros compases, los visitantes bajaron el pie del acelerador y el partido baj\u00f3 el ritmo del partido. La mejor noticia fue el regreso de Yago de Santiago diez meses despu\u00e9s de su lesi\u00f3n.<\/p>\n<p>A falta de quince minutos una dura entrada sobre Rodrigo Mendoza fue castigada con roja a El\u00edas Fugas. En esa acci\u00f3n posterior lleg\u00f3 el cuarto del Elche mediante Fede Redondo y poniendo todav\u00eda m\u00e1s tierra de por medio. Con el 0-4 se lleg\u00f3 al final del encuentro. Los pupilos de Eder Sarabia estar\u00e1n en la siguiente ronda de Copa del Rey y <strong>ponen ya el foco en la visita al Bar\u00e7a del pr\u00f3ximo domingo<\/strong> (18:30 horas).<\/p>\n<p>\u00a0<\/p>\n<p><strong>Ficha t\u00e9cnica:<\/strong><\/p>\n<p><strong>U.D. Los Garres (0):\u00a0<\/strong>Dani Navarro; Enzo Varela, Jorge Mart\u00ednez, Fugas, Kahuan (Douglas 46\u2019), Luisito; Fran Mart\u00ednez (Iv\u00e1n L\u00f3pez 46\u2019), Serna (Carrillo 46\u2019), \u00c1ngel Luna, Paquitas (Alexis 59\u2019); Jos\u00e9 Fern\u00e1ndez (Paredes 67\u2019).<\/p>\n<p><strong>Elche C.F. (4)<\/strong>:\u00a0Dituro; H\u00e9ctor Fort (David 59\u2019), Affengruber (Bigas 46\u2019), Petrot, Pedrosa; Redondo; Josan, Mendoza, Martim Neto (Yago de Santiago 59\u2019), Adam Boayar; Andr\u00e9 Silva (Rafa Mir 46\u2019).<\/p>\n<p><strong>Goles:\u00a0<\/strong>0-1 (Adam Boayar 18\u2019), 0-2 (Martim Neto 45+1\u2019), 0-3 (Rodrigo Mendoza 45+3\u2019), 0-4 (Fede Redondo 76\u2019)<\/p>\n<p><strong>\u00c1rbitro<\/strong>: Mateo Busquets (comit\u00e9 balear). Amonest\u00f3 con tarjeta amarilla al local Luisito y expuls\u00f3 a Fugas.<\/p>\n<p><strong>Incidencias<\/strong>: Partido correspondiente a 1\u00aa ronda de Copa del Rey disputado en el estadio Enrique Roca ante 6.500 espectadores.<\/p>\n","protected":false},"excerpt":{"rendered":"El Elche cumpli\u00f3 en la primera ronda de Copa del Rey y venci\u00f3 con solvencia a la U.D.&hellip;\n","protected":false},"author":2,"featured_media":208472,"comment_status":"","ping_status":"","sticky":false,"template":"","format":"standard","meta":{"footnotes":""},"categories":[268],"tags":[1941,168,30412,8212,25,24,280,282,338,10995,281,23,167,56624],"class_list":{"0":"post-208471","1":"post","2":"type-post","3":"status-publish","4":"format-standard","5":"has-post-thumbnail","7":"category-futbol","8":"tag-copa-del-rey","9":"tag-deportes","10":"tag-eder-sarabia","11":"tag-elche-cf","12":"tag-es","13":"tag-espana","14":"tag-football","15":"tag-futbol","16":"tag-portada","17":"tag-portada-radio","18":"tag-soccer","19":"tag-spain","20":"tag-sports","21":"tag-ud-los-garres"},"share_on_mastodon":{"url":"https:\/\/pubeurope.com\/@es\/115461681620783237","error":""},"_links":{"self":[{"href":"https:\/\/www.europesays.com\/es\/wp-json\/wp\/v2\/posts\/208471","targetHints":{"allow":["GET"]}}],"collection":[{"href":"https:\/\/www.europesays.com\/es\/wp-json\/wp\/v2\/posts"}],"about":[{"href":"https:\/\/www.europesays.com\/es\/wp-json\/wp\/v2\/types\/post"}],"author":[{"embeddable":true,"href":"https:\/\/www.europesays.com\/es\/wp-json\/wp\/v2\/users\/2"}],"replies":[{"embeddable":true,"href":"https:\/\/www.europesays.com\/es\/wp-json\/wp\/v2\/comments?post=208471"}],"version-history":[{"count":0,"href":"https:\/\/www.europesays.com\/es\/wp-json\/wp\/v2\/posts\/208471\/revisions"}],"wp:featuredmedia":[{"embeddable":true,"href":"https:\/\/www.europesays.com\/es\/wp-json\/wp\/v2\/media\/208472"}],"wp:attachment":[{"href":"https:\/\/www.europesays.com\/es\/wp-json\/wp\/v2\/media?parent=208471"}],"wp:term":[{"taxonomy":"category","embeddable":true,"href":"https:\/\/www.europesays.com\/es\/wp-json\/wp\/v2\/categories?post=208471"},{"taxonomy":"post_tag","embeddable":true,"href":"https:\/\/www.europesays.com\/es\/wp-json\/wp\/v2\/tags?post=208471"}],"curies":[{"name":"wp","href":"https:\/\/api.w.org\/{rel}","templated":true}]}}