{"id":208493,"date":"2025-10-30T06:45:12","date_gmt":"2025-10-30T06:45:12","guid":{"rendered":"https:\/\/www.europesays.com\/es\/208493\/"},"modified":"2025-10-30T06:45:12","modified_gmt":"2025-10-30T06:45:12","slug":"marcos-criado-discriminan-a-mi-hijo-para-federarse-y-jugar-al-futbol-por-haber-nacido-en-bogota","status":"publish","type":"post","link":"https:\/\/www.europesays.com\/es\/208493\/","title":{"rendered":"Marcos Criado: \u00abDiscriminan a mi hijo para federarse y jugar al f\u00fatbol por haber nacido en Bogot\u00e1\u00bb"},"content":{"rendered":"<p>Marcos Criado nunca pens\u00f3 que fuera tan dif\u00edcil que su hijo de 11 a\u00f1os pudiera <a href=\"https:\/\/www.hoy.es\/caceres\/extraescolares-adelantan-inicio-curso-llegada-septiembre-20250907084623-nt.html\" target=\"_self\" data-voc-vtm-id=\"in-text-traffic\" title=\"jugar al f\u00fatbol en C\u00e1ceres\" data-mrf-link=\"www.hoy.es\" rel=\"nofollow noopener\">jugar al f\u00fatbol en C\u00e1ceres<\/a>. El peque\u00f1o, con nacionalidad  &#8230; espa\u00f1ola pero nacido en Bogot\u00e1 en el periodo en el que sus padres, ambos espa\u00f1oles, residieron all\u00ed, una d\u00e9cada, se ve obligado a cumplimentar m\u00e1s papeles que cualquier muchacho espa\u00f1ol. En concreto un certificado hist\u00f3rico de empadronamiento (que est\u00e1 tardando en conseguir) y una declaraci\u00f3n jurada por parte de sus progenitores para federarse y debutar en el equipo de alevines B del Club Polideportivo Vedruna del colegio Carmelitas.<\/p>\n<p class=\"v-p\">Son las condiciones establecidas por la Federaci\u00f3n Extreme\u00f1a de F\u00fatbol, que dice interpretar as\u00ed las exigencias globales que marca la FIFA. \u00abEs absolutamente discriminatorio, \u00e9l ha nacido en Bogot\u00e1 pero tiene la nacionalidad desde el mismo momento en el que naci\u00f3\u00bb, explica Criado, profesor de Derecho Constitucional en la UEx. Su hijo a\u00fan no ha podido disputar ni un solo partido. El primero le pill\u00f3 enfermo y en el segundo, el viernes pasado, no lo pudo jugar por esta exigencia burocr\u00e1tica. \u00abEl ni\u00f1o llevaba ilusionado toda la semana con jugar y cuando fui a recogerle al colegio le tuve que decir: hijo m\u00edo, no puedes jugar porque has nacido en Bogot\u00e1\u00bb, lamenta Marcos Criado. <\/p>\n<p class=\"v-p\">\u00abLo que me dice el club es que como en el DNI del ni\u00f1o pone nacido en Bogot\u00e1 tengo que presentar esos documentos, pero yo lo que pregunto es que si este ni\u00f1o en vez de nacido en Bogot\u00e1 pusiera Albacete, entonces estar\u00eda dado de alta, el hecho de nacer el Albacete o en Bogot\u00e1 no es un criterio razonable para aplicar dos reg\u00edmenes jur\u00eddicos distintos\u00bb, explica este acad\u00e9mico, que regres\u00f3 a Espa\u00f1a en septiembre, justo antes de que empezara el curso escolar, al que se incorporaron sus dos hijos. Eligieron el equipo en el que al principio de curso hab\u00eda plazas libres, ya que en julio, cuando suelen hacerse las fichas, a\u00fan no estaban aqu\u00ed. \u00abEs un gran aficionado al f\u00fatbol y quer\u00eda apuntarse a toda costa\u00bb.<\/p>\n<p>\nLa Federaci\u00f3n Extreme\u00f1a de F\u00fatbol argumenta que la medida se justifica para evitar \u00abel tr\u00e1fico de jugadores\u00bb\n<\/p>\n<p class=\"v-p\">A\u00f1ade una segunda complicaci\u00f3n. \u00abYo presento un escrito ante la Federaci\u00f3n Extreme\u00f1a de F\u00fatbol en el que les digo que teniendo en cuenta que es manifiestamente discriminatoria la exigencia de este requisito le permitan jugar el viernes y procedan a dar de alta la ficha sin necesidad de aportar documentos adicionales, a lo que me contesta un se\u00f1or que me da su nombre y me dice que \u00e9l me explica c\u00f3mo va el procedimiento\u00bb. Marcos indica entonces que el procedimiento lo conoce, pero que quiere saber cu\u00e1l es el art\u00edculo de la FIFA al que se refieren para poderlo leer \u00e9l, pero la respuesta que recibe es que ellos est\u00e1n para federar a su hijo y para agilizar el tr\u00e1mite con las condiciones que se le se\u00f1alan. Indica que en la web de la Federaci\u00f3n Extreme\u00f1a no ha logrado encontrar ninguna norma que diga eso. <\/p>\n<p>Tr\u00e1fico de jugadores<\/p>\n<p class=\"v-p\">Consultada por este diario, la Federaci\u00f3n Extreme\u00f1a de F\u00fatbol, a trav\u00e9s del gabinete de prensa, se\u00f1ala que se limitan a aplicar la normativa FIFA a nivel mundial para evitar \u00abel tr\u00e1fico de jugadores\u00bb y que tienen el procedimiento muy claro ya que cada vez aumenta m\u00e1s el n\u00famero de ni\u00f1os nacidos en diferentes pa\u00edses que juegan al f\u00fatbol. Indican tambi\u00e9n que este padre deber\u00eda haber \u00abagilizado antes\u00bb los tr\u00e1mites para evitar que su hijo no pudiera debutar con el Vedruna. <\/p>\n<p class=\"v-p\">Criado cree que el problema puede venir de una err\u00f3nea traducci\u00f3n, porque el art\u00edculo 19, que es el que contempla la regulaci\u00f3n del estatus y la transferencia de jugadores de la FIFA para evitar su explotaci\u00f3n y tr\u00e1fico no marca esas condiciones para casos como el de su hijo. <\/p>\n<p class=\"v-p\">Tampoco le ha parecido correcto que el coordinador del club deportivo Vedruna le empuje, como \u00fanica soluci\u00f3n, a que entregue la documentaci\u00f3n. \u00c9l le explica que esta norma esta hecha para evitar que \u00abclubs de desalmados\u00bb traigan a ni\u00f1os de \u00c1frica \u00aby cuando no valen les dejan tirados\u00bb. Criado considera firmemente que hay que defender a esos ni\u00f1os, pero cree que sacar el hist\u00f3rico del padr\u00f3n o una declaraci\u00f3n jurada a los ni\u00f1os que han nacido fuera \u00abno protege a estos ni\u00f1os\u00bb. <\/p>\n<p class=\"v-p\">Mientras manifiesta su inconformidad con todo este proceso Criado intenta llevar a cabo todos los tr\u00e1mites y espera con paciencia que el Ayuntamiento pueda entregarle el certificado de empadronamiento de su hijo pronto, porque en realidad, lo \u00fanico que \u00e9l quiere es que este juegue al f\u00fatbol cuanto antes.<\/p>\n","protected":false},"excerpt":{"rendered":"Marcos Criado nunca pens\u00f3 que fuera tan dif\u00edcil que su hijo de 11 a\u00f1os pudiera jugar al f\u00fatbol&hellip;\n","protected":false},"author":2,"featured_media":208494,"comment_status":"","ping_status":"","sticky":false,"template":"","format":"standard","meta":{"footnotes":""},"categories":[268],"tags":[5207,168,56628,25,24,56629,280,282,6633,30,7532,19833,281,23,167],"class_list":{"0":"post-208493","1":"post","2":"type-post","3":"status-publish","4":"format-standard","5":"has-post-thumbnail","7":"category-futbol","8":"tag-bogota","9":"tag-deportes","10":"tag-discriminan","11":"tag-es","12":"tag-espana","13":"tag-federarse","14":"tag-football","15":"tag-futbol","16":"tag-haber","17":"tag-hijo","18":"tag-jugar","19":"tag-nacido","20":"tag-soccer","21":"tag-spain","22":"tag-sports"},"share_on_mastodon":{"url":"https:\/\/pubeurope.com\/@es\/115461772071413186","error":""},"_links":{"self":[{"href":"https:\/\/www.europesays.com\/es\/wp-json\/wp\/v2\/posts\/208493","targetHints":{"allow":["GET"]}}],"collection":[{"href":"https:\/\/www.europesays.com\/es\/wp-json\/wp\/v2\/posts"}],"about":[{"href":"https:\/\/www.europesays.com\/es\/wp-json\/wp\/v2\/types\/post"}],"author":[{"embeddable":true,"href":"https:\/\/www.europesays.com\/es\/wp-json\/wp\/v2\/users\/2"}],"replies":[{"embeddable":true,"href":"https:\/\/www.europesays.com\/es\/wp-json\/wp\/v2\/comments?post=208493"}],"version-history":[{"count":0,"href":"https:\/\/www.europesays.com\/es\/wp-json\/wp\/v2\/posts\/208493\/revisions"}],"wp:featuredmedia":[{"embeddable":true,"href":"https:\/\/www.europesays.com\/es\/wp-json\/wp\/v2\/media\/208494"}],"wp:attachment":[{"href":"https:\/\/www.europesays.com\/es\/wp-json\/wp\/v2\/media?parent=208493"}],"wp:term":[{"taxonomy":"category","embeddable":true,"href":"https:\/\/www.europesays.com\/es\/wp-json\/wp\/v2\/categories?post=208493"},{"taxonomy":"post_tag","embeddable":true,"href":"https:\/\/www.europesays.com\/es\/wp-json\/wp\/v2\/tags?post=208493"}],"curies":[{"name":"wp","href":"https:\/\/api.w.org\/{rel}","templated":true}]}}