{"id":208496,"date":"2025-10-30T06:49:25","date_gmt":"2025-10-30T06:49:25","guid":{"rendered":"https:\/\/www.europesays.com\/es\/208496\/"},"modified":"2025-10-30T06:49:25","modified_gmt":"2025-10-30T06:49:25","slug":"la-promesa-avance-del-capitulo-705-del-jueves-30-de-octubre-de-2025","status":"publish","type":"post","link":"https:\/\/www.europesays.com\/es\/208496\/","title":{"rendered":"&#8216;La Promesa&#8217;, avance del cap\u00edtulo 705 del jueves 30 de octubre de 2025"},"content":{"rendered":"<p data-journey-content=\"true\" data-node-id=\"4\" class=\"css-6wxqfj emevuu60\">En el <a href=\"https:\/\/www.diezminutos.es\/telenovela\/espanolas\/a69118003\/la-promesa-avance-capitulo-704-lunes-27-octubre-2025-tve\/\" target=\"_blank\" data-vars-ga-outbound-link=\"https:\/\/www.diezminutos.es\/telenovela\/espanolas\/a69118003\/la-promesa-avance-capitulo-704-lunes-27-octubre-2025-tve\/\" data-vars-ga-ux-element=\"Hyperlink\" data-vars-ga-call-to-action=\"cap\u00edtulo anterior de &#039;La Promesa&#039;\" data-node-id=\"4.1\" class=\"body-link css-177bzfx emevuu60\" rel=\"nofollow noopener\">cap\u00edtulo anterior de &#8216;La Promesa&#8217;<\/a>, Enora confiesa a Manuel y a To\u00f1o que intent\u00f3 vender la idea del prototipo del motor para ayudar econ\u00f3micamente a su t\u00edo. Adriano admite a Martina que est\u00e1 m\u00e1s tranquilo tras entregar la carta al detective. Ella le aconseja centrarse en sus hijos. Leocadia pide a Petra que regrese al trabajo y recupere la gesti\u00f3n del servicio. \u00c1ngela no da los pasos que se esperan de ella de cara a Beltr\u00e1n. La pareja conversa sobre un caso legal y chocan en sus posturas en vez de acercarse. Martina intenta recomponer su relaci\u00f3n con Jacobo celebrando una cena \u00edntima, pero fracasa. \u00c1ngela se desahoga con Curro y Alonso sobre su situaci\u00f3n con Lorenzo, y desarrolla un v\u00ednculo m\u00e1s fluido con Beltr\u00e1n, a quien Leocadia le ofrece una generosa dote. <\/p>\n<p><img draggable=\"true\" alt=\"la promesa maria fernandez y pia\" title=\"la promesa maria fernandez y pia\" loading=\"lazy\" width=\"4096\" height=\"2731\" decoding=\"async\" data-nimg=\"1\" style=\"color:transparent;width:100%;height:auto;\"   src=\"https:\/\/www.europesays.com\/es\/wp-content\/uploads\/2025\/10\/promesa-2-69022c6c157c6.jpg\" class=\"css-0 e1g79fud0\"\/><\/p>\n<p>Productora<\/p>\n<p>Simona y Candela logran que To\u00f1o reconsidere su postura sobre Enora en \u2018La Promesa\u2019<\/p>\n<p data-journey-content=\"true\" data-node-id=\"9\" class=\"css-6wxqfj emevuu60\">La se\u00f1ora de Figueroa confirma que Catalina no pudo enviar la carta y sospecha de alguien del entorno. \u00bfEstar\u00e1 en lo cierto?  Simona y Candela logran que To\u00f1o reconsidere su postura sobre Enora, aunque Manuel sigue sin confiar en ella. Samuel y Mar\u00eda Fern\u00e1ndez retoman el di\u00e1logo tras la confesi\u00f3n del embarazo, mientras P\u00eda la anima a reflexionar sobre su decisi\u00f3n. Crist\u00f3bal, siguiendo \u00f3rdenes de Leocadia, informa a Petra de que no puede seguir en su puesto.<\/p>\n<p>El pr\u00f3ximo \u00e9xito culinario de Lope en \u2018La Promesa\u2019<\/p>\n<p data-journey-content=\"true\" data-node-id=\"12\" class=\"css-6wxqfj emevuu60\">En el cap\u00edtulo de este jueves en &#8216;<a href=\"https:\/\/www.diezminutos.es\/telenovela-la-promesa\/\" target=\"_blank\" data-vars-ga-outbound-link=\"https:\/\/www.diezminutos.es\/telenovela-la-promesa\/\" data-vars-ga-ux-element=\"Hyperlink\" data-vars-ga-call-to-action=\"La Promesa\" data-node-id=\"12.1\" class=\"body-link css-177bzfx emevuu60\" rel=\"nofollow noopener\">La Promesa<\/a>&#8216;, el tiempo corre para Petra: Crist\u00f3bal le da un ultim\u00e1tum de unos pocos d\u00edas para demostrar su val\u00eda como ama de llaves o ser\u00e1 despedida. Manuel, finalmente, decide darle una nueva oportunidad a Enora y la trae de vuelta al hangar para seguir trabajando. To\u00f1o, por su parte, le pide tiempo a la joven para recuperar la confianza. Simona y Candela insisten a Lope en que deber\u00eda publicar un libro con sus recetas ilustradas. Mar\u00eda Fern\u00e1ndez confiesa a P\u00eda que ha tomado una decisi\u00f3n: no tendr\u00e1 al beb\u00e9. \u00c1ngela sigue esquivando a Lorenzo como puede y Curro decide tomar una dr\u00e1stica decisi\u00f3n para ayudar a la joven a continuar con el plan de su madre. \u00bfDe qu\u00e9 se trata?<br data-node-id=\"12.3\"\/><\/p>\n<p><img src=\"https:\/\/www.europesays.com\/es\/wp-content\/uploads\/2025\/10\/1761806965_115_43af9b8f-983e-4e74-8e74-9a7479b0966b_1681831601.file\" alt=\"Headshot of Pilar Mart\u00ednez\" title=\"Headshot of Pilar Mart\u00ednez\" width=\"100%\" height=\"100%\" decoding=\"async\" loading=\"lazy\" class=\"css-o0wq4v ev8dhu53\"\/><\/p>\n<p>Pilar Mart\u00ednez es periodista especializada en contenidos de televisi\u00f3n y cultura, se gradu\u00f3 en la carrera en Periodismo en la Facultad de Ciencias de la Informaci\u00f3n (Universidad Complutense de Madrid) en el a\u00f1o 2018. Desde entonces ha pasado por las redacciones de Ecoteuve (El Economista), donde realiz\u00f3 sus primeras pr\u00e1cticas durante el verano del 2016.<\/p>\n<p>Posteriormente, concretamente, en el a\u00f1o 2017 se pas\u00f3 al grupo Hearst Espa\u00f1a, donde comenz\u00f3 su andadura en las revistas de televisi\u00f3n: Supertele, Teleprograma, Telenovela. Ahora colabora con Diez Minutos, en su versi\u00f3n web, donde se encarga de realizar los avances semanales de las ficciones diarias de moda, as\u00ed como entrevistas y art\u00edculos sobre los melodramas o telenovelas que aterrizan en nuestro pa\u00eds y aquellos que est\u00e1n por venir.<\/p>\n<p>Toda una cazadora de exclusivas. A esto, se suma su puesto como redactora jefe de la secci\u00f3n de novela narrativa en la revista Culturamas, medio digital de alto impacto al que lleva unida desde el a\u00f1o 2013. \u00c1vida lectora, cin\u00e9fila y seri\u00e9fila de primer nivel, ha hecho de su vocaci\u00f3n su oficio. \u00a0<\/p>\n","protected":false},"excerpt":{"rendered":"En el cap\u00edtulo anterior de &#8216;La Promesa&#8217;, Enora confiesa a Manuel y a To\u00f1o que intent\u00f3 vender la&hellip;\n","protected":false},"author":2,"featured_media":208497,"comment_status":"","ping_status":"","sticky":false,"template":"","format":"standard","meta":{"footnotes":""},"categories":[171],"tags":[253,146,147,25,24,23,214],"class_list":{"0":"post-208496","1":"post","2":"type-post","3":"status-publish","4":"format-standard","5":"has-post-thumbnail","7":"category-tv","8":"tag-discover","9":"tag-entertainment","10":"tag-entretenimiento","11":"tag-es","12":"tag-espana","13":"tag-spain","14":"tag-tv"},"share_on_mastodon":{"url":"https:\/\/pubeurope.com\/@es\/115461788030533888","error":""},"_links":{"self":[{"href":"https:\/\/www.europesays.com\/es\/wp-json\/wp\/v2\/posts\/208496","targetHints":{"allow":["GET"]}}],"collection":[{"href":"https:\/\/www.europesays.com\/es\/wp-json\/wp\/v2\/posts"}],"about":[{"href":"https:\/\/www.europesays.com\/es\/wp-json\/wp\/v2\/types\/post"}],"author":[{"embeddable":true,"href":"https:\/\/www.europesays.com\/es\/wp-json\/wp\/v2\/users\/2"}],"replies":[{"embeddable":true,"href":"https:\/\/www.europesays.com\/es\/wp-json\/wp\/v2\/comments?post=208496"}],"version-history":[{"count":0,"href":"https:\/\/www.europesays.com\/es\/wp-json\/wp\/v2\/posts\/208496\/revisions"}],"wp:featuredmedia":[{"embeddable":true,"href":"https:\/\/www.europesays.com\/es\/wp-json\/wp\/v2\/media\/208497"}],"wp:attachment":[{"href":"https:\/\/www.europesays.com\/es\/wp-json\/wp\/v2\/media?parent=208496"}],"wp:term":[{"taxonomy":"category","embeddable":true,"href":"https:\/\/www.europesays.com\/es\/wp-json\/wp\/v2\/categories?post=208496"},{"taxonomy":"post_tag","embeddable":true,"href":"https:\/\/www.europesays.com\/es\/wp-json\/wp\/v2\/tags?post=208496"}],"curies":[{"name":"wp","href":"https:\/\/api.w.org\/{rel}","templated":true}]}}