{"id":208509,"date":"2025-10-30T06:58:23","date_gmt":"2025-10-30T06:58:23","guid":{"rendered":"https:\/\/www.europesays.com\/es\/208509\/"},"modified":"2025-10-30T06:58:23","modified_gmt":"2025-10-30T06:58:23","slug":"llega-lo-peor-de-la-intensa-borrasca-con-aviso-rojo-por-riesgo-extremo-por-lluvias-en-estas-zonas","status":"publish","type":"post","link":"https:\/\/www.europesays.com\/es\/208509\/","title":{"rendered":"llega lo peor de la intensa borrasca con aviso rojo por \u00abriesgo extremo por lluvias\u00bb en estas zonas"},"content":{"rendered":"<p>            Las claves<\/p>\n<p>\n                nuevo<br \/>\n                Generado con IA\n            <\/p>\n<p>        <a class=\"key__news__heading--closed-content\" href=\"http:\/\/www.elespanol.com\/suscripciones\/#utm_source=internal&amp;utm_medium=claves\" rel=\"nofollow noopener\" target=\"_blank\"><\/p>\n<p class=\"item--text\">\n                            Aemet activa el aviso rojo por riesgo extremo de lluvias en Huelva debido a una intensa borrasca que afecta al suroeste peninsular.\n                        <\/p>\n<p class=\"item--text\">\n                            Se prev\u00e9n precipitaciones persistentes y tormentas en Extremadura, oeste de Andaluc\u00eda y Castilla la Mancha, con riesgo de trombas marinas y tornados en el Golfo de C\u00e1diz.\n                        <\/p>\n<p class=\"item--text\">\n                            La Junta de Andaluc\u00eda eleva a fase de emergencia el Plan ante el Riesgo de Inundaciones y recomienda evitar desplazamientos ante acumulaciones de agua.\n                        <\/p>\n<p class=\"item--text\">\n                            Las temperaturas nocturnas bajar\u00e1n ligeramente, mientras que las diurnas subir\u00e1n con valores suaves, especialmente en el Cant\u00e1brico y Mediterr\u00e1neo.\n                        <\/p>\n<p class=\"paragraph\" id=\"paragraph_1\">La Agencia Estatal de Meteorolog\u00eda (Aemet) ha activado el aviso rojo por <strong>riesgo extremo de lluvias<\/strong> en la <strong>provincia de Huelva<\/strong>, a causa de <a href=\"https:\/\/www.elespanol.com\/ciencia\/meteorologia\/20251027\/llega-fuerte-rio-borrascas-aemet-avisa-espana-lm2-lluvia-proximas-horas-zonas\/1003743987237_0.html?utm_cmp_rs=linksinline\" rel=\"nofollow noopener\" target=\"_blank\">la <strong>intensa borrasca<\/strong><\/a> que afecta desde hace horas al suroeste peninsular. La Junta de Andaluc\u00eda ha elevado a fase de emergencia situaci\u00f3n operativa 1 el Plan ante el Riesgo de Inundaciones (PERI) en Andaluc\u00eda, y llama a los ciudadanos a \u00abevitar desplazamientos\u00bb por acumulaciones de <strong>hasta 120 l\/m2 en doce horas<\/strong>.<\/p>\n<p class=\"paragraph\" id=\"paragraph_2\">Seg\u00fan el pron\u00f3stico de Aemet, se prev\u00e9n <strong>precipitaciones persistentes<\/strong> en Extremadura, Sistema Central, oeste de Castilla la Mancha y oeste de Andaluc\u00eda, as\u00ed como en los litorales andaluces. Se esperan <strong>tormentas<\/strong> en amplias zonas del cuadrante suroeste de la Pen\u00ednsula, as\u00ed como en la zona del Estrecho y sur de Andaluc\u00eda, sin descartar <strong>trombas marinas o tornados <\/strong>en litorales del Golfo de C\u00e1diz, interiores de Huelva y C\u00e1diz, que pueden extenderse al valle del Guadalquivir.<\/p>\n<p class=\"paragraph\" id=\"paragraph_3\">Seg\u00fan la Junta de Andaluc\u00eda, la provincia de Sevilla est\u00e1 concentrando el grueso de los avisos con 69 casos, mientras que en C\u00e1diz y Huelva se han atendido algunos casos puntuales -cinco en cada una de estas provincias- y una en C\u00f3rdoba. Las <strong>anegaciones del viario p\u00fablico<\/strong>, locales, s\u00f3tanos y plantas bajas, as\u00ed como las anomal\u00edas en la red secundaria de carreteras por balsas de agua concentran la mayor\u00eda de las atenciones.<\/p>\n<p><img loading=\"lazy\" decoding=\"async\" alt=\"Francisco Doblas.\" height=\"180\" src=\"https:\/\/www.europesays.com\/es\/wp-content\/uploads\/2025\/10\/1003743989709_259625988_320x180.jpg\" width=\"320\" data-lazy-status=\"processed\" data-lazy-info=\"remove loading item 1\"\/><\/p>\n<p class=\"paragraph\" id=\"paragraph_4\">Aemet tiene activo avisos amarillos por lluvias y tormentas en toda la provincia de C\u00e1diz, en C\u00f3rdoba (Campi\u00f1a, Sierra y Pedroches), en M\u00e1laga (Sol y Guadalhorce, Ronda y Axarqu\u00eda) y en Granada (Costa, Nevada y Alpujarras), hasta las 00.00 horas del jueves 30. La jornada estar\u00e1 marcada tambi\u00e9n por <strong>vientos de hasta 70 km\/h en<\/strong> las provincias de C\u00e1diz y Huelva al completo y en Sevilla (Campi\u00f1a y Sierra Norte).<\/p>\n<blockquote class=\"twitter-tweet\">\n<p dir=\"ltr\" lang=\"es\">\u26a0\ufe0f\ud83d\udd34AVISO ROJO | Lluvias torrenciales en el litoral de Huelva y en la zona de And\u00e9valo y Condado.<\/p>\n<p>\u27a1\ufe0f Acumulados de m\u00e1s de 60 l\/m\u00b2 en una hora y 120 l\/m\u00b2 en doce horas.<\/p>\n<p>\u27a1\ufe0f \u00a1Peligro extraordinario! Puede haber inundaciones y crecidas. Sigue recomendaciones de Protecci\u00f3n Civil. <a href=\"https:\/\/t.co\/RgqSjiBhkP\" rel=\"nofollow\">pic.twitter.com\/RgqSjiBhkP<\/a><\/p>\n<p>\u2014 AEMET (@AEMET_Esp) <a href=\"https:\/\/twitter.com\/AEMET_Esp\/status\/1983468639421669457?ref_src=twsrc%5Etfw\" rel=\"nofollow noopener\" target=\"_blank\">October 29, 2025<\/a><\/p><\/blockquote>\n<p class=\"paragraph\" id=\"paragraph_5\">El portavoz de Aemet, Rub\u00e9n Del Campo, ha indicado que <strong>la inestabilidad se desplazar\u00e1 el jueves hacia el este del territorio<\/strong>. Podr\u00e1 haber chubascos intensos en el sur de Castilla-La Mancha y Andaluc\u00eda Oriental y no se descarta que tambi\u00e9n caigan en Baleares. En el resto del centro y del sur de la Pen\u00ednsula ser\u00e1n m\u00e1s dispersos. Por la tarde, un nuevo frente llegar\u00e1 a Galicia y dejar\u00e1 lluvias persistentes en el oeste de esta comunidad aut\u00f3noma.<\/p>\n<p><img decoding=\"async\" alt=\"Efectos de la dana en el municipio de Alfafar, imagen de archivo. Europa Press \/ Rober Solsona\" height=\"180\" loading=\"lazy\" width=\"320\" data-lazy-status=\"processed\" id=\"ee40107212\" src=\"https:\/\/www.elespanol.com\/ciencia\/meteorologia\/20251029\/aemet-avisa-espana-llega-peor-intensa-borrasca-aviso-rojo-riesgo-extremo-lluvias-zonas\/[\" https:=\"\" data-lazy-info=\"changed src\"\/><\/p>\n<p class=\"paragraph\" id=\"paragraph_6\">Adem\u00e1s, las temperaturas nocturnas bajar\u00e1n ligeramente mientras que subir\u00e1n las diurnas con valores que ser\u00e1n en general suaves. As\u00ed, <strong>los term\u00f3metros llegar\u00e1n a m\u00e1s de 20\u00baC<\/strong> en el Cant\u00e1brico, Mediterr\u00e1neo y puntos del centro y sur peninsulares. El frente ir\u00e1 avanzando hacia el oeste el viernes, jornada que ser\u00e1 <strong>muy lluviosa <\/strong>en el sur de Galicia, oeste y sur de Castilla y Le\u00f3n y en el norte de Extremadura.<\/p>\n<p class=\"paragraph\" id=\"paragraph_7\">Las precipitaciones se podr\u00e1n extender por el Cant\u00e1brico, al resto de Castilla y Le\u00f3n, por el resto de Extremadura y la zona centro. Sin embargo, no llegar\u00e1n al este de la Pen\u00ednsula ni a Baleares. Las temperaturas diurnas estar\u00e1n en descenso, pero en l\u00edneas generales el <strong>ambiente ser\u00e1 propio del oto\u00f1o<\/strong>. De cara al fin de semana, Del Campo ha indicado que el s\u00e1bado volver\u00e1 a llover en las mismas zonas que el viernes, sobre todo en el oeste de la Pen\u00ednsula.<\/p>\n<p class=\"paragraph\" id=\"paragraph_8\">Ya el domingo, la predicci\u00f3n recoge que ser\u00e1 una <strong>jornada con chubascos dispersos<\/strong> que podr\u00e1n afectar a amplias zonas del territorio. Las temperaturas tender\u00e1n a bajar hasta valores propios de la \u00e9poca del a\u00f1o. En lo que respecta a Canarias, el portavoz del organismo estatal ha especificado que habr\u00e1 intervalos nubosos hasta el viernes con lluvias en general d\u00e9biles en las islas m\u00e1s monta\u00f1osas, sobre todo en vertientes norte y oeste.<\/p>\n<p>                                    <script async src=\"https:\/\/platform.twitter.com\/widgets.js\" charset=\"utf-8\"><\/script><\/p>\n","protected":false},"excerpt":{"rendered":"Las claves nuevo Generado con IA Aemet activa el aviso rojo por riesgo extremo de lluvias en Huelva&hellip;\n","protected":false},"author":2,"featured_media":208510,"comment_status":"","ping_status":"","sticky":false,"template":"","format":"standard","meta":{"footnotes":""},"categories":[8],"tags":[2980,17,18,25,24,13,14,11,19,20,1479,11347,9,10,15,16,23,6195,12,21,22],"class_list":{"0":"post-208509","1":"post","2":"type-post","3":"status-publish","4":"format-standard","5":"has-post-thumbnail","7":"category-espana","8":"tag-aemet","9":"tag-breaking-news","10":"tag-breakingnews","11":"tag-es","12":"tag-espana","13":"tag-featured-news","14":"tag-featurednews","15":"tag-headlines","16":"tag-latest-news","17":"tag-latestnews","18":"tag-lluvia","19":"tag-meteorologia","20":"tag-news","21":"tag-noticias","22":"tag-noticias-destacadas","23":"tag-noticiasdestacadas","24":"tag-spain","25":"tag-temperaturas","26":"tag-titulares","27":"tag-ultimas-noticias","28":"tag-ultimasnoticias"},"share_on_mastodon":{"url":"https:\/\/pubeurope.com\/@es\/115461823668267199","error":""},"_links":{"self":[{"href":"https:\/\/www.europesays.com\/es\/wp-json\/wp\/v2\/posts\/208509","targetHints":{"allow":["GET"]}}],"collection":[{"href":"https:\/\/www.europesays.com\/es\/wp-json\/wp\/v2\/posts"}],"about":[{"href":"https:\/\/www.europesays.com\/es\/wp-json\/wp\/v2\/types\/post"}],"author":[{"embeddable":true,"href":"https:\/\/www.europesays.com\/es\/wp-json\/wp\/v2\/users\/2"}],"replies":[{"embeddable":true,"href":"https:\/\/www.europesays.com\/es\/wp-json\/wp\/v2\/comments?post=208509"}],"version-history":[{"count":0,"href":"https:\/\/www.europesays.com\/es\/wp-json\/wp\/v2\/posts\/208509\/revisions"}],"wp:featuredmedia":[{"embeddable":true,"href":"https:\/\/www.europesays.com\/es\/wp-json\/wp\/v2\/media\/208510"}],"wp:attachment":[{"href":"https:\/\/www.europesays.com\/es\/wp-json\/wp\/v2\/media?parent=208509"}],"wp:term":[{"taxonomy":"category","embeddable":true,"href":"https:\/\/www.europesays.com\/es\/wp-json\/wp\/v2\/categories?post=208509"},{"taxonomy":"post_tag","embeddable":true,"href":"https:\/\/www.europesays.com\/es\/wp-json\/wp\/v2\/tags?post=208509"}],"curies":[{"name":"wp","href":"https:\/\/api.w.org\/{rel}","templated":true}]}}