{"id":208515,"date":"2025-10-30T07:08:08","date_gmt":"2025-10-30T07:08:08","guid":{"rendered":"https:\/\/www.europesays.com\/es\/208515\/"},"modified":"2025-10-30T07:08:08","modified_gmt":"2025-10-30T07:08:08","slug":"charla-en-el-vestuario-de-perfumerias-avenida-es-una-derrota-dura","status":"publish","type":"post","link":"https:\/\/www.europesays.com\/es\/208515\/","title":{"rendered":"Charla en el vestuario de Perfumer\u00edas Avenida: \u00abEs una derrota dura\u00bb"},"content":{"rendered":"<p class=\"paragraph-atom &#10;        A-500-300-700-N A-550-300-700-N--md  \">Durante aproximadamente quince minutos, Anna Monta\u00f1ana se reuni\u00f3 con su cuerpo t\u00e9cnico y sus jugadores en el vestuario del W\u00fcrzburg Silvia Dom\u00ednguez tras perder ante Panathinaikos. Posteriormente, la entrenadora sali\u00f3 a atender los medios de comunicaci\u00f3n.<\/p>\n<p class=\"paragraph-atom &#10;        A-500-300-700-N A-550-300-700-N--md  \"><strong>Valoraci\u00f3n.<\/strong> \u201cNo estamos donde queremos, obviamente. Y no hemos hecho lo que ten\u00edamos que hacer para poder romper este partido. La primera parte les hemos dejado vivir en situaciones que podr\u00edamos haber hecho un esfuerzo mucho m\u00e1s grande en finales de posesi\u00f3n, que es algo que nos est\u00e1 costando. Nos est\u00e1 faltando cerrar los partidos y que a\u00fan no sabemos gestionar. Es una derrota dura\u201d.<\/p>\n<p class=\"paragraph-atom &#10;        A-500-300-700-N A-550-300-700-N--md  \"><strong>\u00bfEn qu\u00e9 hay que mejorar?<\/strong> \u201cNo es que estemos muy lejos, pero necesitamos hacer ese clic. No es que no sepan competir individualmente, pero s\u00ed competir como grupo y cerrar las defensas. Es una situaci\u00f3n complicada porque la historia del club habla por s\u00ed sola y no estamos acostumbrados a perder este tipo de partidos\u201d.<\/p>\n<p class=\"paragraph-atom &#10;        A-500-300-700-N A-550-300-700-N--md  \"><strong>Aspecto an\u00edmico.<\/strong> \u201cClaro que va a hacer mella, igual que hizo el domingo, igual que hizo el de Araski. Ten\u00edamos que haber aprendido m\u00e1s r\u00e1pidamente\u201d.<\/p>\n<p class=\"paragraph-atom &#10;        A-500-300-700-N A-550-300-700-N--md  \"><strong>El nivel de Cave, Iyana y Soriano.<\/strong> \u201cSon las jugadoras que est\u00e1n resolviendo m\u00e1s situaciones. Y parte de la adaptaci\u00f3n es saber d\u00f3nde estamos y jugar ante esta afici\u00f3n y con esa presi\u00f3n. Hay que saber eso para aprender los tiros que hay que meter. Es la primera vez que se ha visto un equipo tan nuevo de un a\u00f1o para otro y la adaptaci\u00f3n est\u00e1 siendo complicada\u201d.  <\/p>\n<p class=\"paragraph-atom &#10;        A-500-300-700-N A-550-300-700-N--md  \"><strong>\u00bfQu\u00e9 le dice Jorge Recio?<\/strong> \u201cHay que apretar y hacer entender que esto no nos puede pasar\u201d.<\/p>\n","protected":false},"excerpt":{"rendered":"Durante aproximadamente quince minutos, Anna Monta\u00f1ana se reuni\u00f3 con su cuerpo t\u00e9cnico y sus jugadores en el vestuario&hellip;\n","protected":false},"author":2,"featured_media":208516,"comment_status":"","ping_status":"","sticky":false,"template":"","format":"standard","meta":{"footnotes":""},"categories":[268],"tags":[14092,15502,168,2244,25,24,280,282,14091,281,23,167,28690],"class_list":{"0":"post-208515","1":"post","2":"type-post","3":"status-publish","4":"format-standard","5":"has-post-thumbnail","7":"category-futbol","8":"tag-avenida","9":"tag-charla","10":"tag-deportes","11":"tag-derrota","12":"tag-es","13":"tag-espana","14":"tag-football","15":"tag-futbol","16":"tag-perfumerias","17":"tag-soccer","18":"tag-spain","19":"tag-sports","20":"tag-vestuario"},"share_on_mastodon":{"url":"https:\/\/pubeurope.com\/@es\/115461862497994001","error":""},"_links":{"self":[{"href":"https:\/\/www.europesays.com\/es\/wp-json\/wp\/v2\/posts\/208515","targetHints":{"allow":["GET"]}}],"collection":[{"href":"https:\/\/www.europesays.com\/es\/wp-json\/wp\/v2\/posts"}],"about":[{"href":"https:\/\/www.europesays.com\/es\/wp-json\/wp\/v2\/types\/post"}],"author":[{"embeddable":true,"href":"https:\/\/www.europesays.com\/es\/wp-json\/wp\/v2\/users\/2"}],"replies":[{"embeddable":true,"href":"https:\/\/www.europesays.com\/es\/wp-json\/wp\/v2\/comments?post=208515"}],"version-history":[{"count":0,"href":"https:\/\/www.europesays.com\/es\/wp-json\/wp\/v2\/posts\/208515\/revisions"}],"wp:featuredmedia":[{"embeddable":true,"href":"https:\/\/www.europesays.com\/es\/wp-json\/wp\/v2\/media\/208516"}],"wp:attachment":[{"href":"https:\/\/www.europesays.com\/es\/wp-json\/wp\/v2\/media?parent=208515"}],"wp:term":[{"taxonomy":"category","embeddable":true,"href":"https:\/\/www.europesays.com\/es\/wp-json\/wp\/v2\/categories?post=208515"},{"taxonomy":"post_tag","embeddable":true,"href":"https:\/\/www.europesays.com\/es\/wp-json\/wp\/v2\/tags?post=208515"}],"curies":[{"name":"wp","href":"https:\/\/api.w.org\/{rel}","templated":true}]}}