{"id":208529,"date":"2025-10-30T07:18:16","date_gmt":"2025-10-30T07:18:16","guid":{"rendered":"https:\/\/www.europesays.com\/es\/208529\/"},"modified":"2025-10-30T07:18:16","modified_gmt":"2025-10-30T07:18:16","slug":"arguello-vislumbra-en-el-nuevo-disco-de-rosalia-una-corriente-de-fondo-que-reconecta-a-los-jovenes-con-la-religion","status":"publish","type":"post","link":"https:\/\/www.europesays.com\/es\/208529\/","title":{"rendered":"Arg\u00fcello vislumbra en el nuevo disco de Rosal\u00eda una \u00abcorriente de fondo\u00bb que reconecta a los j\u00f3venes con la religi\u00f3n"},"content":{"rendered":"<p style=\"\">El presidente de la Conferencia Episcopal, Luis Arg\u00fcello, ha vislumbrado en el lanzamiento del<a href=\"https:\/\/www.abc.es\/recreo\/carlos-herrera-escucha-nueva-cancion-rosalia-opina-20251029111300-nt.html\" target=\"_self\" data-voc-vtm-id=\"in-text-traffic\" title=\" nuevo disco de la cantante espa\u00f1ola Rosal\u00eda\" rel=\"nofollow noopener\"> nuevo disco de la cantante espa\u00f1ola Rosal\u00eda<\/a>, titulado &#8216;Lux&#8217; y envuelto en concepto espiritual que se traduce tambi\u00e9n en la est\u00e9tica que lo viste, una \u00abcorriente de fondo\u00bb que, m\u00e1s  &#8230; all\u00e1 de la moda que puede impulsar a la int\u00e9rprete catalana y su equipo de marketing, reconecta a los j\u00f3venes con la religi\u00f3n y que, adem\u00e1s, alberga otro tipo de manifestaciones.<\/p>\n<p class=\"voc-p\" style=\"\">Seg\u00fan ha explicado en declaraciones recogidas por Ical en la Universidad Pontificia de Salamanca durante el acto inaugural de las LVII Jornadas tituladas &#8216;IA y Teolog\u00eda: una relaci\u00f3n a construir&#8217;, existen \u00abvarios asuntos\u00bb que, quiz\u00e1 por casualidad, \u00abhan coincidido en el tiempo en Espa\u00f1a\u00bb y que hacen que, \u00abcomo todo, pueda hablarse de moda\u00bb, pero insisti\u00f3 en fijarse en la \u00abcorriente de fondo\u00bb.<\/p>\n<p class=\"voc-p\" style=\"\">\u00abHemos visto c\u00f3mo se ha concedido el Princesa de Asturias a un fil\u00f3sofo coreano que vive en Alemania y que acaba de escribir un \u00faltimo libro sobre Dios de la mano de Simone Weil. Un hombre que ha seguido una trayectoria y que hoy, desde su propio pensamiento, nos habla de Dios\u00bb, ha ejemplificado en primer lugar para recordar a continuaci\u00f3n que <a href=\"https:\/\/www.abc.es\/play\/cine\/criticas\/domingos-cine-sabiamente-laborable-alauda-ruiz-azua-20251022020547-nt.html\" target=\"_self\" data-voc-vtm-id=\"in-text-traffic\" title=\"el Festival de Cine de San Sebasti\u00e1n\" rel=\"nofollow noopener\">el Festival de Cine de San Sebasti\u00e1n<\/a> premi\u00f3 una pel\u00edcula que \u00abdibuja el recorrido vocacional de una muchacha\u00bb y luego, apunt\u00f3, \u00ablo de Rosal\u00eda\u00bb.<\/p>\n<p class=\"voc-p\" style=\"\">\u00abTodo esto puede tener que ver con un marketing, pero el marketing tambi\u00e9n trata de descubrir las corrientes de fondo. Y si Rosal\u00eda y su equipo de marketing ve que hablar de Dios, vestirse como una monja y cantar las consecuencias del vac\u00edo existencial que provoca el materialismo, tiene algo que decir, seguramente es porque haya una corriente de fondo\u00bb, ha insistido.<\/p>\n<p class=\"voc-p\" style=\"\">Asimismo, ha acudido a otros ejemplos, como \u00ablo vivido en el Jubileo de los J\u00f3venes en Roma a finales de julio y principio de agosto\u00bb o como la concentraci\u00f3n de cofrad\u00edas del pasados s\u00e1bado en la Catedral de Valladolid, ciudad de la que es arzobispo, para celebrar, con una nutrida presencia juvenil, el dogma de la Asunci\u00f3n de Mar\u00eda.<\/p>\n<p class=\"voc-p\" style=\"\">\u00abSon expresiones de religiosidad popular. La religiosidad popular que viene, podr\u00edamos decir, de tiempos pasados, en las cofrad\u00edas, y esta nueva religiosidad popular de la cultura pop, que significa que la m\u00fasica religiosa, en este momento, no cabe duda de que est\u00e1 siendo muy significativa\u00bb, ha reflexionado, recomendando \u00abestar atentos\u00bb a la evoluci\u00f3n de este fen\u00f3meno.<\/p>\n","protected":false},"excerpt":{"rendered":"El presidente de la Conferencia Episcopal, Luis Arg\u00fcello, ha vislumbrado en el lanzamiento del nuevo disco de la&hellip;\n","protected":false},"author":2,"featured_media":208530,"comment_status":"","ping_status":"","sticky":false,"template":"","format":"standard","meta":{"footnotes":""},"categories":[91],"tags":[39958,56631,12019,146,147,25,24,11657,433,524,56632,5603,4147,23,53688],"class_list":{"0":"post-208529","1":"post","2":"type-post","3":"status-publish","4":"format-standard","5":"has-post-thumbnail","7":"category-entretenimiento","8":"tag-arguello","9":"tag-corriente","10":"tag-disco","11":"tag-entertainment","12":"tag-entretenimiento","13":"tag-es","14":"tag-espana","15":"tag-fondo","16":"tag-jovenes","17":"tag-nuevo","18":"tag-reconecta","19":"tag-religion","20":"tag-rosalia","21":"tag-spain","22":"tag-vislumbra"},"share_on_mastodon":{"url":"https:\/\/pubeurope.com\/@es\/115461901757373617","error":""},"_links":{"self":[{"href":"https:\/\/www.europesays.com\/es\/wp-json\/wp\/v2\/posts\/208529","targetHints":{"allow":["GET"]}}],"collection":[{"href":"https:\/\/www.europesays.com\/es\/wp-json\/wp\/v2\/posts"}],"about":[{"href":"https:\/\/www.europesays.com\/es\/wp-json\/wp\/v2\/types\/post"}],"author":[{"embeddable":true,"href":"https:\/\/www.europesays.com\/es\/wp-json\/wp\/v2\/users\/2"}],"replies":[{"embeddable":true,"href":"https:\/\/www.europesays.com\/es\/wp-json\/wp\/v2\/comments?post=208529"}],"version-history":[{"count":0,"href":"https:\/\/www.europesays.com\/es\/wp-json\/wp\/v2\/posts\/208529\/revisions"}],"wp:featuredmedia":[{"embeddable":true,"href":"https:\/\/www.europesays.com\/es\/wp-json\/wp\/v2\/media\/208530"}],"wp:attachment":[{"href":"https:\/\/www.europesays.com\/es\/wp-json\/wp\/v2\/media?parent=208529"}],"wp:term":[{"taxonomy":"category","embeddable":true,"href":"https:\/\/www.europesays.com\/es\/wp-json\/wp\/v2\/categories?post=208529"},{"taxonomy":"post_tag","embeddable":true,"href":"https:\/\/www.europesays.com\/es\/wp-json\/wp\/v2\/tags?post=208529"}],"curies":[{"name":"wp","href":"https:\/\/api.w.org\/{rel}","templated":true}]}}