{"id":208543,"date":"2025-10-30T07:33:11","date_gmt":"2025-10-30T07:33:11","guid":{"rendered":"https:\/\/www.europesays.com\/es\/208543\/"},"modified":"2025-10-30T07:33:11","modified_gmt":"2025-10-30T07:33:11","slug":"albert-windsor-el-jovencisimo-royal-del-momento-que-se-crio-en-italia-y-pronto-debutara-en-le-bal-de-paris","status":"publish","type":"post","link":"https:\/\/www.europesays.com\/es\/208543\/","title":{"rendered":"Albert Windsor, el jovenc\u00edsimo royal del momento que se crio en Italia y pronto debutar\u00e1 en Le Bal de Par\u00eds"},"content":{"rendered":"<p class=\"has-dropcap\">Antes era <a href=\"https:\/\/www.revistavanityfair.es\/articulos\/kate-middleton-principe-guillermo-gesto-carino-cambio-relacion-publico\" rel=\"nofollow noopener\" target=\"_blank\">el pr\u00edncipe Guillermo<\/a> quien generaba escenas de histeria colectiva. Y, en menor medida, <a href=\"https:\/\/www.revistavanityfair.es\/articulos\/meghan-markle-principe-harry-trajeados-y-a-juego-recoger-premio-gala-benefica\" rel=\"nofollow noopener\" target=\"_blank\">el rebelde Harry<\/a>. Pero parece la generaci\u00f3n Z al fin tiene a su propio pr\u00edncipe azul de la realeza brit\u00e1nica: <strong>Albert Louis Philip Edward Windsor.<\/strong><\/p>\n<p>Primo de Carlos III y nieto del duque de Kent, de quien alg\u00fan d\u00eda heredar\u00e1 el t\u00edtulo, es el primer miembro de la realeza en llevar el nombre de pr\u00edncipe Alberto, m\u00e1s conocido como <strong>Bertie<\/strong>, que m\u00e1s tarde se convertir\u00eda en <strong>Jorge VI<\/strong>, el padre de <a href=\"https:\/\/www.revistavanityfair.es\/tags\/isabel-ii\" rel=\"nofollow noopener\" target=\"_blank\">Isabel II<\/a>. Adem\u00e1s, fue el <strong>primer beb\u00e9 de la realeza brit\u00e1nica bautizado por el rito cat\u00f3lico desde 1688.<\/strong><\/p>\n<p>Su padre, <a href=\"https:\/\/www.revistavanityfair.es\/articulos\/nicholas-windsor-ahijado-carlos-iii-antiabortista\" rel=\"nofollow noopener\" target=\"_blank\">Nicholas Windsor<\/a>, se convirti\u00f3 a la religi\u00f3n cat\u00f3lica y se vio obligado a renunciar a su posici\u00f3n en la l\u00ednea de sucesi\u00f3n al trono, provocando as\u00ed tambi\u00e9n la exclusi\u00f3n de Albert. De no ser por ello, ser\u00eda el 37\u00ba en la l\u00ednea de sucesi\u00f3n. Albert se crio en Roma junto a sus dos hermanos peque\u00f1os, <strong>Leopold<\/strong>, que ahora tiene 16 a\u00f1os, y <strong>Louis<\/strong>, de 11 a\u00f1os.<\/p>\n<p><img decoding=\"async\" alt=\"Leopold y Albert Windsor.\" loading=\"lazy\" class=\"ResponsiveImageContainer-eNxvmU cfBbTk responsive-image__image\"   src=\"https:\/\/www.europesays.com\/es\/wp-content\/uploads\/2025\/10\/GettyImages-2236083308.jpg\"\/><\/p>\n<p>Leopold y Albert Windsor.<\/p>\n<p>Max Mumby\/Indigo\/Getty Images<\/p>\n<p>El hecho de que estuviera fuera de Reino Unido durante gran parte de su infancia explica que haya sido visto en p\u00fablico en tan pocas ocasiones. No obstante, desde que cumpli\u00f3 18 a\u00f1os, Albert parece estar incorpor\u00e1ndose poco a poco a la vida social propia de alguien de su posici\u00f3n. A diferencia de su padre, que no mantiene una relaci\u00f3n muy cercana con la familia real y, al parecer, ni siquiera fue invitado a la celebraci\u00f3n de la coronaci\u00f3n del rey Carlos, el ni\u00f1o goza del favor de la monarqu\u00eda.<\/p>\n<p>En el funeral de <a href=\"https:\/\/www.revistavanityfair.es\/articulos\/catalina-duquesa-de-kent-estilo\" rel=\"nofollow noopener\" target=\"_blank\">su abuela Catalina de Kent<\/a>, celebrado en la catedral londinense de Westminster el 15 de septiembre de 2025, <strong>el joven se mostr\u00f3 al parecer muy cercano al pr\u00edncipe Guillermo, <a href=\"https:\/\/www.revistavanityfair.es\/articulos\/kate-middleton-cambio-imagen-vestuario-trajes-pantalon\" rel=\"nofollow noopener\" target=\"_blank\">Kate Middleton<\/a> y al propio <a href=\"https:\/\/www.revistavanityfair.es\/articulos\/guino-emotivo-carlos-iii-homenaje-isabel-ii-joyas-de-camilla-visita-al-vaticano\" rel=\"nofollow noopener\" target=\"_blank\">Carlos III<\/a>,<\/strong> padrino en el bautizo de su padre, Nicholas.<\/p>\n<p><img decoding=\"async\" alt=\"Albert Windsor\" loading=\"lazy\" class=\"ResponsiveImageContainer-eNxvmU cfBbTk responsive-image__image\"   src=\"https:\/\/www.europesays.com\/es\/wp-content\/uploads\/2025\/10\/GettyImages-2236083321.jpg\"\/><\/p>\n<p>Columbus Taylor, Lady Amelia Windsor, Lady Marina Windsor, Leopold Windsor, Albert Windsor, Louis Windsor, Estella Taylor, Cassius Taylor, Eloise Taylor y Tim Taylor en el funeral de Catalina de Kent.<\/p>\n<p>Max Mumby\/Indigo\/Getty Images<\/p>\n<p><strong>Pronto le volveremos a ver en la pr\u00f3xima edici\u00f3n de <a href=\"https:\/\/www.revistavanityfair.es\/articulos\/le-bal-baile-debutantes-paris-ophelie-renouard-organizadora-historia\" rel=\"nofollow noopener\" target=\"_blank\">Le Bal de Par\u00eds<\/a>, donde debutar\u00e1 el 29 de noviembre.<\/strong> No le perd\u00e1is de vista.<\/p>\n<p>Art\u00edculo original publicado por Vanity Fair Italia. Accede <a href=\"https:\/\/www.vanityfair.it\/article\/albert-windsor-scapolo-famiglia-reale-inglese\" rel=\"nofollow noopener\" target=\"_blank\">aqu\u00ed<\/a>.<\/p>\n","protected":false},"excerpt":{"rendered":"Antes era el pr\u00edncipe Guillermo quien generaba escenas de histeria colectiva. Y, en menor medida, el rebelde Harry.&hellip;\n","protected":false},"author":2,"featured_media":208544,"comment_status":"","ping_status":"","sticky":false,"template":"","format":"standard","meta":{"footnotes":""},"categories":[174],"tags":[255,146,147,25,24,5868,256,1027,23],"class_list":{"0":"post-208543","1":"post","2":"type-post","3":"status-publish","4":"format-standard","5":"has-post-thumbnail","7":"category-famosos","8":"tag-celebrities","9":"tag-entertainment","10":"tag-entretenimiento","11":"tag-es","12":"tag-espana","13":"tag-familia-real-britanica","14":"tag-famosos","15":"tag-realeza","16":"tag-spain"},"share_on_mastodon":{"url":"https:\/\/pubeurope.com\/@es\/115461960914122189","error":""},"_links":{"self":[{"href":"https:\/\/www.europesays.com\/es\/wp-json\/wp\/v2\/posts\/208543","targetHints":{"allow":["GET"]}}],"collection":[{"href":"https:\/\/www.europesays.com\/es\/wp-json\/wp\/v2\/posts"}],"about":[{"href":"https:\/\/www.europesays.com\/es\/wp-json\/wp\/v2\/types\/post"}],"author":[{"embeddable":true,"href":"https:\/\/www.europesays.com\/es\/wp-json\/wp\/v2\/users\/2"}],"replies":[{"embeddable":true,"href":"https:\/\/www.europesays.com\/es\/wp-json\/wp\/v2\/comments?post=208543"}],"version-history":[{"count":0,"href":"https:\/\/www.europesays.com\/es\/wp-json\/wp\/v2\/posts\/208543\/revisions"}],"wp:featuredmedia":[{"embeddable":true,"href":"https:\/\/www.europesays.com\/es\/wp-json\/wp\/v2\/media\/208544"}],"wp:attachment":[{"href":"https:\/\/www.europesays.com\/es\/wp-json\/wp\/v2\/media?parent=208543"}],"wp:term":[{"taxonomy":"category","embeddable":true,"href":"https:\/\/www.europesays.com\/es\/wp-json\/wp\/v2\/categories?post=208543"},{"taxonomy":"post_tag","embeddable":true,"href":"https:\/\/www.europesays.com\/es\/wp-json\/wp\/v2\/tags?post=208543"}],"curies":[{"name":"wp","href":"https:\/\/api.w.org\/{rel}","templated":true}]}}