{"id":208547,"date":"2025-10-30T07:36:08","date_gmt":"2025-10-30T07:36:08","guid":{"rendered":"https:\/\/www.europesays.com\/es\/208547\/"},"modified":"2025-10-30T07:36:08","modified_gmt":"2025-10-30T07:36:08","slug":"broncano-felicita-en-la-revuelta-a-el-hormiguero-por-su-3-000-programas-y-a-wyomying-por-el-premio-ondas","status":"publish","type":"post","link":"https:\/\/www.europesays.com\/es\/208547\/","title":{"rendered":"Broncano felicita en &#8216;La Revuelta&#8217; a &#8216;El Hormiguero&#8217; por su 3.000 programas y a Wyomying por el premio Ondas"},"content":{"rendered":"<p class=\"c-paragraph\"><a href=\"https:\/\/www.20minutos.es\/tags\/personas\/broncano.html\" title=\"David Broncano\" rel=\"nofollow noopener\" target=\"_blank\">David Broncano<\/a> ha querido reconocer en <a href=\"https:\/\/www.20minutos.es\/tags\/temas\/la-revuelta.html\" title=\"La Revuelta\" rel=\"nofollow noopener\" target=\"_blank\">La Revuelta<\/a> el trabajo de <a href=\"https:\/\/www.20minutos.es\/tags\/personas\/pablo-motos.html\" title=\"Pablo Motos\" rel=\"nofollow noopener\" target=\"_blank\">Pablo Motos<\/a> con <a href=\"https:\/\/www.20minutos.es\/tags\/instituciones-empresas\/el-hormiguero.html\" title=\"El hormiguero\" rel=\"nofollow noopener\" target=\"_blank\">El Hormiguero<\/a>, tras <b>cumplir 3.000 programas en televisi\u00f3n<\/b> y a El Gran\u00a0Wyomying, por<b> haber ganado un premio Ondas<\/b> por<a href=\"\"> <\/a><a href=\"https:\/\/www.20minutos.es\/tags\/instituciones-empresas\/el-intermedio.html\" title=\"El Intermedio\" rel=\"nofollow noopener\" target=\"_blank\">El Intermedio<\/a>.<\/p>\n<p class=\"c-paragraph\">Lo ha hecho en el programa de este mi\u00e9rcoles 29 de octubre, acord\u00e1ndose tambi\u00e9n de <b>las v\u00edctimas fallecidas por la DANA el a\u00f1o pasado<\/b>. \u00abCreo que hoy es buen d\u00eda para que toquemos el bombo a favor de Valencia, aunque lo tocamos cada d\u00eda\u00bb, empez\u00f3 con su alegato.<\/p>\n<p class=\"c-paragraph\">\u00abSolo brevemente decir, que nos acordamos y lo dijimos el a\u00f1o pasado, que tendr\u00edamos esto aqu\u00ed siempre. Y<b> simplemente esperamos que las ayudas que faltan lleguen pronto <\/b>y que la justicia con todo lo que se hizo mal en ese momento\u00bb, recalc\u00f3 el presentador a la vez que cog\u00eda una bandera de la Comunidad Valenciana y la ondeaba.<\/p>\n<p class=\"c-paragraph\">A continuaci\u00f3n, introdujo el tema de los reconocimientos a Atresmedia de la siguiente manera: \u00ab\u00bfLe han dado el premio Ondas a Wyomying? \u00bfY a nosotros?.<b> \u00abNos dieron uno, acu\u00e9rdate\u00bb,<\/b> apunt\u00f3 Ricardo Castella. \u00ab\u00bfLe han dado a El Intermedio un premio Ondas?\u00bb, repiti\u00f3 Broncano. \u00abEs que hay m\u00e1s programas que este, David\u00bb, continu\u00f3 su compa\u00f1ero.<\/p>\n<p class=\"c-paragraph\">Tras, el jiennense aprovech\u00f3 para hacer una<b> \u00abdoble felicitaci\u00f3n\u00bb a la \u00abcompetencia\u00bb.<\/b> \u00abA El Intermedio por su premio Ondas y a El Hormiguero, que ha hecho 3.000 programas y es un m\u00e9rito incre\u00edble. Enhorabuena\u00bb, sentenci\u00f3 Broncano con sus palabras hacia respectivos programas.<\/p>\n","protected":false},"excerpt":{"rendered":"David Broncano ha querido reconocer en La Revuelta el trabajo de Pablo Motos con El Hormiguero, tras cumplir&hellip;\n","protected":false},"author":2,"featured_media":208548,"comment_status":"","ping_status":"","sticky":false,"template":"","format":"standard","meta":{"footnotes":""},"categories":[171],"tags":[9029,5813,146,147,25,24,29956,5812,23,807,214],"class_list":{"0":"post-208547","1":"post","2":"type-post","3":"status-publish","4":"format-standard","5":"has-post-thumbnail","7":"category-tv","8":"tag-david-broncano","9":"tag-el-hormiguero","10":"tag-entertainment","11":"tag-entretenimiento","12":"tag-es","13":"tag-espana","14":"tag-la-revuelta","15":"tag-pablo-motos","16":"tag-spain","17":"tag-television","18":"tag-tv"},"share_on_mastodon":{"url":"https:\/\/pubeurope.com\/@es\/115461972474722365","error":""},"_links":{"self":[{"href":"https:\/\/www.europesays.com\/es\/wp-json\/wp\/v2\/posts\/208547","targetHints":{"allow":["GET"]}}],"collection":[{"href":"https:\/\/www.europesays.com\/es\/wp-json\/wp\/v2\/posts"}],"about":[{"href":"https:\/\/www.europesays.com\/es\/wp-json\/wp\/v2\/types\/post"}],"author":[{"embeddable":true,"href":"https:\/\/www.europesays.com\/es\/wp-json\/wp\/v2\/users\/2"}],"replies":[{"embeddable":true,"href":"https:\/\/www.europesays.com\/es\/wp-json\/wp\/v2\/comments?post=208547"}],"version-history":[{"count":0,"href":"https:\/\/www.europesays.com\/es\/wp-json\/wp\/v2\/posts\/208547\/revisions"}],"wp:featuredmedia":[{"embeddable":true,"href":"https:\/\/www.europesays.com\/es\/wp-json\/wp\/v2\/media\/208548"}],"wp:attachment":[{"href":"https:\/\/www.europesays.com\/es\/wp-json\/wp\/v2\/media?parent=208547"}],"wp:term":[{"taxonomy":"category","embeddable":true,"href":"https:\/\/www.europesays.com\/es\/wp-json\/wp\/v2\/categories?post=208547"},{"taxonomy":"post_tag","embeddable":true,"href":"https:\/\/www.europesays.com\/es\/wp-json\/wp\/v2\/tags?post=208547"}],"curies":[{"name":"wp","href":"https:\/\/api.w.org\/{rel}","templated":true}]}}