{"id":208594,"date":"2025-10-30T08:21:12","date_gmt":"2025-10-30T08:21:12","guid":{"rendered":"https:\/\/www.europesays.com\/es\/208594\/"},"modified":"2025-10-30T08:21:12","modified_gmt":"2025-10-30T08:21:12","slug":"fernando-vijande-el-galerista-dandi-y-aventurero-que-impulso-las-carreras-de-miquel-navarro-carmen-calvo-y-jordi-teixidor","status":"publish","type":"post","link":"https:\/\/www.europesays.com\/es\/208594\/","title":{"rendered":"Fernando Vijande, el galerista dandi y aventurero que impuls\u00f3 las carreras de Miquel Navarro, Carmen Calvo y Jordi Teixidor"},"content":{"rendered":"<p>VAL\u00c8NCIA. M\u00e1s que un galerista, a <strong>Fernando Vijande (1930-1986) <\/strong>se le recuerda como un gran mecenas del arte contempor\u00e1neo espa\u00f1ol. Una especie de dandi burgu\u00e9s, refinado pero tambi\u00e9n juerguista, que tuvo un papel fundamental en la internacionalizaci\u00f3n de los j\u00f3venes artistas que empezaban a despuntar a finales de los a\u00f1os 70 y principios de los 80 del siglo pasado. En un momento en el que el coleccionismo en nuestro pa\u00eds estaba en mantillas y todav\u00eda no exist\u00edan los museos p\u00fablicos de arte contempor\u00e1neo (el primero fue precisamente el IVAM, creado en diciembre de 1986), \u00e9l represent\u00f3 a un tipo de galerista fil\u00e1ntropo. En esa Espa\u00f1a de la Transici\u00f3n aparece en escena este personaje elegante, cosmopolita y aventurero que, a pesar de no haber estudiado historia del arte, ten\u00eda un ojo cl\u00ednico capaz de atisbar el potencial de un artista emergente, por muy disruptivo que fuese.<\/p>\n<p>Vandr\u00e9s, su primera galer\u00eda, comenz\u00f3 como una tienda de antig\u00fcedades, pero poco a poco fueron entrando piezas de arte contempor\u00e1neo que iban desplazando al resto. En este espacio, que dirig\u00eda junto a Marisa Torrente, Vijande ya demostr\u00f3 su car\u00e1cter de emprendedor arriesgado; un claro ejemplo de ello fue el happening protagonizado en 1975 por los pioneros del g\u00e9nero Allan Kaprow y Charlotte Moorman.<\/p>\n<p>En 1981 Vijande abri\u00f3 su propia galer\u00eda en un garaje del barrio de Salamanca. \u201cLa Vijande\u201d se convirti\u00f3 en el centro neur\u00e1lgico de la modernidad en el Madrid de la Movida, aunque dur\u00f3 poco. En 1987, un a\u00f1o despu\u00e9s del fallecimiento de su fundador a los 56 a\u00f1os, cerr\u00f3 sus puertas para siempre.<\/p>\n<p><strong>Un bohemio de alta alcurnia<\/strong><\/p>\n<p>Fernando Vijande hab\u00eda nacido en una familia de la alta burgues\u00eda catalana. Su padre era un industrial de \u00e9xito y su madre una socialit\u00e9 de origen belga, circunstancia que le permiti\u00f3 viajar, haciendo acopio de un tipo de experiencias que eran inaccesibles para la pr\u00e1ctica totalidad de los ciudadanos de la Espa\u00f1a cerrada de la dictadura.<\/p>\n<p>&#13;<br \/>\n<img decoding=\"async\" alt=\"Miquel Navarro.\" itemprop=\"url\" src=\"https:\/\/www.europesays.com\/es\/wp-content\/uploads\/2025\/10\/articulos-1703247.jpg\" title=\"Miquel Navarro. - Foto: Archivo Luis Perez M\u00ednguez\"\/>&#13;<br \/>\n&#13;<br \/>\n&#13;<\/p>\n<ul itemprop=\"caption\">&#13;<\/p>\n<li class=\"media-pie\">Miquel Navarro. &#8211;<\/li>\n<p>&#13;<\/p>\n<li class=\"media-autor\" itemprop=\"author\">Foto: Archivo Luis Perez M\u00ednguez<\/li>\n<p>&#13;\n<\/ul>\n<p>&#13;<br \/>\n&#13;<\/p>\n<p>\u201cMi padre hab\u00eda estudiado Derecho, pero siempre le interesaron mucho las artes pl\u00e1sticas, la literatura, el teatro, la \u00f3pera\u2026 ten\u00eda una gran sensibilidad para la cultura\u201d, nos cuenta por tel\u00e9fono <strong>Rodrigo Navas-Osorio Vijande<\/strong>, hijo del galerista y de la arist\u00f3crata Mar\u00eda de la Concepci\u00f3n de Navia-Osorio y de Llano-Ponte, marquesa de Santa Cruz de Marcenado. \u201cAdem\u00e1s de tener unos gustos muy ecl\u00e9cticos, destacaba porque ten\u00eda una facilidad incre\u00edble para relacionarse con todo tipo de gente. Ten\u00eda un magnetismo especial; todo el mundo quer\u00eda acercarse a \u00e9l y de hecho acababa estableciendo relaciones de amistad, en algunos casos muy profunda, con los artistas que contrataba. A pesar del aspecto de chaqueta y corbata con el que se mostraba al p\u00fablico, era una persona de mentalidad muy abierta. \u00c9l hab\u00eda empezado a viajar por el mundo en los a\u00f1os 50, vivi\u00f3 la psicodelia en San Francisco y tom\u00f3 drogas cuando nadie las tomaba\u201d, detalla.<\/p>\n<p><strong>Rodrigo Navas-Osorio Vijande<\/strong> es presidente de la <strong>Fundaci\u00f3n Fundaci\u00f3n Su\u00f1ol Soler<\/strong>, impulsora del documental <strong>Warhol-Vijande: M\u00e1s que Cuchillos, Pistolas y Cruces (2025)<\/strong>, que se presentar\u00e1 este <strong>s\u00e1bado 1 de noviembre en los cines ABC Park de Valencia <\/strong>y el <strong>domingo 2 en los cines Jayan de J\u00e1vea<\/strong>, con la presencia de Rodrigo y del director, Sebasti\u00e1n Gal\u00e1n (pseud\u00f3nimo de <strong>Juanjo Ruiz<\/strong>).<\/p>\n<p>La cinta, cuyo hilo conductor es la intrahistoria de c\u00f3mo se fragu\u00f3 la <strong>primera exposici\u00f3n de Andy Warhol en Espa\u00f1a<\/strong> en el a\u00f1o 1983, describe la figura de Fernando Vijande a trav\u00e9s del testimonio de artistas que trabajaron con \u00e9l, como <strong>Alaska, Bob Colacello, Christopher Makos, Fabio McNamara o \u00c1gatha Ruiz de la Prada<\/strong>. La muestra de Warhol, que trajo m\u00e1s de treinta piezas creadas espec\u00edficamente para la ocasi\u00f3n, se recuerda como un gran hito cultural que revolucion\u00f3 la capital. El artista de Pittsburgh, por su parte, estaba encantado de abrir mercado en nuestro pa\u00eds y de ser testigo de primera mano de la explosi\u00f3n de modernidad, color y descaro con la que los j\u00f3venes espa\u00f1oles hab\u00edan dado carpetazo a los a\u00f1os grises de la dictadura.<\/p>\n<p><strong>La exposici\u00f3n atrajo a cerca de 12.000 personas, aunque solo se vendi\u00f3 un cuadro.<\/strong> El comprador, un director de fotograf\u00eda de cine catal\u00e1n, adquiri\u00f3 la pieza por 7 millones de las antiguas pesetas (unos 42.000 euros).<\/p>\n<p>Vijande ten\u00eda una manera de trabajar -aprendida de marchantes de referencia como Leo Castelli- muy diferente a la que es habitual en nuestros d\u00edas. Firmaba contratos con los artistas donde les garantizaba la venta de toda su producci\u00f3n y se les conced\u00eda un sueldo fijo mensual para que pudiesen producir sin preocuparse por las ventas. \u201cLuis Gordillo siempre ha dicho que gracias a Vijande pudo dejar el trabajo que ten\u00eda y concentrarse solo en ser artista\u201d, afirma Juanjo Ruiz.<\/p>\n<p>\u00bfC\u00f3mo pod\u00eda garantizar la venta de toda la obra en un momento en el que apenas exist\u00eda coleccionismo? Buscaba alianzas con personas muy ricas, como su mejor amigo <strong>Josep Su\u00f1ol i Soler (1927-2019)<\/strong>, cuya extraordinaria colecci\u00f3n de arte pertenece a la Fundaci\u00f3n que lleva su nombre. \u201cLa obsesi\u00f3n de mi padre no era vender, sino dar a conocer el arte contempor\u00e1neo de nuestro pa\u00eds. El coleccionismo en Espa\u00f1a empez\u00f3 a moverse justo cuando \u00e9l muri\u00f3. <strong>Si hubiese vivido diez a\u00f1os m\u00e1s hubiese vendido cuadros a lo loco<\/strong>\u201d, concluye su hijo.<\/p>\n<p>&#13;<br \/>\n<img decoding=\"async\" alt=\"Rueda de prensa que concedi\u00f3 Andy Warhol con motivo de la exposici\u00f3n que le organiz\u00f3 Fernando Vijande en su galer\u00eda.\" itemprop=\"url\" src=\"https:\/\/www.europesays.com\/es\/wp-content\/uploads\/2025\/10\/articulos-1703245.jpg\" title=\"Rueda de prensa que concedi\u00f3 Andy Warhol con motivo de la exposici\u00f3n que le organiz\u00f3 Fernando Vijande en su galer\u00eda. - \"\/>&#13;<br \/>\n&#13;<br \/>\n&#13;<\/p>\n<ul itemprop=\"caption\">&#13;<\/p>\n<li class=\"media-pie\">Rueda de prensa que concedi\u00f3 Andy Warhol con motivo de la exposici\u00f3n que le organiz\u00f3 Fernando Vijande en su galer\u00eda. &#8211;<\/li>\n<p>&#13;<\/p>\n<li class=\"media-autor\" itemprop=\"author\">\u00a0<\/li>\n<p>&#13;\n<\/ul>\n<p>&#13;<br \/>\n&#13;<\/p>\n<p><strong>Una exposici\u00f3n hist\u00f3rica en el Guggenheim<\/strong><\/p>\n<p>A Vijande se le ha presentado muchas veces como uno de los \u201cpadrinos\u201d de la explosi\u00f3n creativa que emergi\u00f3 de la movida madrile\u00f1a, pero lo cierto es que ejerci\u00f3 un papel muy importante en el desarrollo de las carreras de artistas \u201cde la periferia\u201d como <strong>Carmen Calvo, Miquel Navarro y Jordi Teixidor<\/strong>.<\/p>\n<p>El momento m\u00e1s emocional del documental se da, de hecho, cuando Miquel Navarro rompe a llorar al recordar a su amigo Fernando: \u201cFue muy importante para m\u00ed porque no era un galerista al uso. Te dejaba hacer, apostaba, tomaba riesgos (&#8230;) No compraba el arte para negociar. \u00c9l era un mecenas. Esa es la diferencia. Compraba porque le gustaba\u201d. \u201cCon \u00e9l empez\u00f3 realmente mi carrera internacional. La exposici\u00f3n que hizo en Nueva York fue lo que dispar\u00f3 un poco todo\u201d, comenta en la cinta.<\/p>\n<p>La exposici\u00f3n a la que se refiere Navarro es <strong>New Images From Spain, inaugurada en 1980 en el Museo Guggenheim,<\/strong> la primera retrospectiva de artistas contempor\u00e1neos espa\u00f1oles vivos que se realizaba en d\u00e9cadas. De los nueve artistas espa\u00f1oles representados -todos ellos del cat\u00e1logo de Vijande-, tres eran valencianos.<\/p>\n<p>\u201cVijande visit\u00f3 mi estudio de la calle Turia de Valencia en el a\u00f1o 77 o 78 y poco despu\u00e9s se mont\u00f3 mi primera exposici\u00f3n individual en la galer\u00eda Vandr\u00e9s, que en aquel momento era una de las m\u00e1s din\u00e1micas del pa\u00eds. En el 79 m\u00e1s o menos volvi\u00f3 con la comisaria del Guggenheim, que iba seleccionando a los artistas para la exposici\u00f3n en Nueva York\u201d, recuerda Jordi Teixidor en declaraciones para Culturplaza. \u201cExponer all\u00ed era algo absolutamente excepcional para nosotros, aunque la realidad es que tuvo menos repercusi\u00f3n de lo que podr\u00eda parecer. El mercado espa\u00f1ol todav\u00eda no estaba preparado, as\u00ed que <strong>no se produjo de rebote una acci\u00f3n comercial en el mercado espa\u00f1ol, ni en la de Estados Unidos<\/strong>. Pero hay que reconocer a Vijande su esfuerzo por proyectar el arte espa\u00f1ol contempor\u00e1neo. Fue un galerista pionero en planteamientos de mercado. A m\u00ed me llev\u00f3 por primera vez a la Feria de Basilea cuando aqu\u00ed iban muy pocas galer\u00edas\u201d.<\/p>\n<p>\u201cLe llevo siempre en mi pensamiento -afirma, por su parte, Carmen Calvo-. Su figura tiene que ser reconocida, porque hay muy pocos o pocas galeristas con este perfil. Ten\u00eda muy buen ojo y era muy colaborador con los artistas. Era muy generoso y una gran persona\u201d.<\/p>\n<p>&#13;<br \/>\n<img decoding=\"async\" alt=\"Carmen Calvo.\" itemprop=\"url\" src=\"https:\/\/www.europesays.com\/es\/wp-content\/uploads\/2025\/10\/articulos-1703248.jpg\" title=\"Carmen Calvo. - \"\/>&#13;<br \/>\n&#13;<br \/>\n&#13;<br \/>\n&#13;<br \/>\n&#13;<\/p>\n<p>\u00a0<\/p>\n","protected":false},"excerpt":{"rendered":"VAL\u00c8NCIA. M\u00e1s que un galerista, a Fernando Vijande (1930-1986) se le recuerda como un gran mecenas del arte&hellip;\n","protected":false},"author":2,"featured_media":208595,"comment_status":"","ping_status":"","sticky":false,"template":"","format":"standard","meta":{"footnotes":""},"categories":[173],"tags":[229,233,231,230,232,234,146,147,25,24,23],"class_list":{"0":"post-208594","1":"post","2":"type-post","3":"status-publish","4":"format-standard","5":"has-post-thumbnail","7":"category-arte-y-diseno","8":"tag-arte","9":"tag-arte-y-diseno","10":"tag-arts","11":"tag-arts-and-design","12":"tag-design","13":"tag-diseno","14":"tag-entertainment","15":"tag-entretenimiento","16":"tag-es","17":"tag-espana","18":"tag-spain"},"share_on_mastodon":{"url":"https:\/\/pubeurope.com\/@es\/115462149483782687","error":""},"_links":{"self":[{"href":"https:\/\/www.europesays.com\/es\/wp-json\/wp\/v2\/posts\/208594","targetHints":{"allow":["GET"]}}],"collection":[{"href":"https:\/\/www.europesays.com\/es\/wp-json\/wp\/v2\/posts"}],"about":[{"href":"https:\/\/www.europesays.com\/es\/wp-json\/wp\/v2\/types\/post"}],"author":[{"embeddable":true,"href":"https:\/\/www.europesays.com\/es\/wp-json\/wp\/v2\/users\/2"}],"replies":[{"embeddable":true,"href":"https:\/\/www.europesays.com\/es\/wp-json\/wp\/v2\/comments?post=208594"}],"version-history":[{"count":0,"href":"https:\/\/www.europesays.com\/es\/wp-json\/wp\/v2\/posts\/208594\/revisions"}],"wp:featuredmedia":[{"embeddable":true,"href":"https:\/\/www.europesays.com\/es\/wp-json\/wp\/v2\/media\/208595"}],"wp:attachment":[{"href":"https:\/\/www.europesays.com\/es\/wp-json\/wp\/v2\/media?parent=208594"}],"wp:term":[{"taxonomy":"category","embeddable":true,"href":"https:\/\/www.europesays.com\/es\/wp-json\/wp\/v2\/categories?post=208594"},{"taxonomy":"post_tag","embeddable":true,"href":"https:\/\/www.europesays.com\/es\/wp-json\/wp\/v2\/tags?post=208594"}],"curies":[{"name":"wp","href":"https:\/\/api.w.org\/{rel}","templated":true}]}}