{"id":208621,"date":"2025-10-30T08:43:11","date_gmt":"2025-10-30T08:43:11","guid":{"rendered":"https:\/\/www.europesays.com\/es\/208621\/"},"modified":"2025-10-30T08:43:11","modified_gmt":"2025-10-30T08:43:11","slug":"dubasin-evita-males-mayores-en-mieres","status":"publish","type":"post","link":"https:\/\/www.europesays.com\/es\/208621\/","title":{"rendered":"Dubasin evita males mayores en Mieres"},"content":{"rendered":"<p><a class=\"v-mdl-ath__fig-a\" href=\"https:\/\/www.elcomercio.es\/autor\/andres-maese-1667.html\" title=\"Andr\u00e9s Maese\" rel=\"nofollow noopener\" target=\"_blank\"><br \/>\n<img decoding=\"async\" class=\"v-mdl-ath__img\" src=\"https:\/\/www.europesays.com\/es\/wp-content\/uploads\/2025\/08\/autor-1667-foto-3.jpeg\" alt=\"Andr\u00e9s Maese\"\/><br \/>\n<\/a><\/p>\n<p class=\"v-mdl-ath__p v-mdl-ath__p--6\">\nMi\u00e9rcoles, 29 de octubre 2025, 22:13<\/p>\n<p>| Actualizado 23:25h.<\/p>\n<p class=\"v-p\">Cuando todo el mundo esperaba y se preparaba para la pr\u00f3rroga, Jonathan Dubasin aprovech\u00f3 un bal\u00f3n en la frontal del \u00e1rea para marcar el \u00fanico gol que se vio en el Hermano Antu\u00f1a. Su disparo, t\u00edmido y centrado, se le escap\u00f3 a Javi Moral de las manos. Un error que dej\u00f3 al Caudal sin un mayor premio ante el <a href=\"https:\/\/www.elcomercio.es\/sporting\/\" title=\"www.elcomercio.es\" data-voc-vtm-id=\"in-text-traffic\" data-mrf-link=\"www.elcomercio.es\" rel=\"nofollow noopener\" target=\"_blank\">Sporting<\/a>.<\/p>\n<p class=\"v-p\">En l\u00edneas generales, el Sporting fue ligeramente superior a su rival. Si a Caicedo le hubiese dado por marcar una de las tres ocasiones claras que desaprovech\u00f3 en la primera parte, la eliminatoria hubiese sido m\u00e1s placentera para Borja Jim\u00e9nez y sus hombres.<\/p>\n<p class=\"v-p\">El t\u00e9cnico est\u00e1 gafado. Despu\u00e9s de conocer que Gaspar Campos y Otero pasan a formar lista en la enfermer\u00eda, Loum se lesion\u00f3 en el calentamiento. Otra mala noticia con una consecuencia m\u00e1s que positiva si se analiza el partido de Nico Riestra. El juvenil supli\u00f3 al centrocampista antes de que comenzara el encuentro, fue la gran sorpresa de la noche en Mieres.<\/p>\n<p class=\"v-scr__t\">Caudal<\/p>\n<p class=\"v-scr__p v-scr__p--3\">Javi Moral, Albuquerque, Vicente Antu\u00f1a, Diego Boza, Kike Fanjul (Delgado, m. 74), Montequ\u00edn (Claudio, m. 62), Jairo C\u00e1rcaba (Oladipupo, m. 62), Borja Rodr\u00edguez, Agus Porto, Sergio Ord\u00f3\u00f1ez e Iv\u00e1n Elena (Nacho Velardi, m. 85).<\/p>\n<p class=\"v-scr__n-c v-scr__n-c--1 \">\n 0\n<\/p>\n<p class=\"v-scr__n-c v-scr__n-c--2\">\n&#8211;\n<\/p>\n<p class=\"v-scr__n-c v-scr__n-c--3 \">\n 1\n<\/p>\n<p class=\"v-scr__t\">Sporting<\/p>\n<p class=\"v-scr__p v-scr__p--3\">Iker Venteo, Kevin, Curbelo, Kembo, Carlos Hern\u00e1ndez (Pablo Garc\u00eda, m. 71), Nico Riestra, Manu Rodr\u00edguez, Dani Queipo, Dubasin, Oscar Cort\u00e9s (Nacho Mart\u00edn, m. 71) y Jordy Caicedo (Amadou, m. 71).<\/p>\n<ul class=\"v-u\">\n<li class=\"v-u__l\">\n<p class=\"v-p\">\nGol<br \/>\n0-1: m. 90+2, Dubasin.\n<\/p>\n<\/li>\n<li class=\"v-u__l\">\n<p class=\"v-p\">\n\u00c1rbitro<br \/>\nGorka Etayo. Amonest\u00f3 en el Caudal a Iv\u00e1n Elena, Ordo\u00f1ez; y en el Sporting a .\n<\/p>\n<\/li>\n<li class=\"v-u__l\">\n<p class=\"v-p\">\nIncidencias<br \/>\npartido disputado en el Hermanos Antu\u00f1a.\n<\/p>\n<\/li>\n<\/ul>\n<p class=\"v-p\">Resulta sorprendente que Riestra no haya debutado con el filial rojiblanco. Fue lo m\u00e1s destacado del Sporting en la primera mitad. Aport\u00f3 verticalidad, regate y velocidad acostado en la banda izquierda. Sin duda, un futbolista a tener en cuenta que ha demostrado tener talento para estar, como poco, en el Sporting Atl\u00e9tico.<\/p>\n<p class=\"v-p\">Este tipo de eliminatorias suelen servir para que los menos habituales en la Liga muestren su val\u00eda. Curbelo y Cort\u00e9s fueron los que quisieron dejar su huella en el Hermano Antu\u00f1a. El central estuvo m\u00e1s que correcto. Fue el l\u00edder de una l\u00ednea defensiva en la que Kembo volvi\u00f3 a cometer errores de bulto. Impropios de la categor\u00eda. Un mal despeje suyo sirvi\u00f3 en bandeja a Iv\u00e1n Elena lo que pudo ser el gol local, pero el exrojiblanco remat\u00f3 fuera.<\/p>\n<p><a href=\"http:\/\/www.elcomercio.es\/sporting\/caudal-sporting-buscate-20251029224232-ga.html#vtm_modulosEngag=mod-rel:sporting:noticia:1:cmp:2-not\" class=\"v-a-link\" title=\"\u00bfEstuviste en el Caudal - Sporting? \u00a1B\u00fascate!\" rel=\"nofollow noopener\" target=\"_blank\"><br \/>\n<img decoding=\"async\" loading=\"lazy\" class=\"v-a-img\" src=\"https:\/\/www.europesays.com\/es\/wp-content\/uploads\/2025\/10\/buscate (13)-koPE--366x256@El Comercio.jpg\" alt=\"\u00bfEstuviste en el Caudal - Sporting? \u00a1B\u00fascate!\"\/><br \/>\n<\/a><\/p>\n<p><a href=\"http:\/\/www.elcomercio.es\/sporting\/borja-jimenez-pense-ibamos-prorroga-20251030232335-nt.html#vtm_modulosEngag=mod-rel:sporting:noticia:2:cmp:2-not\" class=\"v-a-link\" title=\"Borja Jim\u00e9nez: \u00abPens\u00e9 que \u00edbamos a la pr\u00f3rroga\u00bb\" rel=\"nofollow noopener\" target=\"_blank\"><br \/>\n<img decoding=\"async\" loading=\"lazy\" class=\"v-a-img\" src=\"https:\/\/www.europesays.com\/es\/wp-content\/uploads\/2025\/10\/109916111-k1B--366x256@El Comercio.jpg\" alt=\"Borja Jim\u00e9nez: \u00abPens\u00e9 que \u00edbamos a la pr\u00f3rroga\u00bb\"\/><br \/>\n<\/a><\/p>\n<p class=\"v-p\">La otra nota negativa fue Caicedo. Tuvo tres acciones para marcar, pero no pudo o supo hacerlo. Su titularidad volvi\u00f3 a dejar claro que Jim\u00e9nez cuenta con \u00e9l como tercer delantero. Ante la ausencia de Otero el domingo ante Las Palmas, dio descanso a Amadou, que sali\u00f3 en la segunda parte.<\/p>\n<p class=\"v-p\">El paso de los minutos sirvi\u00f3 para que el Sporting creciera en el terreno de juego, sobre todo en el nivel f\u00edsico. Jim\u00e9nez esper\u00f3 a los \u00faltimos veinte minutos para dar entrada a Pablo Garc\u00eda, Nacho Mart\u00edn y Amadou. Ah\u00ed el equipo comenz\u00f3 a mover el bal\u00f3n m\u00e1s r\u00e1pido y asfixi\u00f3 al Caudal, que busc\u00f3 un contragolpe que le llevara a la gloria.<\/p>\n<p class=\"v-p\">Los de Mieres estuvieron cerca de dar la sorpresa con un tanto que no sirvi\u00f3 al marcador. El bal\u00f3n parado igual\u00f3 las fuerzas durante el encuentro y los locales lo aprovecharon en una falta lejana. El bal\u00f3n termin\u00f3 dentro de la porter\u00eda de Iker Venteo, pero fue anulado.<\/p>\n<p class=\"v-p\">Gracias a que Dubasin no podr\u00e1 jugar el domingo por sanci\u00f3n, el Sporting pas\u00f3 de ronda. Jim\u00e9nez lo mantuvo en el terreno de juego para que liderara el ataque y en la \u00fanica acci\u00f3n que tuvo, marc\u00f3. Su momento es sensacional. Pese a que ha generado dudas su inicio liguero porque no tiene el protagonismo que tuvo el pasado curso, sus n\u00fameros son innegables. <\/p>\n<p class=\"v-p\">Su tanto sirvi\u00f3 para evitar males mayores. Respir\u00f3 Borja Jim\u00e9nez, que ya coment\u00f3 que la eliminatoria no ven\u00eda en el mejor momento por el n\u00famero de lesionados. Tambi\u00e9n respiraron los futbolistas porque evitaron salir sonrojados de Mieres. El objetivo se cumpli\u00f3, en el \u00faltimo instante, en el \u00faltimo suspiro, pero se logr\u00f3. Ahora toca pensar c\u00f3mo hacerle frente a Las Palmas con tantas ausencias. <\/p>\n<p>Reporta un error<\/p>\n","protected":false},"excerpt":{"rendered":"Mi\u00e9rcoles, 29 de octubre 2025, 22:13 | Actualizado 23:25h. Cuando todo el mundo esperaba y se preparaba para&hellip;\n","protected":false},"author":2,"featured_media":208622,"comment_status":"","ping_status":"","sticky":false,"template":"","format":"standard","meta":{"footnotes":""},"categories":[268],"tags":[168,56656,25,24,12041,280,282,17546,446,5576,281,23,167],"class_list":{"0":"post-208621","1":"post","2":"type-post","3":"status-publish","4":"format-standard","5":"has-post-thumbnail","7":"category-futbol","8":"tag-deportes","9":"tag-dubasin","10":"tag-es","11":"tag-espana","12":"tag-evita","13":"tag-football","14":"tag-futbol","15":"tag-males","16":"tag-mayores","17":"tag-mieres","18":"tag-soccer","19":"tag-spain","20":"tag-sports"},"share_on_mastodon":{"url":"https:\/\/pubeurope.com\/@es\/115462236172749067","error":""},"_links":{"self":[{"href":"https:\/\/www.europesays.com\/es\/wp-json\/wp\/v2\/posts\/208621","targetHints":{"allow":["GET"]}}],"collection":[{"href":"https:\/\/www.europesays.com\/es\/wp-json\/wp\/v2\/posts"}],"about":[{"href":"https:\/\/www.europesays.com\/es\/wp-json\/wp\/v2\/types\/post"}],"author":[{"embeddable":true,"href":"https:\/\/www.europesays.com\/es\/wp-json\/wp\/v2\/users\/2"}],"replies":[{"embeddable":true,"href":"https:\/\/www.europesays.com\/es\/wp-json\/wp\/v2\/comments?post=208621"}],"version-history":[{"count":0,"href":"https:\/\/www.europesays.com\/es\/wp-json\/wp\/v2\/posts\/208621\/revisions"}],"wp:featuredmedia":[{"embeddable":true,"href":"https:\/\/www.europesays.com\/es\/wp-json\/wp\/v2\/media\/208622"}],"wp:attachment":[{"href":"https:\/\/www.europesays.com\/es\/wp-json\/wp\/v2\/media?parent=208621"}],"wp:term":[{"taxonomy":"category","embeddable":true,"href":"https:\/\/www.europesays.com\/es\/wp-json\/wp\/v2\/categories?post=208621"},{"taxonomy":"post_tag","embeddable":true,"href":"https:\/\/www.europesays.com\/es\/wp-json\/wp\/v2\/tags?post=208621"}],"curies":[{"name":"wp","href":"https:\/\/api.w.org\/{rel}","templated":true}]}}