{"id":208631,"date":"2025-10-30T08:50:13","date_gmt":"2025-10-30T08:50:13","guid":{"rendered":"https:\/\/www.europesays.com\/es\/208631\/"},"modified":"2025-10-30T08:50:13","modified_gmt":"2025-10-30T08:50:13","slug":"pablo-urdangarin-me-bromean-con-que-soy-un-enchufado-les-respondo-que-ya-se-enteraran-en-la-pista-y-se-han-enterado-deportes","status":"publish","type":"post","link":"https:\/\/www.europesays.com\/es\/208631\/","title":{"rendered":"Pablo Urdangarin: \u201cMe bromean con que soy un enchufado, les respondo que ya se enterar\u00e1n en la pista, y se han enterado\u201d | Deportes"},"content":{"rendered":"<p class=\"\">En el Palacio de los Deportes de Granollers estuvo la semana pasada \u201cla santa de los abrazos\u201d, Amma, la l\u00edder espiritual india que asegura haber consolado por todo el mundo a m\u00e1s de 40 millones de personas. \u201cYo tambi\u00e9n doy abrazos\u201d, suelta <a href=\"https:\/\/elpais.com\/deportes\/2025-10-14\/pablo-urdangarin-de-borbon-convocado-con-la-seleccion-de-balonmano.html\" rel=\"nofollow noopener\" target=\"_blank\">Pablo Urdangarin<\/a> de Borb\u00f3n mientras los operarios devuelven el recinto a su estado original, el de una pista de balonmano, donde este tallo de 1,95 ha despuntado en el \u00faltimo a\u00f1o. Lo suficiente como para que el estricto <a href=\"https:\/\/elpais.com\/deportes\/2023-01-27\/jordi-ribera-el-exito-del-antidivo.html\" rel=\"nofollow noopener\" target=\"_blank\">Jordi Ribera<\/a> lo haya convocado para los dos amistosos que la selecci\u00f3n disputa este jueves (18.10) y s\u00e1bado (17.30) contra Suecia en el pa\u00eds escandinavo, antes del Europeo del pr\u00f3ximo enero. <\/p>\n<p class=\"\">El joven, o ya no tanto (24 a\u00f1os), se mueve con parsimonia y cierta inocencia por el pabell\u00f3n, como si no supiera, m\u00e1s all\u00e1 de su progresi\u00f3n en la cancha, la comidilla que genera su nombre. Es el hijo segundo de I\u00f1aki Urdangarin y Cristina de Borb\u00f3n, nieto de los reyes em\u00e9ritos y sobrino de Felipe VI. \u201cTampoco suelo escuchar lo que se dice, no me ha afectado\u201d, despeja tranquilo. De lo que no se ha podido librar en un vestuario es de las bromas. Y el resto tampoco de sus respuestas. \u201cS\u00e9 que son de buen rollo y yo se las devuelvo. Es un pique bueno. Est\u00e1 la t\u00edpica de que soy un enchufado, pero luego lo demuestro en la pista. Les digo que ya se enterar\u00e1n en los entrenamientos. Y se han enterado\u201d, cuenta con una sonrisa antes de zanjar con un serio \u201cno, no\u201d si alguna vez se ha sentido beneficiado o perjudicado por sus apellidos. <\/p>\n<blockquote class=\"a_q\">\n<p>\u201cHe crecido muy tarde, sobre todo, t\u00e9cnicamente, en el juego\u201d<\/p>\n<\/blockquote>\n<p class=\"\">Su trayectoria no es la m\u00e1s habitual de todos los que acuden con los Hispanos. Nunca fue llamado a una <a href=\"https:\/\/elpais.com\/deportes\/2024-09-29\/el-semillero-del-balonmano-espanol-en-la-cumbre-de-sierra-nevada.html\" rel=\"nofollow noopener\" target=\"_blank\">selecci\u00f3n de base<\/a>. \u201cComo viv\u00eda en el extranjero, tambi\u00e9n era m\u00e1s dif\u00edcil. No segu\u00eda el balonmano en categor\u00edas inferiores, estaba muy poco vinculado con esto al estar fuera\u201d, explica Pablo Urdangarin, que empez\u00f3 imitando l\u00f3gicamente a su padre, doble bronce ol\u00edmpico y miembro destacado del <a href=\"https:\/\/elpais.com\/deportes\/2015\/05\/31\/actualidad\/1433101386_576701.html\" rel=\"nofollow noopener\" target=\"_blank\">Dream Team del Bar\u00e7a<\/a>. \u201cEra muy f\u00e1cil copiarle de peque\u00f1o, es lo que todo ni\u00f1o quiere\u201d, apunta. <\/p>\n<p class=\"\">Sus primeros recuerdos arrancan en una cancha de cemento del Liceo Franc\u00e9s de Barcelona, \u201cincluso parando un penalti al Sagrado Coraz\u00f3n\u201d, se\u00f1ala. \u201cTengo un shot de este momento\u201d, exclama muy al estilo de su generaci\u00f3n. Ah\u00ed empieza con la familia un periplo internacional y un cocinado a fuego lento en este deporte. \u201cHe crecido muy tarde, sobre todo, t\u00e9cnicamente. En Suiza era muy peque\u00f1o, muy delgado, y tampoco era un balonmano serio. Luego me fui a Alemania [en 2018, al Hannover], donde me fue bien, pero segu\u00eda f\u00edsicamente muy d\u00e9bil y no entend\u00eda mucho de jugadas. Estaba un poco perdido y el idioma me cost\u00f3. El Nantes tambi\u00e9n me ayud\u00f3, pero solo estuve medio a\u00f1o [por la covid]. Y cuando llegu\u00e9 al Barcelona [2020], ah\u00ed te ense\u00f1an una manera diferente de ver el balonmano. Tanto staff, tantos enfrenadores, aprendes un mont\u00f3n\u201d, afirma. En su primera temporada en el filial, no obstante, solo pudo entrenar porque la plantilla estaba completa. En 2021 <a href=\"https:\/\/elpais.com\/deportes\/2021-10-23\/pablo-el-hijo-de-inaki-urdangarin-debuta-en-el-barcelona-de-balonmano.html\" rel=\"nofollow noopener\" target=\"_blank\">debut\u00f3 con el primer equipo<\/a> y en 2023 se march\u00f3 al <a href=\"https:\/\/elpais.com\/deportes\/2023-03-18\/granollers-poco-dinero-y-mucho-balonmano-somos-la-mejor-cantera-de-espana.html\" rel=\"nofollow noopener\" target=\"_blank\">Granollers<\/a>, donde de verdad ha asomado la cabeza. <\/p>\n<p><img decoding=\"auto\" class=\"_re lazyload a_m-h\" height=\"276\"  width=\"414\"  src=\"https:\/\/www.europesays.com\/es\/wp-content\/uploads\/2025\/10\/JCDZEKCZRJHIDDRERBUOVQC3QI.jpg\" loading=\"lazy\"\/>Pablo Urdangarin, en el pabell\u00f3n del Granollers.Albert Garcia<\/p>\n<p class=\"\">Curiosamente, el gran salto lo ha dado en la misma posici\u00f3n que su padre, en el lateral derecho. \u00c9l siempre hab\u00eda sido extremo derecho \u2013\u201cera muy peque\u00f1o\u201d, reconoce-; pero cuando peg\u00f3 el estir\u00f3n, en las conversaciones dom\u00e9sticas concluyeron que quiz\u00e1 ser\u00eda un buen plan a largo plazo probarse de lateral. \u201cHablando con mi padre, los dos pensamos que al haber crecido tanto, era un plus. Sab\u00eda que, si consegu\u00eda tener dos puestos, me ayudar\u00eda un mont\u00f3n a m\u00ed y a los equipos. Jugadores as\u00ed son muy buscados. Y yo me aburr\u00eda un poco en la esquina esperando balones\u201d, comenta. <\/p>\n<p class=\"\">As\u00ed que, aprovechando tambi\u00e9n algunas lesiones, se acerc\u00f3 al entrenador del Granollers, Antonio Rama, y se ofreci\u00f3 como lateral. \u201cYo le di la idea, le fui diciendo que confiara, que pod\u00eda. Me dio un poco de largas, pero lo hac\u00eda bien cuando me pon\u00eda ah\u00ed. Es verdad que al principio me liaba un poco con las jugadas, aunque lo fui entendiendo r\u00e1pido y me fue dando m\u00e1s oportunidades. Y aqu\u00ed estamos [en la selecci\u00f3n], en un a\u00f1o y poco que llevo como lateral. Es bastante heavy\u201d, exclama Pablo Urdangarin, cuya producci\u00f3n goleadora en la Liga Asobal con su club ha ido hacia arriba: 85 en el primer curso, 117 el pasado y 23 en los siete encuentros de este. El seleccionador ya lo hab\u00eda incluido hace m\u00e1s de un a\u00f1o en los informes peri\u00f3dicos que elabora y recibe de unos 150 jugadores repartidos por todo el mundo. Hace un par de semanas, cuando le comunic\u00f3 que estar\u00eda en la pr\u00f3xima lista, el joven perdi\u00f3 el hilo de la conversaci\u00f3n y al rato le mand\u00f3 un mensaje de agradecimiento.<\/p>\n<blockquote class=\"a_q\">\n<p>\u201cMe gustar\u00eda tener la garra, actitud, el porte y los 100 kilos de mi padre\u201d<\/p>\n<\/blockquote>\n<p class=\"\">\u201cAntes de un partido, mi padre me da tips, consejos para mantener la calma, ser disciplinado, lanzar en las primeras acciones porque si no los defensores no van a dudar\u2026 Estas cosas s\u00ed las hablo mucho con \u00e9l\u201d, cuenta este joven, que luce el dorsal 77 por su progenitor (llevaba el siete), y al que le gustar\u00eda tener \u201cla garra, actitud, defensa, el porte y los 100 kilos\u201d de su padre. \u00c9l se encuentra en 85 y su objetivo es alcanzar los 90 en el gimnasio, de donde sale para la entrevista, porque eso tambi\u00e9n le ayudar\u00eda para defender, su gran margen de mejora. Lo que ya tiene de nacimiento es su condici\u00f3n de zurdo, algo que escasea en el balonmano y que le ofrece una ventaja competitiva. \u201cDe peque\u00f1o, no era tan bueno de extremo, pero al ser zurdo ten\u00eda que jugar\u201d, admite este joven r\u00e1pido sobre la pista. <\/p>\n<p class=\"\">Fuera de los pabellones, vive en Barcelona y estudia \u201cSports management\u201d, una \u201ccarrera sobre gesti\u00f3n de empresa deportiva\u201d que espera terminar este curso. Dice que no ha pensado mucho en lo que har\u00e1 despu\u00e9s del balonmano, aunque alguna idea ya le ronda. \u201cQuiero hacer algo relacionado con el deporte. Igual algo de organizaci\u00f3n de eventos\u201d, cierra sentado sobre un pupitre de la sala de prensa que mueve nervioso d\u00edas antes de debutar con los Hispanos. Como dir\u00eda para expresar que algo le gusta: \u201cS\u00faper\u201d. <\/p>\n","protected":false},"excerpt":{"rendered":"En el Palacio de los Deportes de Granollers estuvo la semana pasada \u201cla santa de los abrazos\u201d, Amma,&hellip;\n","protected":false},"author":2,"featured_media":208632,"comment_status":"","ping_status":"","sticky":false,"template":"","format":"standard","meta":{"footnotes":""},"categories":[93],"tags":[376,56657,1540,168,25,24,4811,10215,50556,50555,23,167],"class_list":{"0":"post-208631","1":"post","2":"type-post","3":"status-publish","4":"format-standard","5":"has-post-thumbnail","7":"category-deportes","8":"tag-balonmano","9":"tag-bm-granollers","10":"tag-competiciones","11":"tag-deportes","12":"tag-es","13":"tag-espana","14":"tag-fc-barcelona-balonmano","15":"tag-inaki-urdangarin","16":"tag-jordi-ribera","17":"tag-seleccion-espanola-balonmano","18":"tag-spain","19":"tag-sports"},"share_on_mastodon":{"url":"https:\/\/pubeurope.com\/@es\/115462263650079915","error":""},"_links":{"self":[{"href":"https:\/\/www.europesays.com\/es\/wp-json\/wp\/v2\/posts\/208631","targetHints":{"allow":["GET"]}}],"collection":[{"href":"https:\/\/www.europesays.com\/es\/wp-json\/wp\/v2\/posts"}],"about":[{"href":"https:\/\/www.europesays.com\/es\/wp-json\/wp\/v2\/types\/post"}],"author":[{"embeddable":true,"href":"https:\/\/www.europesays.com\/es\/wp-json\/wp\/v2\/users\/2"}],"replies":[{"embeddable":true,"href":"https:\/\/www.europesays.com\/es\/wp-json\/wp\/v2\/comments?post=208631"}],"version-history":[{"count":0,"href":"https:\/\/www.europesays.com\/es\/wp-json\/wp\/v2\/posts\/208631\/revisions"}],"wp:featuredmedia":[{"embeddable":true,"href":"https:\/\/www.europesays.com\/es\/wp-json\/wp\/v2\/media\/208632"}],"wp:attachment":[{"href":"https:\/\/www.europesays.com\/es\/wp-json\/wp\/v2\/media?parent=208631"}],"wp:term":[{"taxonomy":"category","embeddable":true,"href":"https:\/\/www.europesays.com\/es\/wp-json\/wp\/v2\/categories?post=208631"},{"taxonomy":"post_tag","embeddable":true,"href":"https:\/\/www.europesays.com\/es\/wp-json\/wp\/v2\/tags?post=208631"}],"curies":[{"name":"wp","href":"https:\/\/api.w.org\/{rel}","templated":true}]}}