{"id":208637,"date":"2025-10-30T08:53:08","date_gmt":"2025-10-30T08:53:08","guid":{"rendered":"https:\/\/www.europesays.com\/es\/208637\/"},"modified":"2025-10-30T08:53:08","modified_gmt":"2025-10-30T08:53:08","slug":"el-nuevo-resident-evil-llega-con-mando-para-switch-2-skin-de-fortnite-y-mas","status":"publish","type":"post","link":"https:\/\/www.europesays.com\/es\/208637\/","title":{"rendered":"El nuevo Resident Evil llega con mando para Switch 2, skin de Fortnite y m\u00e1s"},"content":{"rendered":"<p>Los lanzamientos que est\u00e1n previstos para 2026 est\u00e1n generando muchas expectativas entre los usuarios. Pero para los amantes del terror encontramos que uno de los m\u00e1s importantes es el nuevo t\u00edtulo<strong> Resident Evil: Requiem<\/strong>. Y la marca detr\u00e1s de este juego ya est\u00e1 moviendo hilos para preparar su lanzamiento.<\/p>\n<p>Muchos de los juegos triple A que se han lanzado en los \u00faltimos a\u00f1os lo han hecho con una serie de novedades previas a su llegada. Algunos utilizan las ediciones Deluxe y las preorders para atraer a la mayor cantidad de fans posibles, mientras que otros lo llevan a otro nivel. Y es que no solo encontramos contenidos lanzados dentro del propio juego, sino tambi\u00e9n merchandising fuera del mismo.<\/p>\n<p><img decoding=\"async\" loading=\"lazy\" width=\"1280\" height=\"720\" src=\"https:\/\/www.europesays.com\/es\/wp-content\/uploads\/2025\/10\/rer.jpg\" alt=\"Grace Ashcroft, protagonista de Resident Evil Requiem, explorando un pasillo l\u00fagubre durante el tr\u00e1iler de presentaci\u00f3n.\"\/><\/p>\n<p>Imagen de la protagonista de Resident Evil: Requiem, Grace Ashcroft. Fuente: Capcom.<\/p>\n<p>Este es un movimiento habitual de marcas como <strong>Capcom<\/strong> quienes colaboran con otras grandes compa\u00f1\u00edas para ofrecer todo tipo de productos con sus nuevos lanzamientos. Y en el caso del nuevo t\u00edtulo de<strong> Resident Evil<\/strong> han preparado hasta un perif\u00e9rico con tem\u00e1tica del juego.<\/p>\n<p>Capcom prepara la llegada de Resident Evil: Requiem con grandes novedades<\/p>\n<p>Cuando hablamos de juegos triple A siempre nos referimos a t\u00edtulos que tienen una gran cantidad de presupuesto detr\u00e1s. Pero esta inversi\u00f3n no solo se ve en la calidad del mismo o en la publicidad que se hace. Tambi\u00e9n hay otros aspectos clave a tener en cuenta como la gran fama que adquieren y que permite lanzar productos \u00fanicos como perif\u00e9ricos personalizados.<\/p>\n<p>Y teniendo en cuenta lo importante que es la saga<strong> Resident Evil<\/strong> para <strong>Capcom<\/strong>, han querido presentar la preventa del juego a trav\u00e9s de un tr\u00e1iler especial en el que han mostrado grandes novedades.<\/p>\n<p><strong>Edici\u00f3n Deluxe<\/strong><\/p>\n<p>La edici\u00f3n Deluxe de <strong>Resident Evil: Requiem <\/strong>costar\u00e1 10\u20ac m\u00e1s que la base (69,99\u20ac\/79,99) e incluir\u00e1 distintos objetos cosm\u00e9ticos. Los usuarios que la compren obtendr\u00e1n cinco atuendos para la protagonista, incluido el atuendo de Dimitrscu para Grace. Tambi\u00e9n incluye cuatro aspectos para armas, dos amuletos, un pack de sonido y dos filtros.<\/p>\n<p>Los usuarios que hagan la precompra de esta edici\u00f3n o la b\u00e1sica tambi\u00e9n recibir\u00e1n el aspecto Apocalipsis para la protagonista.<\/p>\n<p><strong>Mando Nintendo Switch 2 Pro<\/strong><\/p>\n<p>El segundo gran anuncio que ha hecho la compa\u00f1\u00eda es una colaboraci\u00f3n directa con Nintendo. El <a href=\"https:\/\/hardzone.es\/tutoriales\/componentes\/usar-mando-dualsense-ps5-pc\/\" target=\"_blank\" rel=\"noopener noreferrer nofollow\">mando<\/a> <strong>Switch 2 Pro controller edici\u00f3n Resident Evil: Requiem<\/strong> estar\u00e1 disponible junto con el lanzamiento del juego en la Nintendo Store. Este tendr\u00e1 un precio de 99,99\u20ac e incorpora detalles del t\u00edtulo que afectan \u00fanicamente a la est\u00e9tica del perif\u00e9rico.<\/p>\n<p><b>Amiibo<\/b><\/p>\n<p>Otro de los grandes anuncios que encontramos en el tr\u00e1iler es la llegada del primer personaje de Resident Evil a los m\u00edticos amiibo. Grace Ashcroft tendr\u00e1 su propia r\u00e9plica en miniatura que se lanzar\u00e1 en verano de 2026.<\/p>\n<p><strong>Colaboraci\u00f3n Fortnite<\/strong><\/p>\n<p>Y por \u00faltimo en el tr\u00e1iler tambi\u00e9n podemos observar una peque\u00f1a colaboraci\u00f3n que tendr\u00e1 lugar con el videojuego <strong>Fortnite<\/strong>. En este caso el aspecto de Grace no se lanzar\u00e1 como un pack en la tienda del juego. Este ser\u00e1 exclusivo para aquellas personas que compren el juego en la plataforma de Epic Games. Los jugadores recibir\u00e1n estos cosm\u00e9ticos para Fortnite una vez el juego se lance el 27 de febrero de 2026.<\/p>\n","protected":false},"excerpt":{"rendered":"Los lanzamientos que est\u00e1n previstos para 2026 est\u00e1n generando muchas expectativas entre los usuarios. Pero para los amantes&hellip;\n","protected":false},"author":2,"featured_media":208638,"comment_status":"","ping_status":"","sticky":false,"template":"","format":"standard","meta":{"footnotes":""},"categories":[81],"tags":[119,123,124,25,24,117,121,122,23,118,120],"class_list":{"0":"post-208637","1":"post","2":"type-post","3":"status-publish","4":"format-standard","5":"has-post-thumbnail","7":"category-ciencia-y-tecnologia","8":"tag-ciencia","9":"tag-ciencia-y-tecnologia","10":"tag-cienciaytecnologia","11":"tag-es","12":"tag-espana","13":"tag-science","14":"tag-science-and-technology","15":"tag-scienceandtechnology","16":"tag-spain","17":"tag-technology","18":"tag-tecnologia"},"share_on_mastodon":{"url":"https:\/\/pubeurope.com\/@es\/115462276249987595","error":""},"_links":{"self":[{"href":"https:\/\/www.europesays.com\/es\/wp-json\/wp\/v2\/posts\/208637","targetHints":{"allow":["GET"]}}],"collection":[{"href":"https:\/\/www.europesays.com\/es\/wp-json\/wp\/v2\/posts"}],"about":[{"href":"https:\/\/www.europesays.com\/es\/wp-json\/wp\/v2\/types\/post"}],"author":[{"embeddable":true,"href":"https:\/\/www.europesays.com\/es\/wp-json\/wp\/v2\/users\/2"}],"replies":[{"embeddable":true,"href":"https:\/\/www.europesays.com\/es\/wp-json\/wp\/v2\/comments?post=208637"}],"version-history":[{"count":0,"href":"https:\/\/www.europesays.com\/es\/wp-json\/wp\/v2\/posts\/208637\/revisions"}],"wp:featuredmedia":[{"embeddable":true,"href":"https:\/\/www.europesays.com\/es\/wp-json\/wp\/v2\/media\/208638"}],"wp:attachment":[{"href":"https:\/\/www.europesays.com\/es\/wp-json\/wp\/v2\/media?parent=208637"}],"wp:term":[{"taxonomy":"category","embeddable":true,"href":"https:\/\/www.europesays.com\/es\/wp-json\/wp\/v2\/categories?post=208637"},{"taxonomy":"post_tag","embeddable":true,"href":"https:\/\/www.europesays.com\/es\/wp-json\/wp\/v2\/tags?post=208637"}],"curies":[{"name":"wp","href":"https:\/\/api.w.org\/{rel}","templated":true}]}}