{"id":208648,"date":"2025-10-30T09:03:09","date_gmt":"2025-10-30T09:03:09","guid":{"rendered":"https:\/\/www.europesays.com\/es\/208648\/"},"modified":"2025-10-30T09:03:09","modified_gmt":"2025-10-30T09:03:09","slug":"todos-piensan-que-podrian-perderse-al-proximo-pogacar-o-evenepoel","status":"publish","type":"post","link":"https:\/\/www.europesays.com\/es\/208648\/","title":{"rendered":"\u201cTodos piensan que podr\u00edan perderse al pr\u00f3ximo Pogacar o Evenepoel\u00bb"},"content":{"rendered":"<p data-mrf-recirculation=\"Links P\u00e1rrafos\" class=\"ue-c-article__paragraph paragraph ue-c-article--first-letter-highlighted\">A sus 36 a\u00f1os, <strong>Julien Vermote <\/strong>vuelve a encontrarse ante un viejo conocido: el paro. El ciclista belga, que no seguir\u00e1 en el <strong>Visma | Lease a Bike,<\/strong> a\u00fan no ha encontrado equipo para 2026. Sin embargo, mantiene viva la esperanza de seguir rodando en el pelot\u00f3n, aunque reconoce que el ciclismo actual parece haber dado la espalda a los veteranos.<\/p>\n<p data-mrf-recirculation=\"Links P\u00e1rrafos\" class=\"ue-c-article__paragraph paragraph\"><strong>\u00abNo me he puesto un plazo para encontrar un nuevo equipo, porque si lo haces, b\u00e1sicamente est\u00e1s admitiendo que se acab\u00f3\u00bb<\/strong>, explica en declaraciones a <strong>Het Nieuwsblad.<\/strong> Su tono es sereno, pero deja entrever una mezcla de resignaci\u00f3n y orgullo. Vermote sabe que no es la primera vez que se ve en esta situaci\u00f3n \u2014ya vivi\u00f3 algo similar en 2021 y 2023\u2014, pero insiste en que todav\u00eda tiene mucho que ofrecer: \u00abPuedo correr para distintos l\u00edderes y brindar apoyo donde sea necesario. Ya no quedan muchos ciclistas capaces de ganar, y puedo ayudar a que otros lo hagan\u00bb.<\/p>\n<p data-mrf-recirculation=\"Links P\u00e1rrafos\" class=\"ue-c-article__paragraph paragraph\">El mercado, sin embargo, no le ha sido favorable. La fusi\u00f3n entre Lotto y Intermarch\u00e9 Wanty ha dejado a muchos corredores en el aire, y varios equipos han desaparecido o reducido su plantilla. <strong>\u00abNo podr\u00eda haber llegado en peor momento\u00bb, admite. \u00abAlgunos equipos todav\u00eda creen que pueden fichar ciclistas de esos equipos a precio de ganga. Y mi edad tampoco ayuda\u00bb.<\/strong><\/p>\n<p>Tadej Pogacar: \u00abFue una temporada perfecta, pero se puede mejorar en 2026\u00bb<\/p>\n<p data-mrf-recirculation=\"Links P\u00e1rrafos\" class=\"ue-c-article__paragraph paragraph\">Vermote detecta una tendencia clara: la juventud se ha convertido en una obsesi\u00f3n. \u00abTodos piensan que podr\u00edan perderse al pr\u00f3ximo Pogacar o Remco\u00bb, denuncia. \u00ab<strong>Cada generaci\u00f3n tiene talento, pero no hay cincuenta corredores como ellos. Ya no competimos en rodillos donde solo importan los vatios, pero la tendencia va en esa direcci\u00f3n: los equipos se centran cada vez m\u00e1s en los datos y se olvidan de aspectos como la estrategia o el posicionamiento\u00bb.<\/strong><\/p>\n<p data-mrf-recirculation=\"Links P\u00e1rrafos\" class=\"ue-c-article__paragraph paragraph\">El belga no rechaza la ciencia aplicada al rendimiento, pero alerta del riesgo de perder el equilibrio. \u00abPesar la comida o medir los vatios tiene su utilidad, claro, pero no estoy seguro de que sea sostenible. Puedes hacerlo durante uno, dos o tres a\u00f1os, pero mentalmente pasa factura. Los corredores empiezan antes, llegan m\u00e1s r\u00e1pido a su pico de forma, pero mantenerlo durante una d\u00e9cada es otra historia. Hay que encontrar equilibrio, dejarse guiar por las sensaciones. Esa es la belleza del ciclismo: intentar superarte un poco cada d\u00eda\u00bb.<\/p>\n<p>Carera, agente de Pogacar: \u00abMi trabajo no es que gane m\u00e1s, sino que sea feliz\u201d<\/p>\n<p data-mrf-recirculation=\"Links P\u00e1rrafos\" class=\"ue-c-article__paragraph paragraph\">En el pasado, Vermote ya tuvo que reinventarse. En 2021 firm\u00f3 en abril con los hermanos Roodhooft cuando la temporada estaba en marcha, y en 2023 incluso cre\u00f3 su propio equipo para seguir compitiendo antes de recibir una llamada de Visma en diciembre. <strong>\u00abHe visto c\u00f3mo las cosas pueden cambiar de la noche a la ma\u00f1ana\u00bb, asegura.<\/strong><\/p>\n<p>Hablando de forma certera<\/p>\n<p data-mrf-recirculation=\"Links P\u00e1rrafos\" class=\"ue-c-article__paragraph paragraph\">Aun as\u00ed, esta vez no est\u00e1 dispuesto a vivir otro a\u00f1o en el limbo: <strong>\u00abNo voy a pasar otro a\u00f1o entrenando sin equipo. Si no sale nada, me centrar\u00e9 en nuestro centro m\u00e9dico deportivo o en la tienda de bicicletas que tengo con mi hermano y mi cu\u00f1ado. Pero adaptarme a la vida normal llevar\u00e1 tiempo\u00bb.<\/strong><\/p>\n<p>Cortina: \u00abA veces las expectativas te hacen perder el rumbo, yo tambi\u00e9n lo viv\u00ed\u00bb<\/p>\n<p data-mrf-recirculation=\"Links P\u00e1rrafos\" class=\"ue-c-article__paragraph paragraph\">Lo que m\u00e1s teme perder no son los resultados, sino el prop\u00f3sito. \u00abLo bonito de ser ciclista es que cada d\u00eda empieza con un objetivo. Entrenas, cumples y sientes que has hecho tu trabajo. <strong>Esa satisfacci\u00f3n diaria es dif\u00edcil de reemplazar. Y tambi\u00e9n echar\u00e9 de menos salir a la carretera con mis compa\u00f1eros. Ser ciclista es simplemente maravilloso\u00bb.<\/strong><\/p>\n<p data-mrf-recirculation=\"Links P\u00e1rrafos\" class=\"ue-c-article__paragraph paragraph\">Por ahora, Vermote no se rinde. \u00abS\u00e9 que toda carrera deportiva tiene un final y que hay que aceptarlo cuando llega\u00bb, reflexiona.<strong> \u00abPero no me rindo f\u00e1cilmente. He trabajado demasiado duro como para dejarlo escapar as\u00ed como as\u00ed\u00bb.<\/strong><\/p>\n","protected":false},"excerpt":{"rendered":"A sus 36 a\u00f1os, Julien Vermote vuelve a encontrarse ante un viejo conocido: el paro. El ciclista belga,&hellip;\n","protected":false},"author":2,"featured_media":208649,"comment_status":"","ping_status":"","sticky":false,"template":"","format":"standard","meta":{"footnotes":""},"categories":[273],"tags":[313,312,168,25,24,23,167],"class_list":{"0":"post-208648","1":"post","2":"type-post","3":"status-publish","4":"format-standard","5":"has-post-thumbnail","7":"category-ciclismo","8":"tag-ciclismo","9":"tag-cycling","10":"tag-deportes","11":"tag-es","12":"tag-espana","13":"tag-spain","14":"tag-sports"},"share_on_mastodon":{"url":"https:\/\/pubeurope.com\/@es\/115462314576601403","error":""},"_links":{"self":[{"href":"https:\/\/www.europesays.com\/es\/wp-json\/wp\/v2\/posts\/208648","targetHints":{"allow":["GET"]}}],"collection":[{"href":"https:\/\/www.europesays.com\/es\/wp-json\/wp\/v2\/posts"}],"about":[{"href":"https:\/\/www.europesays.com\/es\/wp-json\/wp\/v2\/types\/post"}],"author":[{"embeddable":true,"href":"https:\/\/www.europesays.com\/es\/wp-json\/wp\/v2\/users\/2"}],"replies":[{"embeddable":true,"href":"https:\/\/www.europesays.com\/es\/wp-json\/wp\/v2\/comments?post=208648"}],"version-history":[{"count":0,"href":"https:\/\/www.europesays.com\/es\/wp-json\/wp\/v2\/posts\/208648\/revisions"}],"wp:featuredmedia":[{"embeddable":true,"href":"https:\/\/www.europesays.com\/es\/wp-json\/wp\/v2\/media\/208649"}],"wp:attachment":[{"href":"https:\/\/www.europesays.com\/es\/wp-json\/wp\/v2\/media?parent=208648"}],"wp:term":[{"taxonomy":"category","embeddable":true,"href":"https:\/\/www.europesays.com\/es\/wp-json\/wp\/v2\/categories?post=208648"},{"taxonomy":"post_tag","embeddable":true,"href":"https:\/\/www.europesays.com\/es\/wp-json\/wp\/v2\/tags?post=208648"}],"curies":[{"name":"wp","href":"https:\/\/api.w.org\/{rel}","templated":true}]}}