{"id":208703,"date":"2025-10-30T09:39:14","date_gmt":"2025-10-30T09:39:14","guid":{"rendered":"https:\/\/www.europesays.com\/es\/208703\/"},"modified":"2025-10-30T09:39:14","modified_gmt":"2025-10-30T09:39:14","slug":"no-se-ha-formado-en-nuestro-sistema-solar-ni-es-de-origen-artificial-2","status":"publish","type":"post","link":"https:\/\/www.europesays.com\/es\/208703\/","title":{"rendered":"\u201cNo se ha formado en nuestro sistema solar ni es de origen &#8216;artificial&#8217;\u201d"},"content":{"rendered":"<p>                                    <img decoding=\"async\" loading=\"lazy\" src=\"https:\/\/www.europesays.com\/es\/wp-content\/uploads\/2025\/09\/64ee0a528b8df.png\" alt=\"Joan Teixid\u00f3\" width=\"40\" height=\"40\" data-full-src=\"https:\/\/www.europesays.com\/es\/wp-content\/uploads\/2025\/09\/64ee0a528b8df.png\"\/><\/p>\n<p class=\"paragraph\">El <b><a href=\"https:\/\/www.segre.com\/es\/sociedad\/251029\/preguntas-y-respuestas-sobre-el-cometa-3iatlas-el-objeto-que-ha-generado-expectacion-mundial_1002107.html\" title=\"Preguntas y respuestas sobre el cometa 3i\/Atlas: el objeto que ha generado expectaci\u00f3n mundial\" target=\"_blank\" rel=\"nofollow noopener\">cometa 3I\/Atlas<\/a><\/b>, descubierto el pasado 1 de julio, ha despertado un gran inter\u00e9s cient\u00edfico por ser el tercer objeto interestelar conocido hasta hoy. Este cuerpo celeste, que se aproximar\u00e1 al Sol hoy a una distancia de unos 210 millones de kil\u00f3metros, est\u00e1 siendo objeto de estudio por parte de la NASA y otros organismos cient\u00edficos internacionales. Pese a su trayectoria hiperb\u00f3lica y comportamiento inusual, los expertos aseguran que no representa ninguna amenaza para la Tierra.\u00a0<\/p>\n<p>            <a href=\"#\" title=\"\"><\/p>\n<p>                    <img loading=\"lazy\" decoding=\"async\" data-index=\"\" width=\"140\" height=\"140\" alt=\"El cometa 3I\/ATLAS, descobert l'1 de juliol de 2025, ha despertat un gran inter\u00e8s cient\u00edfic\" data-full=\"[object Object]\" data-original=\"[object Object]\" src=\"https:\/\/imagenes.segre.com\/files\/related_image\/uploads\/2025\/10\/28\/6900e2e10189c.png\" data-full-src=\"https:\/\/www.europesays.com\/es\/wp-content\/uploads\/2025\/10\/1761752536_494_6900e2e10189c.png\"\/><\/p>\n<p>            <\/a><\/p>\n<p class=\"paragraph\">En declaraciones a SEGRE, el astrof\u00edsico <b><a href=\"https:\/\/www.segre.com\/es\/vint-dos\/251027\/kacper-wierzchos-pase-de-observar-el-cielo-con-un-telescopio-de-juguete-a-trabajar-en-un-programa-de-defensa-planetaria-de-la-nasa_998738.html\" title=\"Kacper Wierzchos: \u00abPas\u00e9 de observar el cielo con un telescopio de juguete a trabajar en un programa de defensa planetaria de la NASA\u00bb\" target=\"_blank\" rel=\"nofollow noopener\">Kacper Wierzchos<\/a><\/b>, leridano que trabaja en un programa de defensa planetaria de la NASA desde Arizona, explica las particularidades de este fen\u00f3meno. \u201cEs un objeto que no se ha formado en nuestro sistema solar, sino que viene de otro\u201d, afirma. No obstante, seg\u00fan Wierzchos, presenta caracter\u00edsticas similares a los cometas de nuestro sistema solar, como \u201cuna envoltura gaseosa llamada coma y una peque\u00f1a cola\u201d.<\/p>\n<p>            <a href=\"#\" title=\"\"><\/p>\n<p>                    <img loading=\"lazy\" decoding=\"async\" data-index=\"\" width=\"140\" height=\"140\" alt=\"Kacper Wierzchos \u00e9s un astrof\u00edsic lleidat\u00e0 que treballa a Arizona en un programa de defensa planet\u00e0ria per a la NASA\" data-full=\"[object Object]\" data-original=\"[object Object]\" src=\"https:\/\/imagenes.segre.com\/files\/related_image\/files\/fp\/uploads\/2025\/10\/27\/68ff1cea9dff7.r_d.1375-1371.jpeg\" data-full-src=\"https:\/\/www.europesays.com\/es\/wp-content\/uploads\/2025\/10\/1761752540_466_68ff1cea9dff7.jpeg\"\/><\/p>\n<p>            <\/a><\/p>\n<p class=\"paragraph\">El astrof\u00edsico detalla que se han detectado componentes habituales como el di\u00f3xido de carbono, presentes en casi todos los cometas de nuestro sistema solar, pero tambi\u00e9n elementos inusuales como vapor de n\u00edquel. Asimismo, aborda directamente la pol\u00e9mica sobre un posible origen artificial de este cometa. \u201cLa sociedad, por cierta ignorancia cient\u00edfica, tiene una predisposici\u00f3n a buscar explicaciones ex\u00f3ticas para lo que no entiende\u201d, se\u00f1ala.\u00a0<\/p>\n<p class=\"paragraph\">El experto atribuye el origen de estas especulaciones a Avi Loeb, cient\u00edfico de Harvard, quien propuso la hip\u00f3tesis que el primer objeto interestelar descubierto en 2017 podr\u00eda ser de origen alien\u00edgena.<\/p>\n<p class=\"paragraph\">La NASA continuar\u00e1 estudiando este cometa durante los pr\u00f3ximos meses para comprender mejor su composici\u00f3n y propiedades, aportando una valiosa informaci\u00f3n. Los cometas interestelares son extraordinariamente raros: 3I\/Atlas es solo el tercer ejemplo confirmado, tras el 1I\/Oumuamua en 2017 y el 2I\/Borisov en 2019.\u00a0<\/p>\n<p class=\"paragraph\">A diferencia de los cometas que se dirigen al Sol, 3I\/Atlas viaja en una \u00f3rbita hiperb\u00f3lica a 221.000 kil\u00f3metros por hora que eventualmente lo llevar\u00e1 de regreso al espacio interestelar. Su breve paso por el sistema solar brinda a los astr\u00f3nomos una oportunidad \u00fanica de estudiar material formado alrededor de una estrella distante.<\/p>\n<p><strong class=\"c-detail__interview--title\">Kacper Wierzchos<br \/><\/strong><\/p>\n<p class=\"c-detail__interview--txt\">ASTROF\u00cdSICO DE LA NASA<\/p>\n<p class=\"c-detail__cite full \">\n<p>\u00abTiene similitudes\u00a0con un cometa\u00a0del sistema solar\u00bb<\/p>\n<p class=\"paragraph\">\u201cLas afirmaciones extraordinarias requieren evidencias\u00a0 extraordinarias\u201d, se\u00f1ala\u00a0Kacper Wierzchos a las hip\u00f3tesis sin\u00a0 fundamento sobre el\u00a0nuevo cometa interestelar,\u00a0del que asegura que tiene\u00a0similitudes con los del sistema solar. Hijo de cient\u00edficos,\u00a0Wierzchos vivi\u00f3 en Lleida entre los cinco y los 18 a\u00f1os. Estudi\u00f3 en el Guind\u00e0vols y ha \u2018bautizado\u2019 a uno de los asteroides que ha descubierto con el nombre del profesor que despert\u00f3 su vocaci\u00f3n:\u00a0Anicet Cosialls, como public\u00f3 el \u00faltimo n\u00famero de la revista Vint-i-dos. Doctorado en Astrof\u00edsica, Wierzchos trabaja en un programa de defensa planetaria para la NASA.<\/p>\n","protected":false},"excerpt":{"rendered":"El cometa 3I\/Atlas, descubierto el pasado 1 de julio, ha despertado un gran inter\u00e9s cient\u00edfico por ser el&hellip;\n","protected":false},"author":2,"featured_media":206663,"comment_status":"","ping_status":"","sticky":false,"template":"","format":"standard","meta":{"footnotes":""},"categories":[81],"tags":[119,123,124,25,24,117,121,122,23,118,120],"class_list":{"0":"post-208703","1":"post","2":"type-post","3":"status-publish","4":"format-standard","5":"has-post-thumbnail","7":"category-ciencia-y-tecnologia","8":"tag-ciencia","9":"tag-ciencia-y-tecnologia","10":"tag-cienciaytecnologia","11":"tag-es","12":"tag-espana","13":"tag-science","14":"tag-science-and-technology","15":"tag-scienceandtechnology","16":"tag-spain","17":"tag-technology","18":"tag-tecnologia"},"share_on_mastodon":{"url":"https:\/\/pubeurope.com\/@es\/115462456483679106","error":""},"_links":{"self":[{"href":"https:\/\/www.europesays.com\/es\/wp-json\/wp\/v2\/posts\/208703","targetHints":{"allow":["GET"]}}],"collection":[{"href":"https:\/\/www.europesays.com\/es\/wp-json\/wp\/v2\/posts"}],"about":[{"href":"https:\/\/www.europesays.com\/es\/wp-json\/wp\/v2\/types\/post"}],"author":[{"embeddable":true,"href":"https:\/\/www.europesays.com\/es\/wp-json\/wp\/v2\/users\/2"}],"replies":[{"embeddable":true,"href":"https:\/\/www.europesays.com\/es\/wp-json\/wp\/v2\/comments?post=208703"}],"version-history":[{"count":0,"href":"https:\/\/www.europesays.com\/es\/wp-json\/wp\/v2\/posts\/208703\/revisions"}],"wp:featuredmedia":[{"embeddable":true,"href":"https:\/\/www.europesays.com\/es\/wp-json\/wp\/v2\/media\/206663"}],"wp:attachment":[{"href":"https:\/\/www.europesays.com\/es\/wp-json\/wp\/v2\/media?parent=208703"}],"wp:term":[{"taxonomy":"category","embeddable":true,"href":"https:\/\/www.europesays.com\/es\/wp-json\/wp\/v2\/categories?post=208703"},{"taxonomy":"post_tag","embeddable":true,"href":"https:\/\/www.europesays.com\/es\/wp-json\/wp\/v2\/tags?post=208703"}],"curies":[{"name":"wp","href":"https:\/\/api.w.org\/{rel}","templated":true}]}}