{"id":208704,"date":"2025-10-30T09:40:12","date_gmt":"2025-10-30T09:40:12","guid":{"rendered":"https:\/\/www.europesays.com\/es\/208704\/"},"modified":"2025-10-30T09:40:12","modified_gmt":"2025-10-30T09:40:12","slug":"la-fed-recorta-tipos-hasta-el-375-4-y-sorprende-con-anuncio-de-nuevo-recorte-en-diciembre","status":"publish","type":"post","link":"https:\/\/www.europesays.com\/es\/208704\/","title":{"rendered":"La FED recorta tipos hasta el 3,75%-4% y sorprende con anuncio de nuevo recorte en diciembre"},"content":{"rendered":"<p>Powell compara el shutdown con conducir en niebla, y no descarta postponer el recorte previsto y descontado de diciembre. Mantenemos previsi\u00f3n de un tercer recorte de tipos el 10 de diciembre, pero pensamos que en 2026 ser\u00e1 dif\u00edcil cumplir con lo que descontaba el mercado.<\/p>\n<p><img fetchpriority=\"high\" decoding=\"async\" width=\"900\" height=\"544\" src=\"https:\/\/www.europesays.com\/es\/wp-content\/uploads\/2025\/10\/1761817208_26_image-16.png\" alt=\"\" class=\"wp-image-42115\" style=\"width:473px;height:auto\"  \/><\/p>\n<p>En este escenario el mercado de bonos pausa la euforia, hay margen de normalizaci\u00f3n monetaria con el nivel actual de precios, pero no ser\u00e1 tan r\u00e1pido como los mercados quieren descontar. Tipos reales en Reino Unido y Estados Unidos &gt; 100 puntos b\u00e1sicos (core), margen para seguir normalizando pol\u00edtica monetaria. En Europa las oportunidades se han moderado tras 8 recortes de tipos del 4,5% al 2%, tipo real en 30 puntos b\u00e1sicos. Riesgos limitados en un escenario de precios controlados y d\u00e9bil crecimiento.<\/p>\n<p><img loading=\"lazy\" decoding=\"async\" width=\"922\" height=\"553\" src=\"https:\/\/www.europesays.com\/es\/wp-content\/uploads\/2025\/10\/1-4.png\" alt=\"\" class=\"wp-image-42116\"  \/><\/p>\n<p><img loading=\"lazy\" decoding=\"async\" width=\"894\" height=\"555\" src=\"https:\/\/www.europesays.com\/es\/wp-content\/uploads\/2025\/10\/2-4.png\" alt=\"\" class=\"wp-image-42117\"  \/><\/p>\n<p>\u201cEverything Rally\u201d respaldado en unos beneficios empresariales batiendo al mayor ritmo en 4 a\u00f1os y una FED bajando tipos. Powell no considera estar en burbuja en la IA, siendo una inversi\u00f3n real en infraestructura, en contraste con el auge especulativo de las puntocom.<\/p>\n<p><img loading=\"lazy\" decoding=\"async\" width=\"910\" height=\"486\" src=\"https:\/\/www.europesays.com\/es\/wp-content\/uploads\/2025\/10\/1761817211_701_image-17.png\" alt=\"\" class=\"wp-image-42118\" style=\"width:440px;height:auto\"  \/><\/p>\n<p>Cuando Donald Trump y Xi Jinping inician conversaciones comerciales en Corea del Sur cargados de buenas intenciones. Trump calific\u00f3 a su hom\u00f3logo chino de \u00abnegociador muy duro\u00bb y \u00abgran l\u00edder\u00bb, mientras que Xi afirm\u00f3 estar dispuesto a seguir colaborando con Estados Unidos.<\/p>\n<p><img loading=\"lazy\" decoding=\"async\" width=\"898\" height=\"542\" src=\"https:\/\/www.europesays.com\/es\/wp-content\/uploads\/2025\/10\/image-18.png\" alt=\"\" class=\"wp-image-42119\" style=\"width:468px;height:auto\"  \/><\/p>\n","protected":false},"excerpt":{"rendered":"Powell compara el shutdown con conducir en niebla, y no descarta postponer el recorte previsto y descontado de&hellip;\n","protected":false},"author":2,"featured_media":208705,"comment_status":"","ping_status":"","sticky":false,"template":"","format":"standard","meta":{"footnotes":""},"categories":[80],"tags":[82,352,95,94,25,24,939,1847,921,114,23],"class_list":{"0":"post-208704","1":"post","2":"type-post","3":"status-publish","4":"format-standard","5":"has-post-thumbnail","7":"category-economia","8":"tag-business","9":"tag-donald-trump","10":"tag-economia","11":"tag-economy","12":"tag-es","13":"tag-espana","14":"tag-fed","15":"tag-inflacion","16":"tag-inversion","17":"tag-mercados","18":"tag-spain"},"share_on_mastodon":{"url":"https:\/\/pubeurope.com\/@es\/115462460305592021","error":""},"_links":{"self":[{"href":"https:\/\/www.europesays.com\/es\/wp-json\/wp\/v2\/posts\/208704","targetHints":{"allow":["GET"]}}],"collection":[{"href":"https:\/\/www.europesays.com\/es\/wp-json\/wp\/v2\/posts"}],"about":[{"href":"https:\/\/www.europesays.com\/es\/wp-json\/wp\/v2\/types\/post"}],"author":[{"embeddable":true,"href":"https:\/\/www.europesays.com\/es\/wp-json\/wp\/v2\/users\/2"}],"replies":[{"embeddable":true,"href":"https:\/\/www.europesays.com\/es\/wp-json\/wp\/v2\/comments?post=208704"}],"version-history":[{"count":0,"href":"https:\/\/www.europesays.com\/es\/wp-json\/wp\/v2\/posts\/208704\/revisions"}],"wp:featuredmedia":[{"embeddable":true,"href":"https:\/\/www.europesays.com\/es\/wp-json\/wp\/v2\/media\/208705"}],"wp:attachment":[{"href":"https:\/\/www.europesays.com\/es\/wp-json\/wp\/v2\/media?parent=208704"}],"wp:term":[{"taxonomy":"category","embeddable":true,"href":"https:\/\/www.europesays.com\/es\/wp-json\/wp\/v2\/categories?post=208704"},{"taxonomy":"post_tag","embeddable":true,"href":"https:\/\/www.europesays.com\/es\/wp-json\/wp\/v2\/tags?post=208704"}],"curies":[{"name":"wp","href":"https:\/\/api.w.org\/{rel}","templated":true}]}}