{"id":208717,"date":"2025-10-30T09:53:10","date_gmt":"2025-10-30T09:53:10","guid":{"rendered":"https:\/\/www.europesays.com\/es\/208717\/"},"modified":"2025-10-30T09:53:10","modified_gmt":"2025-10-30T09:53:10","slug":"barcelona-homenajeara-a-freddie-mercury-y-montserrat-caballe-con-una-estatua-en-glories","status":"publish","type":"post","link":"https:\/\/www.europesays.com\/es\/208717\/","title":{"rendered":"Barcelona homenajear\u00e1 a Freddie Mercury y Montserrat Caball\u00e9 con una estatua en Gl\u00f2ries"},"content":{"rendered":"<p class=\"ft-text\">La ciudad de <strong>Barcelona<\/strong> dedicar\u00e1 una estatua a <strong>Freddie Mercury y Montserrat Caball\u00e9<\/strong> en el <strong>Parc de les Gl\u00f2ries<\/strong>, recientemente renovado. As\u00ed lo ha confirmado el alcalde <strong>Jaume Collboni<\/strong> en declaraciones a Catalunya R\u00e0dio. El pasado mes de mayo, ya se colocaron en Gl\u00f2ries <a class=\"ft-link ft-link--decoration\" href=\"https:\/\/www.elperiodico.com\/es\/barcelona\/eixample\/20250518\/glories-reserva-freddie-mercury-montserrat-117461785\" target=\"_blank\" rel=\"nofollow noopener\">dos sillas dedicadas a los dos cantantes<\/a>.<\/p>\n<p class=\"ft-text\">La figura, todav\u00eda pendiente de dise\u00f1o, servir\u00e1 para <strong>homenajear a los int\u00e9rpretes de &#8216;Barcelona&#8217;,<\/strong> la canci\u00f3n que se convirti\u00f3 en himno de los <strong>Juegos Ol\u00edmpicos de 1992<\/strong>, y para evocar el <strong>esp\u00edritu ol\u00edmpico<\/strong> que marc\u00f3 una etapa decisiva en la historia de la capital catalana.<\/p>\n<p class=\"ft-text\">Collboni ya hab\u00eda propuesto en 2018 que ambos artistas tuvieran calles con su nombre en Barcelona. Entonces, como presidente del grupo municipal del PSC, defendi\u00f3 que las v\u00edas dedicadas a Mercury y Caball\u00e9 confluyeran precisamente en el entorno del Parc de les Gl\u00f2ries, aun en obras en aquel momento. El dirigente socialista consideraba que la ciudad manten\u00eda un \u201c<strong>deuda pendiente<\/strong>\u201d con ellos \u201cpor todo lo que significaron para la Barcelona ol\u00edmpica, con una m\u00fasica que inspir\u00f3 a toda una generaci\u00f3n\u201d.<\/p>\n<p>Un encuentro que hizo historia<\/p>\n<p class=\"ft-text\">El v\u00ednculo entre Freddie Mercury y Montserrat Caball\u00e9 naci\u00f3 en<strong> 1987<\/strong>, cuando Carlos Caball\u00e9, hermano de la soprano, organiz\u00f3 un encuentro entre ambos en el <strong>Hotel Ritz de Barcelona<\/strong>. El cantante de Queen, gran <strong>admirador<\/strong> de la artista, hab\u00eda declarado en anteriores ocasiones que <strong>uno de sus sue\u00f1os era cantar junto a ella<\/strong>.<\/p>\n<p class=\"ft-text\">La conexi\u00f3n fue inmediata. Caball\u00e9 acept\u00f3 encantada la propuesta de colaboraci\u00f3n y, pocos d\u00edas despu\u00e9s, viaj\u00f3 a Londres para visitar a Mercury en su casa, donde ambos compartieron piano y copas de champ\u00e1n. El resultado de aquella conexi\u00f3n art\u00edstica fue <strong>la canci\u00f3n &#8216;Barcelona&#8217;<\/strong>, que interpretaron juntos el <strong>8 de octubre de 1988<\/strong> en un concierto hist\u00f3rico frente a la <strong>Font M\u00e0gica de Montju\u00efc<\/strong>, que m\u00e1s tarde se convertir\u00eda en el himno de los Juegos Ol\u00edmpicos celebrados en la capital catalana en 1992.<\/p>\n","protected":false},"excerpt":{"rendered":"La ciudad de Barcelona dedicar\u00e1 una estatua a Freddie Mercury y Montserrat Caball\u00e9 en el Parc de les&hellip;\n","protected":false},"author":2,"featured_media":208718,"comment_status":"","ping_status":"","sticky":false,"template":"","format":"standard","meta":{"footnotes":""},"categories":[174],"tags":[229,11436,210,56673,255,146,147,25,24,256,19730,56675,45988,185,56674,23],"class_list":{"0":"post-208717","1":"post","2":"type-post","3":"status-publish","4":"format-standard","5":"has-post-thumbnail","7":"category-famosos","8":"tag-arte","9":"tag-ayuntamiento-de-barcelona","10":"tag-barcelona","11":"tag-barcelona-estatua-freddie-mercury-montserrat-caballe-glories","12":"tag-celebrities","13":"tag-entertainment","14":"tag-entretenimiento","15":"tag-es","16":"tag-espana","17":"tag-famosos","18":"tag-freddie-mercury","19":"tag-historia-de-barcelona","20":"tag-montserrat-caballe","21":"tag-musica","22":"tag-plaza-de-las-glories","23":"tag-spain"},"share_on_mastodon":{"url":"https:\/\/pubeurope.com\/@es\/115462511287991842","error":""},"_links":{"self":[{"href":"https:\/\/www.europesays.com\/es\/wp-json\/wp\/v2\/posts\/208717","targetHints":{"allow":["GET"]}}],"collection":[{"href":"https:\/\/www.europesays.com\/es\/wp-json\/wp\/v2\/posts"}],"about":[{"href":"https:\/\/www.europesays.com\/es\/wp-json\/wp\/v2\/types\/post"}],"author":[{"embeddable":true,"href":"https:\/\/www.europesays.com\/es\/wp-json\/wp\/v2\/users\/2"}],"replies":[{"embeddable":true,"href":"https:\/\/www.europesays.com\/es\/wp-json\/wp\/v2\/comments?post=208717"}],"version-history":[{"count":0,"href":"https:\/\/www.europesays.com\/es\/wp-json\/wp\/v2\/posts\/208717\/revisions"}],"wp:featuredmedia":[{"embeddable":true,"href":"https:\/\/www.europesays.com\/es\/wp-json\/wp\/v2\/media\/208718"}],"wp:attachment":[{"href":"https:\/\/www.europesays.com\/es\/wp-json\/wp\/v2\/media?parent=208717"}],"wp:term":[{"taxonomy":"category","embeddable":true,"href":"https:\/\/www.europesays.com\/es\/wp-json\/wp\/v2\/categories?post=208717"},{"taxonomy":"post_tag","embeddable":true,"href":"https:\/\/www.europesays.com\/es\/wp-json\/wp\/v2\/tags?post=208717"}],"curies":[{"name":"wp","href":"https:\/\/api.w.org\/{rel}","templated":true}]}}