{"id":208721,"date":"2025-10-30T09:56:09","date_gmt":"2025-10-30T09:56:09","guid":{"rendered":"https:\/\/www.europesays.com\/es\/208721\/"},"modified":"2025-10-30T09:56:09","modified_gmt":"2025-10-30T09:56:09","slug":"el-estreno-de-la-temporada-3-de-renacer-en-antena-3-llega-con-una-novedad","status":"publish","type":"post","link":"https:\/\/www.europesays.com\/es\/208721\/","title":{"rendered":"El estreno de la temporada 3 de &#8216;Renacer&#8217; en Antena 3 llega con una novedad"},"content":{"rendered":"<p data-journey-content=\"true\" data-node-id=\"4\" class=\"css-6wxqfj emevuu60\"><strong data-node-id=\"4.0\">El lunes 3 de noviembre arranca en Antena 3 la esperada <a href=\"https:\/\/www.diezminutos.es\/telenovela\/turcas\/a68996119\/renacer-temporada-3-reparto-estreno-espana-antena-3\/\" target=\"_blank\" data-vars-ga-outbound-link=\"https:\/\/www.diezminutos.es\/telenovela\/turcas\/a68996119\/renacer-temporada-3-reparto-estreno-espana-antena-3\/\" data-vars-ga-ux-element=\"Hyperlink\" data-vars-ga-call-to-action=\"temporada 3 de &#039;Renacer&#039;\" data-node-id=\"4.0.1\" class=\"body-link css-177bzfx emevuu60\" rel=\"nofollow noopener\">temporada 3 de &#8216;Renacer&#8217;<\/a> <\/strong>(o &#8216;Bahar&#8217;, como se llama en Turqu\u00eda). La ficci\u00f3n, que se ha convertido en una de las favoritas de la noche de los lunes y martes, ya que <strong data-node-id=\"4.2\">se emite en dos d\u00edas consecutivos<\/strong> porque su excesiva duraci\u00f3n por cap\u00edtulo, de 120 minutos, es inviable para el prime time espa\u00f1ol, llega con varias novedades de peso tras <a href=\"https:\/\/www.diezminutos.es\/telenovela\/turcas\/a69164216\/renacer-capitulo-49-avance-martes-28-octubre-serie-turca-antena-3\/\" target=\"_blank\" data-vars-ga-outbound-link=\"https:\/\/www.diezminutos.es\/telenovela\/turcas\/a69164216\/renacer-capitulo-49-avance-martes-28-octubre-serie-turca-antena-3\/\" data-vars-ga-ux-element=\"Hyperlink\" data-vars-ga-call-to-action=\"el final de la temporada 2\" data-node-id=\"4.4\" class=\"body-link css-177bzfx emevuu60\" rel=\"nofollow noopener\">el final de la temporada 2<\/a> que dej\u00f3 al p\u00fablico con el pulso acelerado y con muchas inc\u00f3gnitas por resolver. Pero el estreno de los nuevos cap\u00edtulos en Antena 3 viene con otra gran noticia para los fans de la serie: <strong data-node-id=\"4.6\">Antena 3 ha decidido ajustar la duraci\u00f3n de las emisiones a partir de la semana que viene<\/strong>. <\/p>\n<p data-journey-content=\"true\" data-node-id=\"7\" class=\"css-6wxqfj emevuu60\"><strong data-node-id=\"7.0\">La temporada 2 de &#8216;<a href=\"https:\/\/www.diezminutos.es\/renacer-serie-turca\/\" target=\"_blank\" data-vars-ga-outbound-link=\"https:\/\/www.diezminutos.es\/renacer-serie-turca\/\" data-vars-ga-ux-element=\"Hyperlink\" data-vars-ga-call-to-action=\"Renacer\" data-node-id=\"7.0.1\" class=\"body-link css-177bzfx emevuu60\" rel=\"nofollow noopener\">Renacer<\/a>&#8216; ha concluido con la revelaci\u00f3n de que Evren manten\u00eda una relaci\u00f3n con Naz.<\/strong> El p\u00fablico, adem\u00e1s, se ha tenido que despedir de personajes muy queridos como Timur, interpretado por Mehmet Yilmaz Ak y tambi\u00e9n dijeron adi\u00f3s Efsun, Tolga y Daru, dejando a Bahar en un nuevo comienzo en su vida. Por si acaso te has perdido alg\u00fan cap\u00edtulo, <a href=\"https:\/\/www.diezminutos.es\/telenovela\/turcas\/a69165749\/renacer-capitulos-serie-turca-resumen\/\" target=\"_blank\" data-vars-ga-outbound-link=\"https:\/\/www.diezminutos.es\/telenovela\/turcas\/a69165749\/renacer-capitulos-serie-turca-resumen\/\" data-vars-ga-ux-element=\"Hyperlink\" data-vars-ga-call-to-action=\"hemos visto los 49 cap\u00edtulos de &#039;Renacer&#039; y hemos hecho un resumen\" data-node-id=\"7.2\" class=\"body-link css-177bzfx emevuu60\" rel=\"nofollow noopener\">hemos visto los 49 cap\u00edtulos de &#8216;Renacer&#8217; y hemos hecho un resumen<\/a> para que no te pierdas nada de la serie.<\/p>\n<p>La temporada 3 de &#8216;Renacer&#8217; llega con un nuevo horario en Antena 3<img draggable=\"true\" alt=\"bahar en renacer\" title=\"Bahar en Renacer\" loading=\"lazy\" width=\"2108\" height=\"1378\" decoding=\"async\" data-nimg=\"1\" style=\"color:transparent;width:100%;height:auto;\"   src=\"https:\/\/www.europesays.com\/es\/wp-content\/uploads\/2025\/10\/1761818169_607_renacer-68fa414eae63d.jpg\" class=\"css-0 e1g79fud0\"\/><\/p>\n<p>Atresmedia<\/p>\n<p data-journey-content=\"true\" data-node-id=\"11\" class=\"css-6wxqfj emevuu60\">Pero no todo son malas noticias y despedidas en &#8216;Renacer&#8217;. <strong data-node-id=\"11.1\">Los nuevos cap\u00edtulos tendr\u00e1n un tono m\u00e1s \u00edntimo y personal<\/strong>. La historia seguir\u00e1 la evoluci\u00f3n de Bahar, el personaje que <a href=\"https:\/\/www.diezminutos.es\/telenovela\/turcas\/a69107399\/renacer-capitulos-mi-momento-favorito-serie-turca-antena-3\/\" target=\"_blank\" data-vars-ga-outbound-link=\"https:\/\/www.diezminutos.es\/telenovela\/turcas\/a69107399\/renacer-capitulos-mi-momento-favorito-serie-turca-antena-3\/\" data-vars-ga-ux-element=\"Hyperlink\" data-vars-ga-call-to-action=\"protagoniz\u00f3 mi momento favorito de la serie\" data-node-id=\"11.3\" class=\"body-link css-177bzfx emevuu60\" rel=\"nofollow noopener\">protagoniz\u00f3 mi momento favorito de la serie<\/a>, decidida a centrarse en su trabajo como cirujana y en su propia felicidad, lejos de conflictos que marcaron su pasado. <strong data-node-id=\"11.5\">Entre las grandes novedades del reparto destaca Esra Rusan, que se incorpora como Nazli,<\/strong> una chef con una historia personal turbulenta que podr\u00eda alterar la vida de Evren. Tambi\u00e9n se suman Mert Turak, en el papel de Harun, un brillante neurocirujano, y Hayal K\u00f6seoglu, que interpretar\u00e1 a Maral, una mujer enigm\u00e1tica con lazos ocultos con el hospital.<\/p>\n<p data-journey-content=\"true\" data-node-id=\"15\" class=\"css-6wxqfj emevuu60\">Pero lo que m\u00e1s importar\u00e1 a los seguidores de la serie turca en Espa\u00f1a es que Antena 3 cambia la duraci\u00f3n de los cap\u00edtulos.<strong data-node-id=\"15.1\"> A partir del lunes 3 de noviembre, &#8216;Renacer&#8217; recupera su duraci\u00f3n habitual<\/strong> despu\u00e9s de que la cadena decidiera reducir el tiempo durante las \u00faltimas semanas para alargar el final de la temporada y estirar el \u00e9xito de una serie que sigue siendo l\u00edder cada semana. Las emisiones de lunes y martes volver\u00e1n a durar una hora.<\/p>\n<p><img src=\"https:\/\/www.europesays.com\/es\/wp-content\/uploads\/2025\/10\/1761818169_506_04c0b0af-4dfe-409a-8e0c-876f8f325877_1664867977.file\" alt=\"Headshot of Ignacio Herruzo Mart\u00ednez\" title=\"Headshot of Ignacio Herruzo Mart\u00ednez\" width=\"100%\" height=\"100%\" decoding=\"async\" loading=\"lazy\" class=\"css-o0wq4v ev8dhu53\"\/><\/p>\n<p>Ignacio es experto en cultura, pero desde hace m\u00e1s de 10 a\u00f1os se ha especializado en cine y series, tanto las que se estrenan en la gran pantalla como en las plataformas de streaming. Lo mismo te habla de los estrenos de Netflix, HBO Max o Amazon Prime Video, como que te cuenta la \u00faltima hora de \u2018Masterchef\u2019 o de cualquier otro programa de televisi\u00f3n. \u00a0\u00a0<\/p>\n<p>Con ya una larga experiencia como cr\u00edtico, conoce las mejores series y pel\u00edculas y le encanta verlas antes que t\u00fa para poder decirte si merecen la pena o no. Conoce todos los estrenos de la semana y le encanta recomendar series y pel\u00edculas a sus amigos, familiares y a los lectores, algo que ha ido haciendo en diferentes blogs personales y a trav\u00e9s de las redes sociales. Le gusta todo: sigue a grandes directores como Martin Scorsese, Quentin Tarantino o Steven Spielberg, y se sabe de memoria todo el universo de Marvel, Star Wars, El se\u00f1or de los anillos y el mundo Disney. \u00a0\u00a0\u00a0<\/p>\n<p>La cultura es su principal hobby y aunque se considera un cin\u00e9filo, tambi\u00e9n le encanta la m\u00fasica, sobre todo internacional, y los videojuegos, a los que dedica todo el tiempo que le deja el cine y las series, claro. El deporte es su otra pasi\u00f3n, que desarroll\u00f3 en sus inicios en el diario deportivo MARCA. \u00a0\u00a0Ignacio Herruzo es Graduado en Periodismo por la Universidad Rey Juan Carlos en 2012. Desde entonces no ha parado de escribir desde que comenz\u00f3 en 2013 en el grupo Hearst, donde ha ejercido de redactor en diferentes webs y revistas como Teleprograma, Supertele y Diez Minutos. \u00a0<\/p>\n","protected":false},"excerpt":{"rendered":"El lunes 3 de noviembre arranca en Antena 3 la esperada temporada 3 de &#8216;Renacer&#8217; (o &#8216;Bahar&#8217;, como&hellip;\n","protected":false},"author":2,"featured_media":208722,"comment_status":"","ping_status":"","sticky":false,"template":"","format":"standard","meta":{"footnotes":""},"categories":[171],"tags":[253,146,147,25,24,23,214],"class_list":{"0":"post-208721","1":"post","2":"type-post","3":"status-publish","4":"format-standard","5":"has-post-thumbnail","7":"category-tv","8":"tag-discover","9":"tag-entertainment","10":"tag-entretenimiento","11":"tag-es","12":"tag-espana","13":"tag-spain","14":"tag-tv"},"share_on_mastodon":{"url":"https:\/\/pubeurope.com\/@es\/115462524214731578","error":""},"_links":{"self":[{"href":"https:\/\/www.europesays.com\/es\/wp-json\/wp\/v2\/posts\/208721","targetHints":{"allow":["GET"]}}],"collection":[{"href":"https:\/\/www.europesays.com\/es\/wp-json\/wp\/v2\/posts"}],"about":[{"href":"https:\/\/www.europesays.com\/es\/wp-json\/wp\/v2\/types\/post"}],"author":[{"embeddable":true,"href":"https:\/\/www.europesays.com\/es\/wp-json\/wp\/v2\/users\/2"}],"replies":[{"embeddable":true,"href":"https:\/\/www.europesays.com\/es\/wp-json\/wp\/v2\/comments?post=208721"}],"version-history":[{"count":0,"href":"https:\/\/www.europesays.com\/es\/wp-json\/wp\/v2\/posts\/208721\/revisions"}],"wp:featuredmedia":[{"embeddable":true,"href":"https:\/\/www.europesays.com\/es\/wp-json\/wp\/v2\/media\/208722"}],"wp:attachment":[{"href":"https:\/\/www.europesays.com\/es\/wp-json\/wp\/v2\/media?parent=208721"}],"wp:term":[{"taxonomy":"category","embeddable":true,"href":"https:\/\/www.europesays.com\/es\/wp-json\/wp\/v2\/categories?post=208721"},{"taxonomy":"post_tag","embeddable":true,"href":"https:\/\/www.europesays.com\/es\/wp-json\/wp\/v2\/tags?post=208721"}],"curies":[{"name":"wp","href":"https:\/\/api.w.org\/{rel}","templated":true}]}}