{"id":208753,"date":"2025-10-30T10:19:08","date_gmt":"2025-10-30T10:19:08","guid":{"rendered":"https:\/\/www.europesays.com\/es\/208753\/"},"modified":"2025-10-30T10:19:08","modified_gmt":"2025-10-30T10:19:08","slug":"lo-lleva-en-situaciones-complicadas","status":"publish","type":"post","link":"https:\/\/www.europesays.com\/es\/208753\/","title":{"rendered":"\u00abLo lleva en situaciones complicadas\u00bb"},"content":{"rendered":"<p>30\/10\/2025<br \/>\n<br \/><strong><br \/>\nActualizado a las 09:54h.<br \/>\n<\/strong><\/p>\n<p class=\"voc-p\" style=\"\">Este jueves estaba marcado en rojo en el calendario de la prensa nacional. <strong>Pedro S\u00e1nchez<\/strong>, presidente del Gobierno, comparec\u00eda desde primera hora en el Senado. As\u00ed, todas las cadenas estaban pendientes de la llegada del jefe del Ejecutivo, como su posterior presencia para contestar  &#8230; a los senadores por el &#8216;caso Koldo&#8217;. Uno de estos espacios que sigui\u00f3 en directo a S\u00e1nchez fue el &#8216;<a href=\"https:\/\/www.abc.es\/noticias\/el-programa-de-ana-rosa\/\" target=\"_self\" data-voc-vtm-id=\"in-text-traffic\" title=\"El programa de Ana Rosa\" data-mrf-link=\"www.abc.es\" rel=\"nofollow noopener\">El programa de Ana Rosa<\/a>&#8216; (Telecinco) y desde este <strong>Ana Rosa Quintana<\/strong> nada m\u00e1s comenzar se percat\u00f3 de un revelador detalle de Pedro S\u00e1nchez y as\u00ed lo comunic\u00f3 a su audiencia.<\/p>\n<p class=\"voc-p\" style=\"\">&#8216;<a href=\"https:\/\/www.abc.es\/play\/television\/noticias\/okupado-discapacidad-indigna-televisiones-sangrante-inquiokupacion-20251029120727-nt.html\" target=\"_self\" data-voc-vtm-id=\"in-text-traffic\" title=\"El programa de Ana Rosa\" data-mrf-link=\"www.abc.es\" rel=\"nofollow noopener\">El programa de Ana Rosa<\/a>&#8216; adelantaba diez minutos su horario habitual para retransmitir en directo la comparecencia de <strong>Pedro S\u00e1nchez<\/strong> en el Senado. As\u00ed, <strong>Ana Rosa Quintana<\/strong> eliminaba en esta ocasi\u00f3n su habitual editorial para irse directamente a la c\u00e1mara alta donde iba a dar cuentas a los senadores el presidente del Gobierno.<\/p>\n<p class=\"voc-p\" style=\"\">El <a href=\"https:\/\/www.abc.es\/play\/television\/noticias\/emotivo-homenaje-ana-rosa-quintana-victimas-dana-20251029103724-nt.html\" target=\"_self\" data-voc-vtm-id=\"in-text-traffic\" title=\"matinal\" data-mrf-link=\"www.abc.es\" rel=\"nofollow noopener\">matinal<\/a> de Telecinco comenz\u00f3 con breves conexiones con su reportero que daba los primeros apuntes de c\u00f3mo iba a llevarse a cabo la comisi\u00f3n. Tras escuchar al periodista<strong> Ana Rosa Quintana<\/strong> present\u00f3 a sus colaboradores del d\u00eda y les cedi\u00f3 la palabra para que opinasen acerca de c\u00f3mo cre\u00edan que iba a sucederse la jornada para el <strong>presidente del Gobierno<\/strong>.<\/p>\n<p class=\"voc-p\" style=\"\">La presentadora de &#8216;El programa de Ana Rosa&#8217; escuch\u00f3 el punto de vista de cada uno de sus tertulianos y cuando todos terminaron de hablar, <strong>Ana Rosa Quintana<\/strong> irrumpi\u00f3 en escena para poner sobre la mesa el revelador detalle del que se hab\u00eda percatado en<strong> Pedro S\u00e1nchez<\/strong> a su llegada al Senado. <\/p>\n<p class=\"voc-p\" style=\"\">\u00abBueno, y el punto de vista femenino, que soy la \u00fanica que est\u00e1 en esta mesa\u00bb, se\u00f1alaba la presentadora del espacio de la cadena de Mediaset antes de exponer a los telespectadores y a sus propios colaboradores el hecho que le hab\u00eda llamado la atenci\u00f3n de <strong>Pedro S\u00e1nchez<\/strong>. \u00abSe ha vuelto a poner la corbata verde que es la que lleva cuando tiene situaciones complicadas\u00bb, indicaba <strong>Ana Rosa Quintana<\/strong> ante las c\u00e1maras de &#8216;<a href=\"https:\/\/www.abc.es\/play\/television\/noticias\/ana-rosa-quintana-deja-indiferente-rotunda-sentencia-20251028113910-nt.html\" target=\"_self\" data-voc-vtm-id=\"in-text-traffic\" title=\"El programa de Ana Rosa\" data-mrf-link=\"www.abc.es\" rel=\"nofollow noopener\">El programa de Ana Rosa<\/a>&#8216;.<\/p>\n<p>\nArt\u00edculo solo para suscriptores\n<\/p>\n<p>Reportar un error<\/p>\n","protected":false},"excerpt":{"rendered":"30\/10\/2025 Actualizado a las 09:54h. Este jueves estaba marcado en rojo en el calendario de la prensa nacional.&hellip;\n","protected":false},"author":2,"featured_media":208754,"comment_status":"","ping_status":"","sticky":false,"template":"","format":"standard","meta":{"footnotes":""},"categories":[171],"tags":[3196,683,14529,24886,146,147,25,24,6414,3954,1822,27011,56676,2465,199,6912,7180,23,214],"class_list":{"0":"post-208753","1":"post","2":"type-post","3":"status-publish","4":"format-standard","5":"has-post-thumbnail","7":"category-tv","8":"tag-alto","9":"tag-ana","10":"tag-complicadas","11":"tag-detalle","12":"tag-entertainment","13":"tag-entretenimiento","14":"tag-es","15":"tag-espana","16":"tag-lleva","17":"tag-pasa","18":"tag-pedro","19":"tag-quintana","20":"tag-revelador","21":"tag-rosa","22":"tag-sanchez","23":"tag-senado","24":"tag-situaciones","25":"tag-spain","26":"tag-tv"},"share_on_mastodon":{"url":"https:\/\/pubeurope.com\/@es\/115462613559686284","error":""},"_links":{"self":[{"href":"https:\/\/www.europesays.com\/es\/wp-json\/wp\/v2\/posts\/208753","targetHints":{"allow":["GET"]}}],"collection":[{"href":"https:\/\/www.europesays.com\/es\/wp-json\/wp\/v2\/posts"}],"about":[{"href":"https:\/\/www.europesays.com\/es\/wp-json\/wp\/v2\/types\/post"}],"author":[{"embeddable":true,"href":"https:\/\/www.europesays.com\/es\/wp-json\/wp\/v2\/users\/2"}],"replies":[{"embeddable":true,"href":"https:\/\/www.europesays.com\/es\/wp-json\/wp\/v2\/comments?post=208753"}],"version-history":[{"count":0,"href":"https:\/\/www.europesays.com\/es\/wp-json\/wp\/v2\/posts\/208753\/revisions"}],"wp:featuredmedia":[{"embeddable":true,"href":"https:\/\/www.europesays.com\/es\/wp-json\/wp\/v2\/media\/208754"}],"wp:attachment":[{"href":"https:\/\/www.europesays.com\/es\/wp-json\/wp\/v2\/media?parent=208753"}],"wp:term":[{"taxonomy":"category","embeddable":true,"href":"https:\/\/www.europesays.com\/es\/wp-json\/wp\/v2\/categories?post=208753"},{"taxonomy":"post_tag","embeddable":true,"href":"https:\/\/www.europesays.com\/es\/wp-json\/wp\/v2\/tags?post=208753"}],"curies":[{"name":"wp","href":"https:\/\/api.w.org\/{rel}","templated":true}]}}