{"id":208782,"date":"2025-10-30T10:40:18","date_gmt":"2025-10-30T10:40:18","guid":{"rendered":"https:\/\/www.europesays.com\/es\/208782\/"},"modified":"2025-10-30T10:40:18","modified_gmt":"2025-10-30T10:40:18","slug":"fotografia-senas-identidad-premio-un-retrato-de-una-danzante-del-baile-de-las-italianas-de-garganta-de-la-olla-fotografia-de-premio","status":"publish","type":"post","link":"https:\/\/www.europesays.com\/es\/208782\/","title":{"rendered":"Fotograf\u00eda Se\u00f1as Identidad Premio | Un retrato de una danzante del Baile de las Italianas de Garganta de la Olla, fotograf\u00eda de premio"},"content":{"rendered":"<p class=\"ft-text\"><strong>Alicia de la Cruz Peris <\/strong>se alza con el primer premio de la X edici\u00f3n de <a class=\"ft-link ft-link--decoration\" href=\"https:\/\/www.elperiodicoextremadura.com\/caceres-local\/2024\/10\/10\/quieres-son-lugares-tradiciones-pueblos-109170267.html\" target=\"_blank\" rel=\"nofollow noopener\">Se\u00f1as de Identidad <\/a>por su fotograf\u00eda titulada Italianas, un retrato de una danzante del Baile de las Italianas de Garganta de la Olla.<\/p>\n<p class=\"ft-text\">En esta convocatoria del certamen fotogr\u00e1fico de la Diputaci\u00f3n de C\u00e1ceres, cuyo objetivo es incentivar la creaci\u00f3n a la vez que la difusi\u00f3n del patrimonio y la cultura de la provincia, se han presentado <strong>160 <\/strong><a class=\"ft-link ft-link--decoration\" href=\"https:\/\/www.elperiodicoextremadura.com\/tags\/fotografias\/\" target=\"_blank\" rel=\"nofollow noopener\">fotograf\u00edas<\/a>.<\/p>\n<p class=\"ft-text\">Tras analizar las candidaturas, el jurado ha otorgado el primer premio a Alicia de la Cruz, dotado con 1.500 euros. Seg\u00fan se\u00f1ala instituci\u00f3n provincial, en el acta del comit\u00e9 se indica que la fotograf\u00eda capta \u00abun preciso retrato de una de las danzantes del tradicional Baile de las Italianas de <strong>Garganta la Olla<\/strong>. Apoyada en el postigo de un port\u00f3n, la figura presenta los elementos m\u00e1s caracter\u00edsticos de su indumentaria\u00bb.<\/p>\n<p>Segundo Premio<\/p>\n<p class=\"ft-text\">En segunda posici\u00f3n, con premios valorados con 1.000 euros cada uno, han sido premiados <strong>Sara Mar\u00eda Rubio Largo<\/strong>, por El carbote, una imagen que compone un bodeg\u00f3n con los frutos tradicionales del oto\u00f1o <a class=\"ft-link ft-link--decoration\" href=\"https:\/\/www.elperiodicoextremadura.com\/caceres-local\/\" rel=\"nofollow noopener\" target=\"_blank\">cacere\u00f1o<\/a>, y<strong> Francis Villegas<\/strong>, antiguo fot\u00f3grafo de El Peri\u00f3dico <a class=\"ft-link ft-link--decoration\" href=\"https:\/\/www.elperiodicoextremadura.com\/extremadura\/\" rel=\"nofollow noopener\" target=\"_blank\">Extremadura<\/a>, que present\u00f3 su obra fotogr\u00e1fica El Capazo, descrita como \u00abuna potente instant\u00e1nea que capta todo el movimiento y la emoci\u00f3n de uno de los momentos \u00e1lgidos de la fiesta de El Capazo de Torre de Don Miguel, en el que los\u00a0capaceros\u00a0comienzan a lanzar las esteras con intenci\u00f3n de dejarlas enganchadas en el \u00e1rbol,\u00a0antes\u00a0de\u00a0que\u00a0este rompa a arder\u00bb.<\/p>\n<p><img decoding=\"async\" src=\"https:\/\/www.europesays.com\/es\/wp-content\/uploads\/2025\/10\/8301053b-dd64-4bcb-bf23-fd3090c9b2f4_alta-libre-aspect-ratio_default_0.jpg\" width=\"1200\" height=\"743\" alt=\"'El Capazo', de Francis Villegas.\" class=\"ft-helper-img-rd\" loading=\"lazy\" hasdataaida=\"true\"\/><\/p>\n<p class=\"ft-helper-fontColor-quaternary ft-helper-fontSize-body-S ft-helper-spacer-t-xxs\">&#8216;El Capazo&#8217;, de Francis Villegas.  \/ Francis Villegas<\/p>\n<p>Tercer premio<\/p>\n<p class=\"ft-text\">Por \u00faltimo, el comit\u00e9 ha asignado cinco terceros premios, con un importe de 400 euros cada uno. Las im\u00e1genes premiadas reflejan la indumentaria tradicional extreme\u00f1a, fiestas, costumbres y vida en los pueblos. Las obras y los autores son: Los calabazeros, de Rafael Mart\u00edn S\u00e1nchez; Lluvia de confeti en la Patatera, de <a class=\"ft-link ft-link--decoration\" href=\"https:\/\/www.elperiodicoextremadura.com\/autores\/carlos-gil.html\" target=\"_blank\" rel=\"nofollow noopener\"><strong>Carlos Gil <\/strong><\/a><strong>Andreu<\/strong> (colaborador de El Peri\u00f3dico); Dapiti en pichorra, de Elizabeth Catherine Casares Bueno; Encierro de los toros, de Mar\u00eda Esther Labrador Justo, y Negritos en el Martes Mayor, de Marcial Rojo Dur\u00e1n.<\/p>\n<p><img decoding=\"async\" src=\"https:\/\/www.europesays.com\/es\/wp-content\/uploads\/2025\/10\/ee949762-56dd-467d-8a79-ec690531867c_alta-libre-aspect-ratio_default_0.jpg\" width=\"1200\" height=\"799\" alt=\"La fotofraf\u00eda titulada 'Lluvia de confeti en la Patatera', de Carlos Gil.\" class=\"ft-helper-img-rd\" loading=\"lazy\" hasdataaida=\"true\"\/><\/p>\n<p class=\"ft-helper-fontColor-quaternary ft-helper-fontSize-body-S ft-helper-spacer-t-xxs\">La fotofraf\u00eda titulada &#8216;Lluvia de confeti en la Patatera&#8217;, de Carlos Gil.  \/ Carlos Gil<\/p>\n","protected":false},"excerpt":{"rendered":"Alicia de la Cruz Peris se alza con el primer premio de la X edici\u00f3n de Se\u00f1as de&hellip;\n","protected":false},"author":2,"featured_media":208783,"comment_status":"","ping_status":"","sticky":false,"template":"","format":"standard","meta":{"footnotes":""},"categories":[173],"tags":[229,233,231,230,4787,209,232,56687,234,146,147,25,24,7234,244,35252,49100,843,24388,23],"class_list":{"0":"post-208782","1":"post","2":"type-post","3":"status-publish","4":"format-standard","5":"has-post-thumbnail","7":"category-arte-y-diseno","8":"tag-arte","9":"tag-arte-y-diseno","10":"tag-arts","11":"tag-arts-and-design","12":"tag-baile","13":"tag-cultura","14":"tag-design","15":"tag-diputacion-de-caceres","16":"tag-diseno","17":"tag-entertainment","18":"tag-entretenimiento","19":"tag-es","20":"tag-espana","21":"tag-extremadura","22":"tag-fotografia","23":"tag-garganta","24":"tag-italianas","25":"tag-premio","26":"tag-provincia-de-caceres","27":"tag-spain"},"share_on_mastodon":{"url":"https:\/\/pubeurope.com\/@es\/115462696061954811","error":""},"_links":{"self":[{"href":"https:\/\/www.europesays.com\/es\/wp-json\/wp\/v2\/posts\/208782","targetHints":{"allow":["GET"]}}],"collection":[{"href":"https:\/\/www.europesays.com\/es\/wp-json\/wp\/v2\/posts"}],"about":[{"href":"https:\/\/www.europesays.com\/es\/wp-json\/wp\/v2\/types\/post"}],"author":[{"embeddable":true,"href":"https:\/\/www.europesays.com\/es\/wp-json\/wp\/v2\/users\/2"}],"replies":[{"embeddable":true,"href":"https:\/\/www.europesays.com\/es\/wp-json\/wp\/v2\/comments?post=208782"}],"version-history":[{"count":0,"href":"https:\/\/www.europesays.com\/es\/wp-json\/wp\/v2\/posts\/208782\/revisions"}],"wp:featuredmedia":[{"embeddable":true,"href":"https:\/\/www.europesays.com\/es\/wp-json\/wp\/v2\/media\/208783"}],"wp:attachment":[{"href":"https:\/\/www.europesays.com\/es\/wp-json\/wp\/v2\/media?parent=208782"}],"wp:term":[{"taxonomy":"category","embeddable":true,"href":"https:\/\/www.europesays.com\/es\/wp-json\/wp\/v2\/categories?post=208782"},{"taxonomy":"post_tag","embeddable":true,"href":"https:\/\/www.europesays.com\/es\/wp-json\/wp\/v2\/tags?post=208782"}],"curies":[{"name":"wp","href":"https:\/\/api.w.org\/{rel}","templated":true}]}}