{"id":208812,"date":"2025-10-30T11:03:21","date_gmt":"2025-10-30T11:03:21","guid":{"rendered":"https:\/\/www.europesays.com\/es\/208812\/"},"modified":"2025-10-30T11:03:21","modified_gmt":"2025-10-30T11:03:21","slug":"mirar-y-no-ser-visto-ca-na-birgit-por-teda-arquitectes","status":"publish","type":"post","link":"https:\/\/www.europesays.com\/es\/208812\/","title":{"rendered":"Mirar y no ser visto. Ca na Birgit por TEd&#8217;A arquitectes"},"content":{"rendered":"<p class=\"text-align-justify\">Descripci\u00f3n del proyecto por <a href=\"https:\/\/www.metalocus.es\/es\/autor\/teda-arquitectes\" target=\"_blank\" rel=\"nofollow noopener\">TEd\u2019A arquitectes<\/a>\u00a0<\/p>\n<p class=\"text-align-right\">\u00abQuero ser velho, de novo eterno, quero ser novo de novo\u00bb.\u00a0<br \/>Gilberto Gil y Caetano Veloso<\/p>\n<p>El Toro es una urbanizaci\u00f3n construida en la antesala del boom tur\u00edstico mallorqu\u00edn. La parcela se sit\u00faa en primera l\u00ednea de mar sobre unos imponentes acantilados. Las vistas a poniente son despejadas, con el mar como protagonista.<\/p>\n<p>Entorno<br \/>A izquierda y derecha del solar, las construcciones vecinas se separan tan s\u00f3lo 3 m del linde entre ambas. Esta proximidad entre edificaciones limita la privacidad y condiciona la intervenci\u00f3n.<\/p>\n<p>La casa quiere mirar al mar y debe protegerse de las vistas de los vecinos. Un solo gesto resuelve ambas cuestiones y sobre este gesto pivota todo el proyecto.<\/p>\n<p>            <img decoding=\"async\" loading=\"lazy\" src=\"https:\/\/www.europesays.com\/es\/wp-content\/uploads\/2025\/10\/metalocus_TEdA-arquitectes-ca-na-birgit_07_0.jpg\" width=\"1580\" height=\"2106\" alt=\"Ca na Birgit by TEd'A arquitectes. Photograph by Luis D\u00edaz D\u00edaz\" title=\"Ca na Birgit by TEd'A arquitectes. Photograph by Luis D\u00edaz D\u00edaz\" class=\"image-style-max-2600x2600\"\/><\/p>\n<p>Ca na Birgit por TEd&#8217;A arquitectes. Fotograf\u00eda por Luis D\u00edaz D\u00edaz.<\/p>\n<p>Tipolog\u00eda porche<br \/>Se definen dos gruesos muros paralelos a los vecinos, al mismo tiempo que nos garantizan la privacidad, nos enmarcan las vistas hacia el mar. \u00c9stos son los \u00fanicos elementos de estructura vertical. La cubierta salta de uno a otro, construyendo una casa porche, sin apoyos intermedios.<\/p>\n<p>Debajo de este gran porche se acomoda la vida. Varios vol\u00famenes dispuestos estrat\u00e9gicamente, liberan el espacio a su alrededor. Estos cuerpos contienen las habitaciones, cocina, servicios y chimenea. Ninguno de ellos es estructural.<\/p>\n<p>            <img decoding=\"async\" loading=\"lazy\" src=\"https:\/\/www.europesays.com\/es\/wp-content\/uploads\/2025\/10\/metalocus_TEdA-arquitectes-ca-na-birgit_13_0.jpg\" width=\"1580\" height=\"2106\" alt=\"Ca na Birgit by TEd'A arquitectes. Photograph by Luis D\u00edaz D\u00edaz.\" title=\"Ca na Birgit by TEd'A arquitectes. Photograph by Luis D\u00edaz D\u00edaz.\" class=\"image-style-max-2600x2600\"\/><\/p>\n<p>Ca na Birgit por TEd&#8217;A arquitectes. Fotograf\u00eda por Luis D\u00edaz D\u00edaz.<\/p>\n<p>Confort natural<br \/>Se persigue el confort natural del usuario a trav\u00e9s de la tipolog\u00eda y su materialidad. La tipolog\u00eda construye una gran sombra que mira hacia el mar y el espacio interior es fluido, posibilitando que en verano la brisa marina pueda cruzar toda la casa. Al estar m\u00e1s abierta la fachada que mira al mar que su opuesta, el aire acelera al cruzar el espacio, incrementando as\u00ed el confort natural en su interior.<\/p>\n<p>Se utilizan materiales pesados a fin de disponer de mucha inercia: una gruesa cubierta vegetal, unas gruesas fachadas laterales cer\u00e1micas y un suelo de piedra. Al mismo tiempo, el ladrillo asegura un \u00f3ptimo comportamiento higrosc\u00f3pico, mejorando el confort natural del espacio.<\/p>\n<p>            <img decoding=\"async\" loading=\"lazy\" src=\"https:\/\/www.europesays.com\/es\/wp-content\/uploads\/2025\/10\/metalocus_TEdA-arquitectes-ca-na-birgit_08.2_0.jpg\" width=\"1580\" height=\"2107\" alt=\"Ca na Birgit by TEd'A arquitectes. Photograph by Luis D\u00edaz D\u00edaz.\" title=\"Ca na Birgit by TEd'A arquitectes. Photograph by Luis D\u00edaz D\u00edaz.\" class=\"image-style-max-2600x2600\"\/><\/p>\n<p>Ca na Birgit por TEd&#8217;A arquitectes. Fotograf\u00eda por Luis D\u00edaz D\u00edaz.<\/p>\n<p>Recursos locales<br \/>Responder al clima a partir de lo local.<\/p>\n<p>Utilizar los recursos naturales y materiales locales supone, de entrada, una respuesta de menor impacto energ\u00e9tico. Se reducen emisiones de CO2 durante el proceso constructivo y se minimiza el consumo de energ\u00edas f\u00f3siles durante la vida \u00fatil. En Mallorca, disponemos principalmente de ladrillos de arcilla y piedra de mar\u00e9s. Estos son materiales con una alta inercia t\u00e9rmica y un buen comportamiento higrosc\u00f3pico, respondiendo a las exigencias clim\u00e1ticas.<\/p>\n<p>Toda la obra se construye con un mismo ladrillo de procedencia local, Felanitx. Los muros laterales, por exigencias estructurales, devienen gordos, tres hojas de ladrillo, trabadas entre s\u00ed configuran la estructura vertical. El tama\u00f1o de los ladrillos define las dimensiones de la casa. Las divisorias interiores tambi\u00e9n se construyen con el mismo ladrillo perforado, pero con los huecos en horizontal y las juntas verticales corridas, manifestando, as\u00ed, su condici\u00f3n no portante. La piedra del pavimento es la calcita local de Binissalem.<\/p>\n<p>            <img decoding=\"async\" loading=\"lazy\" src=\"https:\/\/www.europesays.com\/es\/wp-content\/uploads\/2025\/10\/metalocus_TEdA-arquitectes-ca-na-birgit_10_0.jpg\" width=\"1580\" height=\"2311\" alt=\"Ca na Birgit by TEd'A arquitectes. Photograph by Luis D\u00edaz D\u00edaz.\" title=\"Ca na Birgit by TEd'A arquitectes. Photograph by Luis D\u00edaz D\u00edaz.\" class=\"image-style-max-2600x2600\"\/><\/p>\n<p>Ca na Birgit por TEd&#8217;A arquitectes. Fotograf\u00eda por Luis D\u00edaz D\u00edaz.<\/p>\n<p>En el mismo sentido se ha trabajado la vegetaci\u00f3n. Se utilizan decenas de variedades locales que se colocan estrat\u00e9gicamente a fin de protegerse y resistir a la salinidad marina. Construyen sombras que mejoran las condiciones ambientales y de confort de la parcela, transformando Ca na Birgit en un peque\u00f1o oasis que responde a las exigencias clim\u00e1ticas locales.<\/p>\n","protected":false},"excerpt":{"rendered":"Descripci\u00f3n del proyecto por TEd\u2019A arquitectes\u00a0 \u00abQuero ser velho, de novo eterno, quero ser novo de novo\u00bb.\u00a0Gilberto Gil&hellip;\n","protected":false},"author":2,"featured_media":208813,"comment_status":"","ping_status":"","sticky":false,"template":"","format":"standard","meta":{"footnotes":""},"categories":[173],"tags":[229,233,231,230,232,234,146,147,25,24,23],"class_list":{"0":"post-208812","1":"post","2":"type-post","3":"status-publish","4":"format-standard","5":"has-post-thumbnail","7":"category-arte-y-diseno","8":"tag-arte","9":"tag-arte-y-diseno","10":"tag-arts","11":"tag-arts-and-design","12":"tag-design","13":"tag-diseno","14":"tag-entertainment","15":"tag-entretenimiento","16":"tag-es","17":"tag-espana","18":"tag-spain"},"share_on_mastodon":{"url":"https:\/\/pubeurope.com\/@es\/115462786769860869","error":""},"_links":{"self":[{"href":"https:\/\/www.europesays.com\/es\/wp-json\/wp\/v2\/posts\/208812","targetHints":{"allow":["GET"]}}],"collection":[{"href":"https:\/\/www.europesays.com\/es\/wp-json\/wp\/v2\/posts"}],"about":[{"href":"https:\/\/www.europesays.com\/es\/wp-json\/wp\/v2\/types\/post"}],"author":[{"embeddable":true,"href":"https:\/\/www.europesays.com\/es\/wp-json\/wp\/v2\/users\/2"}],"replies":[{"embeddable":true,"href":"https:\/\/www.europesays.com\/es\/wp-json\/wp\/v2\/comments?post=208812"}],"version-history":[{"count":0,"href":"https:\/\/www.europesays.com\/es\/wp-json\/wp\/v2\/posts\/208812\/revisions"}],"wp:featuredmedia":[{"embeddable":true,"href":"https:\/\/www.europesays.com\/es\/wp-json\/wp\/v2\/media\/208813"}],"wp:attachment":[{"href":"https:\/\/www.europesays.com\/es\/wp-json\/wp\/v2\/media?parent=208812"}],"wp:term":[{"taxonomy":"category","embeddable":true,"href":"https:\/\/www.europesays.com\/es\/wp-json\/wp\/v2\/categories?post=208812"},{"taxonomy":"post_tag","embeddable":true,"href":"https:\/\/www.europesays.com\/es\/wp-json\/wp\/v2\/tags?post=208812"}],"curies":[{"name":"wp","href":"https:\/\/api.w.org\/{rel}","templated":true}]}}