{"id":208814,"date":"2025-10-30T11:05:09","date_gmt":"2025-10-30T11:05:09","guid":{"rendered":"https:\/\/www.europesays.com\/es\/208814\/"},"modified":"2025-10-30T11:05:09","modified_gmt":"2025-10-30T11:05:09","slug":"la-revuelta-la-felicitacion-de-broncano-a-el-intermedio-y-el-hormiguero-desde-rtve-tiene-un-merito-increible","status":"publish","type":"post","link":"https:\/\/www.europesays.com\/es\/208814\/","title":{"rendered":"La Revuelta: La felicitaci\u00f3n de Broncano a &#8216;El Intermedio&#8217; y &#8216;El Hormiguero&#8217; desde RTVE: \u00abTiene un m\u00e9rito incre\u00edble\u00bb"},"content":{"rendered":"<p class=\"article-text\">\n        Si algo caracteriza a <strong>La Revuelta<\/strong> desde su estreno en <strong>RTVE <\/strong>es la naturalidad de<strong> David Broncano<\/strong> y el resto del equipo para hablar de <strong>formatos de la competencia<\/strong>. Lo hac\u00eda cuando lideraba en audiencias, cuando pas\u00f3 a perder y ahora tambi\u00e9n con motivo de hitos importantes en los programas rivales.\n    <\/p>\n<p>    <a href=\"https:\/\/www.eldiario.es\/vertele\/noticias\/broncano-motos-frenaron-programas-formas-distintas-acordarse-victimas-dana_1_12726465.html\" data-mrf-recirculation=\"saber-mas\" data-dl-event=\"saber-mas\" rel=\"nofollow noopener\" target=\"_blank\"><\/p>\n<p class=\"know-more__title\">Motos y Broncano frenaron sus programas (de formas distintas) para acordarse de las v\u00edctimas de la DANA<\/p>\n<p>            <img decoding=\"async\" class=\"lazy\" loading=\"lazy\" data-src=\"https:\/\/static.eldiario.es\/clip\/848c6964-815e-4a37-b197-824699a45414_16-9-aspect-ratio_default_0.jpg\" src=\"data:image\/svg+xml,%3Csvg xmlns=\" http:=\"\" viewbox=\"0 0 880 495\" alt=\"Motos y Broncano frenaron sus programas (de formas distintas) para acordarse de las v\u00edctimas de la DANA\"\/><\/p>\n<p>                        <\/a><\/p>\n<p class=\"article-text\">\n        As\u00ed ocurri\u00f3 este mi\u00e9rcoles 29 de octubre, cuando el presentador aprovech\u00f3 la emisi\u00f3n en La 1 para felicitar tanto a <strong>El Hormiguero<\/strong> como a <strong>El Intermedio<\/strong> por distintos motivos. Ambos formatos de <strong>Atresmedia <\/strong>que se emiten en la misma franja que La Revuelta, y de los que se habl\u00f3 de la iron\u00eda a la cordialidad.\n    <\/p>\n<p class=\"article-text\">\n        Al inicio de la entrega, en pleno intercambio con el p\u00fablico presente en la grabaci\u00f3n, uno de los asistentes habl\u00f3 del espacio de Wyoming y coment\u00f3 el <a href=\"https:\/\/www.eldiario.es\/vertele\/noticias\/premios-ondas-2025-reconocen-wyoming-alejandra-herranz-encumbran-rtve-series-movistar_1_12722075.html\" target=\"_blank\" data-mrf-recirculation=\"links-noticia\" class=\"link\" rel=\"nofollow noopener\">reciente Premio Ondas<\/a> con el que han reconocido al presentador de <strong>laSexta<\/strong>. \u201c<strong>Un momento, \u00bfle han dado el Premio Ondas a Wyoming?<\/strong>\u201d, pregunt\u00f3 Broncano, que a\u00f1adi\u00f3, ir\u00f3nico: \u201c<strong>\u00bfY a nosotros?<\/strong>\u201d.\n    <\/p>\n<p>            <img decoding=\"async\" class=\"lazy\" loading=\"lazy\" data-src=\"https:\/\/static.eldiario.es\/clip\/c53426fb-955d-4c3d-9235-61ec394831bd_16-9-discover-aspect-ratio_default_0.jpg\" src=\"data:image\/svg+xml,%3Csvg xmlns=\" http:=\"\" viewbox=\"0 0 1200 675\" alt=\"Felicitan en 'La Revuelta' a 'El Hormiguero' y 'El Intermedio'\"\/><\/p>\n<p class=\"article-text\">\n        \u201cA nosotros ya nos lo dieron. D\u00e9jale, para lo que le queda al hombre, que le den el premio a \u00e9l\u201d, brome\u00f3 Grison, al tiempo que Castella tambi\u00e9n record\u00f3 que La Revuelta <a href=\"https:\/\/www.eldiario.es\/vertele\/noticias\/la-revuelta-la-mesias-ganadores-premios-ondas-2024-televisivos_1_11758205.html\" target=\"_blank\" data-mrf-recirculation=\"links-noticia\" class=\"link\" rel=\"nofollow noopener\">fue reconocida el a\u00f1o pasado<\/a>. \u201c<strong>\u00bfY por qu\u00e9 no nos lo han dado este a\u00f1o otra vez?<\/strong>\u201d, insisti\u00f3 el presentador entre risas, mientras su compa\u00f1ero le recordaba que existen m\u00e1s programas.\n    <\/p>\n<p>    <a href=\"https:\/\/www.eldiario.es\/vertele\/audiencias-tv\/miercoles-29-octubre-2025-arturo-valls-1-antena-3-vuelve-record-sin-gluten-rtve-minimo-claro-liderazgo-hormiguero-revuelta_1_12726926.html\" data-mrf-recirculation=\"saber-mas-abajo\" data-dl-event=\"saber-mas-abajo\" rel=\"nofollow noopener\" target=\"_blank\"><\/p>\n<p class=\"know-more__title\">&#8216;El 1%&#8217; (16%) vuelve con r\u00e9cord y &#8216;Sin gluten&#8217; (9.6%) se va con m\u00ednimo tras otro claro liderazgo de &#8216;El Hormiguero&#8217; (17%)\n<\/p>\n<p>            <img decoding=\"async\" class=\"lazy\" loading=\"lazy\" data-src=\"https:\/\/static.eldiario.es\/clip\/ac7f8e61-4a95-4f71-bc39-769c789ad123_16-9-aspect-ratio_default_0.jpg\" src=\"data:image\/svg+xml,%3Csvg xmlns=\" http:=\"\" viewbox=\"0 0 880 495\" alt=\"'El 1%' (16%) vuelve con r\u00e9cord y 'Sin gluten' (9.6%) se va con m\u00ednimo tras otro claro liderazgo de 'El Hormiguero' (17%)\"\/><\/p>\n<p>                        <\/a><\/p>\n<p class=\"article-text\">\n        En ese momento, Broncano hizo un alto, ya fuera de bromas, para lanzar un mensaje: \u201cPerd\u00f3n, voy a hacer una <strong>doble felicitaci\u00f3n a la competencia<\/strong>: a El Intermedio por el Ondas y a <strong>El Hormiguero<\/strong><strong> que ha hecho 3.000 programas y tiene un m\u00e9rito incre\u00edble<\/strong>. Enhorabuena, de verdad\u201d, dijo, levantando los aplausos y v\u00edtores en el Teatro Pr\u00edncipe Gran V\u00eda.\n    <\/p>\n","protected":false},"excerpt":{"rendered":"Si algo caracteriza a La Revuelta desde su estreno en RTVE es la naturalidad de David Broncano y&hellip;\n","protected":false},"author":2,"featured_media":208815,"comment_status":"","ping_status":"","sticky":false,"template":"","format":"standard","meta":{"footnotes":""},"categories":[171],"tags":[13289,146,147,25,24,23387,17775,7982,36161,39736,518,23,214],"class_list":{"0":"post-208814","1":"post","2":"type-post","3":"status-publish","4":"format-standard","5":"has-post-thumbnail","7":"category-tv","8":"tag-broncano","9":"tag-entertainment","10":"tag-entretenimiento","11":"tag-es","12":"tag-espana","13":"tag-felicitacion","14":"tag-hormiguero","15":"tag-increible","16":"tag-intermedio","17":"tag-merito","18":"tag-rtve","19":"tag-spain","20":"tag-tv"},"share_on_mastodon":{"url":"https:\/\/pubeurope.com\/@es\/115462794453834997","error":""},"_links":{"self":[{"href":"https:\/\/www.europesays.com\/es\/wp-json\/wp\/v2\/posts\/208814","targetHints":{"allow":["GET"]}}],"collection":[{"href":"https:\/\/www.europesays.com\/es\/wp-json\/wp\/v2\/posts"}],"about":[{"href":"https:\/\/www.europesays.com\/es\/wp-json\/wp\/v2\/types\/post"}],"author":[{"embeddable":true,"href":"https:\/\/www.europesays.com\/es\/wp-json\/wp\/v2\/users\/2"}],"replies":[{"embeddable":true,"href":"https:\/\/www.europesays.com\/es\/wp-json\/wp\/v2\/comments?post=208814"}],"version-history":[{"count":0,"href":"https:\/\/www.europesays.com\/es\/wp-json\/wp\/v2\/posts\/208814\/revisions"}],"wp:featuredmedia":[{"embeddable":true,"href":"https:\/\/www.europesays.com\/es\/wp-json\/wp\/v2\/media\/208815"}],"wp:attachment":[{"href":"https:\/\/www.europesays.com\/es\/wp-json\/wp\/v2\/media?parent=208814"}],"wp:term":[{"taxonomy":"category","embeddable":true,"href":"https:\/\/www.europesays.com\/es\/wp-json\/wp\/v2\/categories?post=208814"},{"taxonomy":"post_tag","embeddable":true,"href":"https:\/\/www.europesays.com\/es\/wp-json\/wp\/v2\/tags?post=208814"}],"curies":[{"name":"wp","href":"https:\/\/api.w.org\/{rel}","templated":true}]}}