{"id":208830,"date":"2025-10-30T11:13:08","date_gmt":"2025-10-30T11:13:08","guid":{"rendered":"https:\/\/www.europesays.com\/es\/208830\/"},"modified":"2025-10-30T11:13:08","modified_gmt":"2025-10-30T11:13:08","slug":"los-liberales-progresistas-y-la-ultraderecha-empatan-en-las-elecciones-de-paises-bajos-internacional","status":"publish","type":"post","link":"https:\/\/www.europesays.com\/es\/208830\/","title":{"rendered":"Los liberales progresistas y la ultraderecha empatan en las elecciones de Pa\u00edses Bajos | Internacional"},"content":{"rendered":"<p>El partido liberal progresista (D66) liderado por Rob Jetten y el Partido de la Libertad (PVV) del ultraderechista Geert Wilders han quedado empatados a 26 esca\u00f1os, m\u00e1s que ninguna otra formaci\u00f3n, en las elecciones legislativas anticipadas que se han celebrado este mi\u00e9rcoles en Pa\u00edses Bajos.<\/p>\n<p>Con m\u00e1s de 98 por ciento de los votos escrutados, D66 obtendr\u00eda 26 de los 150 esca\u00f1os del Parlamento neerland\u00e9s, superando los nueve asientos logrados en los anteriores comicios. Por el contrario, el PVV caer\u00eda a la misma cifra, pasando de los 37 logrados con anterioridad hasta los 26 esca\u00f1os, reduciendo significativamente la influencia de la derecha radical que ve\u00eda triunfando en los \u00faltimos a\u00f1os. <\/p>\n<blockquote class=\"twitter-tweet\">\n<p lang=\"nl\" dir=\"ltr\">Netherlands, ANP projection based on 98.4% counted:<\/p>\n<p>Seat projection national parliament<\/p>\n<p>PVV-PfE: 26 (-11)<br \/>D66-RE: 26 (+17)<br \/>VVD-RE: 22 (-2)<br \/>GL\/PvdA-G\/EFA|S&amp;D: 20 (-5)<br \/>CDA-EPP: 18 (+13)<br \/>JA21~ECR: 9 (+8)<br \/>FvD-ESN: 7 (+4)<br \/>BBB-EPP: 4 (-3)<br \/>SP-LEFT: 3 (-2)<br \/>DENK-*: 3<br \/>PvdD-LEFT: 3\u2026 <a href=\"https:\/\/t.co\/rHyjqDexXg\" rel=\"nofollow\">pic.twitter.com\/rHyjqDexXg<\/a><\/p>\n<p>\u2014 Europe Elects (@EuropeElects) <a href=\"https:\/\/twitter.com\/EuropeElects\/status\/1983739122792517639?ref_src=twsrc%5Etfw\" rel=\"nofollow noopener\" target=\"_blank\">October 30, 2025<\/a><\/p><\/blockquote>\n<p>El partido de centroderecha Llamada Dem\u00f3crata Cristiana (CDA) ha alcanzado 18 legisladores, frente a los cinco que ten\u00eda, seg\u00fan la proyecci\u00f3n de la agencia nacional ANP recogida por la cadena p\u00fablica NOS. Por otra parte, los gubernamentales Partido Popular por la Libertad y la Democracia (VVD, liberal) y Movimiento Campesino-Ciudadano (BBB, conservador) han tenido resultados ligeramente peores tras la legislatura en el poder: el VVD ha obtenido 22 esca\u00f1os, dos menos de los que ten\u00eda, mientras que el BBB ha perdido tres y se ha quedado en cuatro.<\/p>\n<p>Tambi\u00e9n ha obtenido peores resultados la alianza del Partido del Trabajo y los Verdes del GroenLinks (GL\/PvdA, socialdem\u00f3crata), pasando de 25 a 20 representantes. Con todo, ninguna de estas formaciones ha sido la peor parada: el derechista Nuevo Contrato Social (NSC) ha perdido todos los esca\u00f1os &#8211;un total de 20&#8211; que hab\u00eda logrado en los anteriores comicios.<\/p>\n<p>A su vez, la formaci\u00f3n Respuesta Correcta 2021 (JA21, derecha), que ten\u00eda un diputado, ha conseguido nueve para la nueva C\u00e1mara de Representantes que completar\u00e1n las formaciones FVD, con siete esca\u00f1os; Partido Socialista, Uni\u00f3n Cristiana, Partido para los Animales, Partido Pol\u00edtico Reformado y DENK, con tres legisladores cada uno, frente a los dos y uno de 50PLUS y Volt, respectivamente.<\/p>\n<p>Wilders, aliviado con el empate mientras el D66 busca socios<\/p>\n<p>Estas \u00faltimas proyecciones han dado el empate al PVV y al D66, que en los primeros sondeos aventajaba a la formaci\u00f3n de ultraderecha en dos esca\u00f1os. En consecuencia, y tras conocer el igualado resultado, el ultraconservador Wilders ha subrayado en un breve mensaje en la red social X el ver al \u00abPVV tambi\u00e9n en primer lugar\u00bb, horas despu\u00e9s de reconocer que su partido esperaba \u00abun resultado diferente\u00bb<\/p>\n<p>Por su parte, el l\u00edder de D66, Rob Jetten, ha celebrado en la misma plataforma que \u00abhan triunfado las fuerzas positivas\u00bb. \u00abQuiero trabajar para todos los holandeses, porque este es el pa\u00eds de todos nosotros\u00bb, ha manifestado unas horas despu\u00e9s de apuntar a VVD y CDA como opciones para una coalici\u00f3n de Gobierno, adem\u00e1s de GL\/PvdA, que ha calificado como \u00abuna opci\u00f3n muy l\u00f3gica\u00bb.<\/p>\n<p>Con todo, el l\u00edder de GL\/PvdA, el exvicepresidente de la Comisi\u00f3n Europea Frans Timmermans, ha anunciado su dimisi\u00f3n despu\u00e9s de que los sondeos apunten a que su alianza quedar\u00e1 en cuarto lugar, como han reflejado las \u00faltimas proyecciones. \u00abEstoy sumamente decepcionado con el resultado, porque luchamos much\u00edsimo por \u00e9l\u00bb, ha lamentado durante un discurso.<\/p>\n<p>\u00abNo logramos &#8211;yo no logr\u00e9&#8211; convencer a suficientes personas para que votaran por nosotros. Asumo toda la responsabilidad. Por eso, quiero ceder el testigo a la pr\u00f3xima generaci\u00f3n. Cierro la puerta, sabiendo que hay un movimiento que seguir\u00e1 luchando por unos Pa\u00edses Bajos fuertes, sociales y solidarios\u00bb, ha expresado.<\/p>\n<p>Frans Timmermans dimite como l\u00edder progresista tras perder las elecciones en Pa\u00edses Bajos<\/p>\n<p>El pol\u00edtico Frans Timmermans anunci\u00f3 este mi\u00e9rcoles su dimisi\u00f3n como l\u00edder del bloque progresista de ecologistas y socialdem\u00f3cratas GroenLinks-PvdA, tras quedar en tercer lugar en las elecciones generales celebradas en Pa\u00edses Bajos y perder cinco esca\u00f1os con respecto a los que ten\u00eda hasta ahora en el Parlamento neerland\u00e9s.<\/p>\n<p>El exvicepresidente de la Comisi\u00f3n Europea, que hab\u00eda dejado su cargo en Bruselas en 2023 para volver a Pa\u00edses Bajos y liderar a los socialdem\u00f3cratas, asumi\u00f3 la responsabilidad del resultado, que calific\u00f3 de \u00abdecepcionante\u00bb, despu\u00e9s de que su alianza no lograra imponerse a la derecha radical de Geert Wilders (PVV) ni al partido liberal progresista D66, que lidera Rob Jetten.<\/p>\n<p>\u00abEstoy profundamente decepcionado, porque hemos luchado con todas nuestras fuerzas por un programa que ayudara a Pa\u00edses Bajos a avanzar de forma social\u00bb, declar\u00f3 Timmermans ante sus seguidores en \u00c1msterdam, antes de anunciar que cede el liderazgo a \u00abuna nueva generaci\u00f3n\u00bb.<\/p>\n<p>El dirigente asegur\u00f3 que abandona su cargo \u00abcon dolor en el coraz\u00f3n\u00bb, pero convencido de que el movimiento que representa \u00abseguir\u00e1 luchando por un Pa\u00edses Bajos fuerte, solidario, sostenible y orientado al futuro\u00bb.<\/p>\n<p>\u00abEst\u00e1 claro que, por la raz\u00f3n que sea, no he logrado persuadir a la gente. As\u00ed que ha llegado el momento de dar un paso atr\u00e1s y ceder el liderazgo de nuestro movimiento a una nueva generaci\u00f3n. Esta noche me despido como vuestro l\u00edder de partido, con dolor en el coraz\u00f3n, pero eso es lo que debe hacer quien ejerce el liderazgo cuando su direcci\u00f3n no produce el resultado esperado\u00bb, se\u00f1al\u00f3.<\/p>\n<p><script async src=\"https:\/\/platform.twitter.com\/widgets.js\" charset=\"utf-8\"><\/script><\/p>\n","protected":false},"excerpt":{"rendered":"El partido liberal progresista (D66) liderado por Rob Jetten y el Partido de la Libertad (PVV) del ultraderechista&hellip;\n","protected":false},"author":2,"featured_media":208831,"comment_status":"","ping_status":"","sticky":false,"template":"","format":"standard","meta":{"footnotes":""},"categories":[42],"tags":[56694,17,18,56695,13,14,11,56696,61,62,63,64,19,20,9,10,15,16,56697,12,21,22,46872,65,66,67],"class_list":{"0":"post-208830","1":"post","2":"type-post","3":"status-publish","4":"format-standard","5":"has-post-thumbnail","7":"category-internacional","8":"tag-ballots","9":"tag-breaking-news","10":"tag-breakingnews","11":"tag-dutch-elections","12":"tag-featured-news","13":"tag-featurednews","14":"tag-headlines","15":"tag-house-of-representatives-election","16":"tag-internacional","17":"tag-international","18":"tag-international-news","19":"tag-internationalnews","20":"tag-latest-news","21":"tag-latestnews","22":"tag-news","23":"tag-noticias","24":"tag-noticias-destacadas","25":"tag-noticiasdestacadas","26":"tag-polling-stations","27":"tag-titulares","28":"tag-ultimas-noticias","29":"tag-ultimasnoticias","30":"tag-voting","31":"tag-world","32":"tag-world-news","33":"tag-worldnews"},"share_on_mastodon":{"url":"https:\/\/pubeurope.com\/@es\/115462826002566133","error":""},"_links":{"self":[{"href":"https:\/\/www.europesays.com\/es\/wp-json\/wp\/v2\/posts\/208830","targetHints":{"allow":["GET"]}}],"collection":[{"href":"https:\/\/www.europesays.com\/es\/wp-json\/wp\/v2\/posts"}],"about":[{"href":"https:\/\/www.europesays.com\/es\/wp-json\/wp\/v2\/types\/post"}],"author":[{"embeddable":true,"href":"https:\/\/www.europesays.com\/es\/wp-json\/wp\/v2\/users\/2"}],"replies":[{"embeddable":true,"href":"https:\/\/www.europesays.com\/es\/wp-json\/wp\/v2\/comments?post=208830"}],"version-history":[{"count":0,"href":"https:\/\/www.europesays.com\/es\/wp-json\/wp\/v2\/posts\/208830\/revisions"}],"wp:featuredmedia":[{"embeddable":true,"href":"https:\/\/www.europesays.com\/es\/wp-json\/wp\/v2\/media\/208831"}],"wp:attachment":[{"href":"https:\/\/www.europesays.com\/es\/wp-json\/wp\/v2\/media?parent=208830"}],"wp:term":[{"taxonomy":"category","embeddable":true,"href":"https:\/\/www.europesays.com\/es\/wp-json\/wp\/v2\/categories?post=208830"},{"taxonomy":"post_tag","embeddable":true,"href":"https:\/\/www.europesays.com\/es\/wp-json\/wp\/v2\/tags?post=208830"}],"curies":[{"name":"wp","href":"https:\/\/api.w.org\/{rel}","templated":true}]}}