{"id":208832,"date":"2025-10-30T11:14:09","date_gmt":"2025-10-30T11:14:09","guid":{"rendered":"https:\/\/www.europesays.com\/es\/208832\/"},"modified":"2025-10-30T11:14:09","modified_gmt":"2025-10-30T11:14:09","slug":"el-salto-edicion-general-19","status":"publish","type":"post","link":"https:\/\/www.europesays.com\/es\/208832\/","title":{"rendered":"&#8211; El Salto &#8211; Edici\u00f3n General"},"content":{"rendered":"<p>Pasaron <a href=\"https:\/\/www.rtve.es\/noticias\/20251028\/jefa-112-enviar-alerta-dana-18-35\/16790120.shtml\" target=\"_blank\" rel=\"nofollow noopener\">96 minutos<\/a> y en ese espacio de tiempo muri\u00f3 gente. Hoy, mientras grabamos esto, se cumple un a\u00f1o del fat\u00eddico d\u00eda de la <a href=\"https:\/\/es.wikipedia.org\/wiki\/Inundaciones_de_la_DANA_de_2024_en_Espa%C3%B1a\" target=\"_blank\" rel=\"nofollow noopener\">dana<\/a>. Aquel 29 de octubre en el que la riada nos arranc\u00f3 m\u00e1s de 220 vidas y arras\u00f3 con m\u00e1s de una quincena de municipios al sur de la ciudad.\u00a0<\/p>\n<p>Como al medio d\u00eda, muchas empresas hab\u00edan mandado a sus trabajadores a casa, universidades p\u00fablicas hab\u00edan <a href=\"https:\/\/www.levante-emv.com\/comunitat-valenciana\/2025\/02\/28\/dana-valenica-uv-suspendio-clases-informacion-publica-mavi-mestre-114791267.html\" target=\"_blank\" rel=\"nofollow noopener\">cerrado<\/a>, el tel\u00e9fono <a href=\"https:\/\/www.rtve.es\/noticias\/20250506\/112-dia-dana-20000-llamadas-catastrofe\/16558130.shtml\" target=\"_blank\" rel=\"nofollow noopener\">112 estaba colapsado<\/a> por las llamadas de auxilio desde diferentes puntos de la provincia y ya se hab\u00edan reportado los primeros desaparecidos. El presidente de la Generalitat, <a href=\"https:\/\/www.elsaltodiario.com\/valencia\/sabemos-no-hicisteis-tarde-dana\" target=\"_blank\" rel=\"nofollow noopener\">Carlos Maz\u00f3n<\/a>, estaba llegando al restaurante Ventorro para darse una buena y larga comilona con una periodista.\u00a0<\/p>\n<p>Una de las \u00faltimas noticias ha sido la declaraci\u00f3n de la <a href=\"https:\/\/efe.com\/espana\/2025-10-28\/dana-alerta-moviles-112\/\" target=\"_blank\" rel=\"nofollow noopener\">jefa del 112<\/a> que ha explicado a la jueza que el Gobierno central, mediante la Delegaci\u00f3n de Gobierno, pidi\u00f3 a las 18:35 que se enviara la alerta a todos los m\u00f3viles de la zona. El equipo de Maz\u00f3n no lo envi\u00f3 hasta las 20:11. Entre una hora y otra, pasaron 96 minutos. \u00bfQu\u00e9 hubiera pasado si el mensaje no hubiera tardado aquellos 96 minutos m\u00e1s? \u00bfCu\u00e1ntas de esas personas que bajaron a sacar su coche del garaje o que no subieron a casa a tiempo se hubieran salvado si esa estridente alarma hubiera sonado en sus bolsillos? \u00bfCu\u00e1ntas v\u00edctimas menos estar\u00edamos llorando hoy?\u00a0<\/p>\n<p>En este nuevo episodio de nuestro podcast semanal, hacemos un repaso a las noticias m\u00e1s destacadas publicadas en nuestra web como los nuevos <a href=\"https:\/\/www.elsaltodiario.com\/palestina\/fdi-asesinan-gaza-100-personas-ellos-35-ninos-respuesta-muerte-un-soldado\" target=\"_blank\" rel=\"nofollow noopener\">ataques de Israel<\/a> sobre Gaza tras saltarse el llamado acuerdo por la paz, la victoria de una presidenta de izquierdas en <a href=\"https:\/\/www.elsaltodiario.com\/irlanda\/izquierdas-catherin-connelly-irlanda-elecciones\" target=\"_blank\" rel=\"nofollow noopener\">Irlanda<\/a>, las huelgas de estudiantes contra el<a href=\"https:\/\/www.elsaltodiario.com\/acoso-escolar\/miles-estudiantes-secundan-una-huelga-acoso-escolar-todo-estado\" target=\"_blank\" rel=\"nofollow noopener\"> acoso escolar<\/a> o un reportaje sobre los colegios, hospitales o centros de mayores construidos en <a href=\"https:\/\/www.elsaltodiario.com\/cambio-climatico\/hospitales-residencias-mayores-colegios-cifras-zonas-inundables-espana\" target=\"_blank\" rel=\"nofollow noopener\">zonas inundables<\/a>.<\/p>\n<p>En el tema a fondo, insistiremos en la dana haciendo un repaso de las \u00faltimas noticias y lo publicado por El Salto sobre la riada con nuestro redactor en el Pa\u00eds Valenci\u00e0 <a href=\"https:\/\/www.elsaltodiario.com\/autor\/tomas-munoz\" target=\"_blank\" rel=\"nofollow noopener\">Tom\u00e1s Mu\u00f1oz<\/a>.<\/p>\n<p>Asalto es el nombre de un nuevo espacio semanal de actualidad,  presentado por Sara Plaza, Yago \u00c1lvarez y Pablo Elorduy, con la  realizaci\u00f3n de Eloy de la Haza y la asistencia t\u00e9cnica de Susana  Albarr\u00e1n.<\/p>\n<p>       Esc\u00fachalo tambi\u00e9n en Ivoox y\u00a0<a href=\"https:\/\/open.spotify.com\/show\/1fCv3YVi0UwEWORczlUb98?si=ff2759fdc7e84f5e\" target=\"_blank\" rel=\"nofollow noopener\">Spotify<\/a> <\/p>\n","protected":false},"excerpt":{"rendered":"Pasaron 96 minutos y en ese espacio de tiempo muri\u00f3 gente. Hoy, mientras grabamos esto, se cumple un&hellip;\n","protected":false},"author":2,"featured_media":208833,"comment_status":"","ping_status":"","sticky":false,"template":"","format":"standard","meta":{"footnotes":""},"categories":[8],"tags":[517,54424,17,18,1681,56698,25,24,13,14,11,19,20,9,10,15,16,56699,23,12,21,22,235],"class_list":{"0":"post-208832","1":"post","2":"type-post","3":"status-publish","4":"format-standard","5":"has-post-thumbnail","7":"category-espana","8":"tag-actualidad","9":"tag-asalto-podcast","10":"tag-breaking-news","11":"tag-breakingnews","12":"tag-dana","13":"tag-el-salto-radio","14":"tag-es","15":"tag-espana","16":"tag-featured-news","17":"tag-featurednews","18":"tag-headlines","19":"tag-latest-news","20":"tag-latestnews","21":"tag-news","22":"tag-noticias","23":"tag-noticias-destacadas","24":"tag-noticiasdestacadas","25":"tag-pais-valenciano","26":"tag-spain","27":"tag-titulares","28":"tag-ultimas-noticias","29":"tag-ultimasnoticias","30":"tag-valencia"},"share_on_mastodon":{"url":"https:\/\/pubeurope.com\/@es\/115462829945453466","error":""},"_links":{"self":[{"href":"https:\/\/www.europesays.com\/es\/wp-json\/wp\/v2\/posts\/208832","targetHints":{"allow":["GET"]}}],"collection":[{"href":"https:\/\/www.europesays.com\/es\/wp-json\/wp\/v2\/posts"}],"about":[{"href":"https:\/\/www.europesays.com\/es\/wp-json\/wp\/v2\/types\/post"}],"author":[{"embeddable":true,"href":"https:\/\/www.europesays.com\/es\/wp-json\/wp\/v2\/users\/2"}],"replies":[{"embeddable":true,"href":"https:\/\/www.europesays.com\/es\/wp-json\/wp\/v2\/comments?post=208832"}],"version-history":[{"count":0,"href":"https:\/\/www.europesays.com\/es\/wp-json\/wp\/v2\/posts\/208832\/revisions"}],"wp:featuredmedia":[{"embeddable":true,"href":"https:\/\/www.europesays.com\/es\/wp-json\/wp\/v2\/media\/208833"}],"wp:attachment":[{"href":"https:\/\/www.europesays.com\/es\/wp-json\/wp\/v2\/media?parent=208832"}],"wp:term":[{"taxonomy":"category","embeddable":true,"href":"https:\/\/www.europesays.com\/es\/wp-json\/wp\/v2\/categories?post=208832"},{"taxonomy":"post_tag","embeddable":true,"href":"https:\/\/www.europesays.com\/es\/wp-json\/wp\/v2\/tags?post=208832"}],"curies":[{"name":"wp","href":"https:\/\/api.w.org\/{rel}","templated":true}]}}