{"id":208836,"date":"2025-10-30T11:21:08","date_gmt":"2025-10-30T11:21:08","guid":{"rendered":"https:\/\/www.europesays.com\/es\/208836\/"},"modified":"2025-10-30T11:21:08","modified_gmt":"2025-10-30T11:21:08","slug":"los-dos-no-pueden-coincidir","status":"publish","type":"post","link":"https:\/\/www.europesays.com\/es\/208836\/","title":{"rendered":"\u201cLos dos no pueden coincidir\u201d"},"content":{"rendered":"<p data-mrf-recirculation=\"Links P\u00e1rrafos\" class=\"ue-c-article__paragraph paragraph ue-c-article--first-letter-highlighted\">El director deportivo de Lidl-Trek, Kim Andersen, reconoce que el equipo se enfrenta a un reto importante de cara a la temporada 2026. Con <strong>Mads Pedersen y Jonathan Milan<\/strong> como dos de los mejores velocistas del pelot\u00f3n y aspirantes habituales a los maillots por puntos y victorias de etapa, la formaci\u00f3n tendr\u00e1 que decidir c\u00f3mo gestionar dos l\u00edderes con ambiciones muy similares.<\/p>\n<p data-mrf-recirculation=\"Links P\u00e1rrafos\" class=\"ue-c-article__paragraph paragraph\">En declaraciones a Feltet, Andersen fue claro: \u201cNo es ning\u00fan secreto que el maillot verde del Tour tambi\u00e9n es un objetivo para Mads. Tiene m\u00e1s experiencia que Milan, pero si \u00e9l tambi\u00e9n apunta a la clasificaci\u00f3n por puntos, no pueden coincidir en la misma carrera\u201d. Y a\u00f1adi\u00f3:<strong> \u201cEn las etapas llanas, ser\u00eda el lanzador perfecto para Johnny, pero eso le impedir\u00eda pelear por los puntos como acostumbra, incluso en jornadas que no se adaptan del todo a sus caracter\u00edsticas. En este momento, simplemente no funciona\u201d.<\/strong><\/p>\n<p data-mrf-recirculation=\"Links P\u00e1rrafos\" class=\"ue-c-article__paragraph paragraph\">Las metas de ambos corredores no solo se cruzan en el Tour. Milan ha se\u00f1alado varios objetivos id\u00e9nticos a los de su compa\u00f1ero para la pr\u00f3xima campa\u00f1a, una muestra de la ambici\u00f3n y capacidad de ambos para rendir a lo largo de todo el calendario.<\/p>\n<p data-mrf-recirculation=\"Links P\u00e1rrafos\" class=\"ue-c-article__paragraph paragraph\">Esa confianza viene de un curso excepcional. En 2025, Pedersen y Milan protagonizaron una temporada hist\u00f3rica, ayudando a Lidl-Trek a convertirse en el primer equipo que logra los tres maillots por puntos en un mismo a\u00f1o. El dan\u00e9s gan\u00f3 cuatro etapas y la clasificaci\u00f3n por puntos en el Giro de Italia, adem\u00e1s de repetir \u00e9xito en la Vuelta a Espa\u00f1a, mientras que el italiano se estren\u00f3 en el Tour con dos victorias parciales y el maillot verde en su debut.<\/p>\n<p>Una mirada al futuro<\/p>\n<p data-mrf-recirculation=\"Links P\u00e1rrafos\" class=\"ue-c-article__paragraph paragraph\">Por ahora, Andersen no desvela qu\u00e9 Grandes Vueltas disputar\u00e1 cada uno en 2026:<strong> \u201cA\u00fan tenemos que decidirlo dentro del cuerpo t\u00e9cnico\u201d,<\/strong> admiti\u00f3. \u201cMads, por supuesto, quiere regresar al Tour\u201d.<\/p>\n<p data-mrf-recirculation=\"Links P\u00e1rrafos\" class=\"ue-c-article__paragraph paragraph\">El recorrido presentado la semana pasada parece ideal para \u00e9l: \u201cEs fant\u00e1stico. Podr\u00eda tener un inicio brillante si participa. Hemos demostrado varias veces que somos fuertes en la contrarreloj por equipos. Luego llega una segunda etapa exigente que le puede ir muy bien, adem\u00e1s de cuatro jornadas para velocistas puros y un par con final abierto entre escapada o sprint. <strong>Pero no creo que la \u00faltima acabe al sprint; ya vimos este a\u00f1o que la llegada en Montmartre es demasiado ca\u00f3tica<\/strong>\u201d, explic\u00f3 Andersen.<\/p>\n<p data-mrf-recirculation=\"Links P\u00e1rrafos\" class=\"ue-c-article__paragraph paragraph\">Pedersen tambi\u00e9n ha manifestado su deseo de volver a la ronda francesa. Si finalmente lo hace, Lidl-Trek volver\u00e1 a encontrarse con un dilema de lujo: gestionar a dos corredores que no solo quieren ganar, sino que est\u00e1n acostumbrados a hacerlo.Lidl-Trek y el dilema del Tour: \u201cPedersen y Milan no pueden coincidir\u201d<\/p>\n","protected":false},"excerpt":{"rendered":"El director deportivo de Lidl-Trek, Kim Andersen, reconoce que el equipo se enfrenta a un reto importante de&hellip;\n","protected":false},"author":2,"featured_media":208837,"comment_status":"","ping_status":"","sticky":false,"template":"","format":"standard","meta":{"footnotes":""},"categories":[273],"tags":[313,312,168,25,24,23,167],"class_list":{"0":"post-208836","1":"post","2":"type-post","3":"status-publish","4":"format-standard","5":"has-post-thumbnail","7":"category-ciclismo","8":"tag-ciclismo","9":"tag-cycling","10":"tag-deportes","11":"tag-es","12":"tag-espana","13":"tag-spain","14":"tag-sports"},"share_on_mastodon":{"url":"https:\/\/pubeurope.com\/@es\/115462857203881216","error":""},"_links":{"self":[{"href":"https:\/\/www.europesays.com\/es\/wp-json\/wp\/v2\/posts\/208836","targetHints":{"allow":["GET"]}}],"collection":[{"href":"https:\/\/www.europesays.com\/es\/wp-json\/wp\/v2\/posts"}],"about":[{"href":"https:\/\/www.europesays.com\/es\/wp-json\/wp\/v2\/types\/post"}],"author":[{"embeddable":true,"href":"https:\/\/www.europesays.com\/es\/wp-json\/wp\/v2\/users\/2"}],"replies":[{"embeddable":true,"href":"https:\/\/www.europesays.com\/es\/wp-json\/wp\/v2\/comments?post=208836"}],"version-history":[{"count":0,"href":"https:\/\/www.europesays.com\/es\/wp-json\/wp\/v2\/posts\/208836\/revisions"}],"wp:featuredmedia":[{"embeddable":true,"href":"https:\/\/www.europesays.com\/es\/wp-json\/wp\/v2\/media\/208837"}],"wp:attachment":[{"href":"https:\/\/www.europesays.com\/es\/wp-json\/wp\/v2\/media?parent=208836"}],"wp:term":[{"taxonomy":"category","embeddable":true,"href":"https:\/\/www.europesays.com\/es\/wp-json\/wp\/v2\/categories?post=208836"},{"taxonomy":"post_tag","embeddable":true,"href":"https:\/\/www.europesays.com\/es\/wp-json\/wp\/v2\/tags?post=208836"}],"curies":[{"name":"wp","href":"https:\/\/api.w.org\/{rel}","templated":true}]}}