{"id":208841,"date":"2025-10-30T11:25:15","date_gmt":"2025-10-30T11:25:15","guid":{"rendered":"https:\/\/www.europesays.com\/es\/208841\/"},"modified":"2025-10-30T11:25:15","modified_gmt":"2025-10-30T11:25:15","slug":"brigitte-bardot-el-mito-de-91-anos-que-ha-elegido-el-silencio-como-su-ultimo-y-mas-triste-refugio","status":"publish","type":"post","link":"https:\/\/www.europesays.com\/es\/208841\/","title":{"rendered":"Brigitte Bardot, el mito de 91 a\u00f1os que ha elegido el silencio como su \u00faltimo y m\u00e1s triste refugio"},"content":{"rendered":"<p id=\"eIbCUONPAZ\" data-wc=\"104\">La noticia de la reciente hospitalizaci\u00f3n de <strong>Brigitte Bardot<\/strong> en la Costa Azul, aunque ella misma la haya zanjado con un tajante \u00abestoy bien y no tengo intenci\u00f3n de irme\u00bb, es un recordatorio de que la <strong>juventud eterna<\/strong> solo existe en el celuloide. Bardot, la mujer que defini\u00f3 el <strong>mito er\u00f3tico de la Francia yey\u00e9<\/strong>, hoy vive una vejez de reclusi\u00f3n y pol\u00e9mica, un final que contrasta brutalmente con la <strong>libertad sexual<\/strong> que ella misma se encarg\u00f3 de inaugurar. Su figura siempre fue la ant\u00edtesis de su m\u00e1s que coet\u00e1nea <strong>Sophia Loren, nacida el mismo d\u00eda del mismo a\u00f1o 28 de septiembre de 1934.\u00a0<\/strong><\/p>\n<p id=\"ezddAaI4Jvn\" data-wc=\"77\">Si la italiana era la explosi\u00f3n mediterr\u00e1nea y la mujer cl\u00e1sica, BB era la <strong>belleza solar, rubia y p\u00edcara<\/strong>, la que significaba un cambio de belleza, de feminidad, de vestir, de ser, de juventud y de rebeld\u00eda frente al sistema de pensamiento a\u00fan decimon\u00f3nico que parec\u00eda no querer diluirse a mitad del siglo pasado. <a class=\"hm-link ho-link\" href=\"https:\/\/www.hola.com\/actualidad\/20251023863410\/brigitte-bardot-rumores-muerte-estoy-bien\/\" data-mrf-recirculation=\"article-body-link\" rel=\"nofollow noopener\" target=\"_blank\">Ella signific\u00f3 una revoluci\u00f3n y se hizo tan famosa que no necesitaba ni nombre ni apellido<\/a>; bastaba con unas iniciales para identificarla: <strong>BB<\/strong>.<\/p>\n<p> <img src=\"https:\/\/www.europesays.com\/es\/wp-content\/uploads\/2025\/10\/72cbf6675247-gettyimages-3207400.jpg\"   width=\"1080\" height=\"1800\" loading=\"lazy\" decoding=\"async\" alt=\"Media Image\" fetchpriority=\"auto\" class=\"image ho-image\"\/>\u00a9 Getty Images<\/p>\n<p id=\"ersJdCAUVlT\" data-wc=\"198\">Cuando estall\u00f3 la bomba, el mundo no estaba preparado. Y la bomba se titulaba: <strong>Y Dios\u2026 cre\u00f3 a la mujer<\/strong> (1956). El filme que la lanzaba a la fama provocaba un estruendo mayor que el de las islas Bikini, precisamente el archipi\u00e9lago at\u00f3mico que dio nombre a las dos piezas que se convirtieron en la se\u00f1a de identidad de esta francesita: el <strong>bikini<\/strong>, que populariz\u00f3 globalmente. Las cr\u00edticas fueron atroces: \u00abM\u00e1s vale ir a un strip-tease de Pigalle\u00bb, o \u00abPor suerte para la reputaci\u00f3n del charme franc\u00e9s, esta pel\u00edcula no tiene ninguna posibilidad de proyectarse fuera de nuestro pa\u00eds\u201d. La pel\u00edcula, dirigida por el que era su marido, <strong>Roger Vadim<\/strong> (se casaron en 1952, cuando ella ten\u00eda 18), desmoron\u00f3 la moralina. En Estados Unidos, las manifestaciones se sucedieron con una virulencia atroz, con arrestos de empresarios de salas y distribuidores que se rebelaban contra el C\u00f3digo Hays porque quer\u00edan proyectar aquel <strong>terremoto sensual<\/strong> y aquella independencia. El New York Times escribi\u00f3: \u201cInmoral de la cabeza a los pies\u201d, y de Cleveland a Memphis se luchaba por frenar aquella espontaneidad. En Espa\u00f1a, fue un desprop\u00f3sito: la pel\u00edcula no se estren\u00f3 hasta 1971, 15 a\u00f1os despu\u00e9s de su boom mundial.<\/p>\n<p> <img src=\"https:\/\/www.europesays.com\/es\/wp-content\/uploads\/2025\/10\/034f552a4845-gettyimages-2667271.jpg\"   width=\"1080\" height=\"1800\" loading=\"lazy\" decoding=\"async\" alt=\"Media Image\" fetchpriority=\"auto\" class=\"image ho-image\"\/>\u00a9 Getty Images<\/p>\n<p id=\"eF2JCRUIc1W\" data-wc=\"103\">Era normal en cierta medida. Cuando Bardot dej\u00f3 que su vientre liso y sus caderas se movieran al ritmo de la m\u00fasica, al tiempo que su pelo rubio m\u00e1s despeinado que nunca se le quedaba prendado al carm\u00edn de aquellos labios prominentes, el planeta se volvi\u00f3 literalmente loco. <strong>Ni lacas, ni cors\u00e9s, ni vestidos entallados, ni altos tacones<\/strong>: Brigitte Bardot con sus <a class=\"hm-link ho-link\" href=\"https:\/\/www.hola.com\/fashion\/20250810849155\/iconos-moda-looks-verano-jackie-kennedy-brigitte-bardot\/\" data-mrf-recirculation=\"article-body-link\" rel=\"nofollow noopener\" target=\"_blank\">bailarinas, su pelo suelto mal cortado, sus pantalones Capri, sus camisetas Navy\u00a0<\/a>se adelantaba cinco a\u00f1os a la Lolita de Nabokov. A sus 22 a\u00f1os, era un mito sexual y eso significaba un cambio de ciclo: las adolescentes tendr\u00edan el poder.<\/p>\n<p> <img src=\"https:\/\/www.europesays.com\/es\/wp-content\/uploads\/2025\/10\/9e724f5e501d-gettyimages-527186664.jpg\"   width=\"1080\" height=\"1800\" loading=\"lazy\" decoding=\"async\" alt=\"Media Image\" fetchpriority=\"auto\" class=\"image ho-image\"\/>\u00a9 Getty Images<\/p>\n<p id=\"eAg-V5R94tX\" data-wc=\"97\">La intelectualidad de la \u00e9poca, lejos de censurarla, la celebr\u00f3. <strong>Simone de Beauvoir<\/strong>, la mujer de Camus, respondi\u00f3 a los censores burgueses defini\u00e9ndola como \u201cla <strong>locomotora de la historia de las mujeres<\/strong>\u201d. \u00bfPor qu\u00e9 tanta devoci\u00f3n? Porque, como el personaje de su marido en El extranjero, BB viv\u00eda el mundo a trav\u00e9s de sus sentidos. Para Beauvoir, <strong>\u00abSu forma de entender la libertad es existencial\u00bb<\/strong>. Bardot siempre despreci\u00f3 el maquillaje, las joyas o las alfombras rojas. Despreciaba el \u00e9xito y los llamados peajes del \u00e9xito. Y tanto amaba su libertad que nunca se at\u00f3 a un hombre.<\/p>\n<p> <img src=\"https:\/\/www.europesays.com\/es\/wp-content\/uploads\/2025\/10\/42768ea5bd40-gettyimages-3400828.jpg\"   width=\"1080\" height=\"1800\" loading=\"lazy\" decoding=\"async\" alt=\"Media Image\" fetchpriority=\"auto\" class=\"image ho-image\"\/>\u00a9 Getty Images<\/p>\n<p id=\"eRF2KJk-qmH\" data-wc=\"230\">Ella se convirti\u00f3 en el arquetipo de la <strong>mujer que decide sobre su sexo<\/strong>. Pero su relaci\u00f3n con los hombres era <strong>caprichosa y autoritaria<\/strong>. <a class=\"hm-link ho-link\" href=\"https:\/\/www.hola.com\/actualidad\/20251017862194\/brigitte-bardot-hospitalizada-en-francia-a-sus-91-anos\/\" data-mrf-recirculation=\"article-body-link\" rel=\"nofollow noopener\" target=\"_blank\">Ella amenaz\u00f3 a sus padres con meter la cabeza en un horno si le imped\u00edan estar con Vadim<\/a>. Su matrimonio con Charrier termin\u00f3 poco despu\u00e9s de que, en el set de <strong>Y Dios&#8230; cre\u00f3 a la mujer<\/strong>, iniciara un t\u00f3rrido romance con su coprotagonista, <strong>Jean-Louis Trintignant<\/strong>. La situaci\u00f3n era insostenible, y el director, Vadim, simplemente lo permiti\u00f3, m\u00e1s interesado en terminar el\u00a0filme que en definir lo que eran o si su amor val\u00eda m\u00e1s que un aplauso. Ella amaba y amaba. Y dicen que tuvo hasta <strong>cien amantes<\/strong>, y a todos los dese\u00f3 con una intensidad incomparable. Disfrut\u00f3 de su <strong>libertad sexual<\/strong> como pocas en su \u00e9poca, pasando por sus s\u00e1banas <strong>Jacques Charrier<\/strong> (con el que tuvo a su \u00fanico hijo, <strong>Nicolas Jacques<\/strong>, un ni\u00f1o del que apenas se ocup\u00f3), <strong>Sacha Distel<\/strong>, <strong>Warren Beatty<\/strong> y <strong>Serge Gainsbourg<\/strong>, quien compuso para ella la m\u00edtica Je t&#8217;aime moi non plus\u00a0(aunque luego la cantara con su segundo amor). Su matrimonio con el millonario playboy <strong>G\u00fcnther Sachs<\/strong> (1966-1969) es otra leyenda, con Sachs regal\u00e1ndole <strong>un diamante valorado en m\u00e1s de un mill\u00f3n de euros por su amor<\/strong>, y separ\u00e1ndose despu\u00e9s de que \u00e9l mismo declarara que \u201cUn a\u00f1o con Brigitte Bardot equivale a diez con cualquier otra mujer\u201d.<\/p>\n<p> <img src=\"https:\/\/www.europesays.com\/es\/wp-content\/uploads\/2025\/10\/813e0ff3b9b4-gettyimages-1041713574.jpg\"   width=\"1080\" height=\"1080\" loading=\"lazy\" decoding=\"async\" alt=\"Media Image\" fetchpriority=\"auto\" class=\"image ho-image\"\/>\u00a9 Getty Images<\/p>\n<p> <img src=\"https:\/\/www.europesays.com\/es\/wp-content\/uploads\/2025\/10\/9c4f6ea4ce03-gettyimages-79744953.jpg\"   width=\"1080\" height=\"1800\" loading=\"lazy\" decoding=\"async\" alt=\"Media Image\" fetchpriority=\"auto\" class=\"image ho-image\"\/>\u00a9 Getty Images<\/p>\n<p id=\"e-WubIVoqwh\" data-wc=\"298\">A pesar de su \u00e9xito, la carrera de Bardot fue breve. En <strong>1973, a los 38 a\u00f1os<\/strong>, anunci\u00f3 su retirada del cine, harta de la vida superficial como si el mito fuera demasiado grande para una mujer de 1,66 metros. Desde que se retir\u00f3<strong>, con 38 a\u00f1os<\/strong>, el mito sexual europeo ha vivido pr\u00e1cticamente recluida en su mansi\u00f3n de <strong>La Madrague, en Saint-Tropez<\/strong>. Su vida dio un giro de 180 grados: se dedic\u00f3 a luchar en defensa de los animales, una causa que abraz\u00f3 para dar un sentido a su existencia, llegando a declarar su <strong>odio a una gran parte de la especie humana<\/strong>, sinti\u00e9ndose \u00abmucho m\u00e1s cercana a la naturaleza y a los animales que al hombre\u00bb. Ella es, como la llaman en el pa\u00eds vecino, <strong>La Stalin de los pajaritos porque\u00a0<\/strong>ah\u00ed comienza la gran <strong>paradoja de Bardot<\/strong>. La mujer que fue el s\u00edmbolo de la <strong>liberaci\u00f3n sin l\u00edmites<\/strong> es hoy una figura pol\u00e9mica por su <strong>deriva ultraconservadora y sus posturas pol\u00edticas<\/strong>. Odiar al hombre al final ha derivado a odiar a unos tipos de hombres, definidos por un complexi\u00f3n f\u00edsica, un color u una orientaci\u00f3n sexual diferente a la norma. Ella, que odiaba tanto las normas, que invent\u00f3 una nueva mujer, termin\u00f3 condenando lo que ella misma ayud\u00f3 a crear. <strong>\u201c<\/strong><a class=\"hm-link ho-link\" href=\"https:\/\/www.hola.com\/hemeroteca\/20240526360537\/brigitte-bardot-portadas-emblematicas\/\" data-mrf-recirculation=\"article-body-link\" rel=\"nofollow noopener\" target=\"_blank\">Miro mis viejas fotos y pienso que esa chica tan mona no soy yo<\/a>. Mi vida hoy es otra\u201d. Y s\u00ed, desgraciadamente, sin estar en su piel muchos otros tambi\u00e9n lo pensamos. Quiz\u00e1s su legado es la prueba de que el verdadero inconformismo puede llevar tanto a la <strong>liberaci\u00f3n est\u00e9tica<\/strong> como al <strong>exilio ideol\u00f3gico<\/strong>. O que, como ella misma dijo pudo haber sido \u201c<strong>muy feliz, muy rica, muy guapa, muy adulada, muy famosa y muy infeliz<\/strong>\u201d. Y la infelicidad produce monstruos m\u00e1s que la locura.<\/p>\n<p> <img src=\"https:\/\/www.europesays.com\/es\/wp-content\/uploads\/2025\/10\/3e239af33638-gettyimages-1041713584.jpg\"   width=\"1080\" height=\"1080\" loading=\"lazy\" decoding=\"async\" alt=\"Media Image\" fetchpriority=\"auto\" class=\"image ho-image\"\/>\u00a9 Getty Images<\/p>\n<p id=\"ekqSskL7KYl\" data-wc=\"44\">El cuerpo desnudo de Brigitte Bardot inspir\u00f3 al escultor Alain Gourdon para el busto de <strong>Marianne<\/strong>, el s\u00edmbolo nacional franc\u00e9s. Hoy, BB es la prueba de que, incluso la belleza m\u00e1s audaz, puede terminar eligiendo el <strong>silencio\u00a0<\/strong>como su \u00faltimo y m\u00e1s triste refugio.<\/p>\n","protected":false},"excerpt":{"rendered":"La noticia de la reciente hospitalizaci\u00f3n de Brigitte Bardot en la Costa Azul, aunque ella misma la haya&hellip;\n","protected":false},"author":2,"featured_media":208842,"comment_status":"","ping_status":"","sticky":false,"template":"","format":"standard","meta":{"footnotes":""},"categories":[174],"tags":[517,255,146,147,25,24,256,23],"class_list":{"0":"post-208841","1":"post","2":"type-post","3":"status-publish","4":"format-standard","5":"has-post-thumbnail","7":"category-famosos","8":"tag-actualidad","9":"tag-celebrities","10":"tag-entertainment","11":"tag-entretenimiento","12":"tag-es","13":"tag-espana","14":"tag-famosos","15":"tag-spain"},"share_on_mastodon":{"url":"https:\/\/pubeurope.com\/@es\/115462873606611483","error":""},"_links":{"self":[{"href":"https:\/\/www.europesays.com\/es\/wp-json\/wp\/v2\/posts\/208841","targetHints":{"allow":["GET"]}}],"collection":[{"href":"https:\/\/www.europesays.com\/es\/wp-json\/wp\/v2\/posts"}],"about":[{"href":"https:\/\/www.europesays.com\/es\/wp-json\/wp\/v2\/types\/post"}],"author":[{"embeddable":true,"href":"https:\/\/www.europesays.com\/es\/wp-json\/wp\/v2\/users\/2"}],"replies":[{"embeddable":true,"href":"https:\/\/www.europesays.com\/es\/wp-json\/wp\/v2\/comments?post=208841"}],"version-history":[{"count":0,"href":"https:\/\/www.europesays.com\/es\/wp-json\/wp\/v2\/posts\/208841\/revisions"}],"wp:featuredmedia":[{"embeddable":true,"href":"https:\/\/www.europesays.com\/es\/wp-json\/wp\/v2\/media\/208842"}],"wp:attachment":[{"href":"https:\/\/www.europesays.com\/es\/wp-json\/wp\/v2\/media?parent=208841"}],"wp:term":[{"taxonomy":"category","embeddable":true,"href":"https:\/\/www.europesays.com\/es\/wp-json\/wp\/v2\/categories?post=208841"},{"taxonomy":"post_tag","embeddable":true,"href":"https:\/\/www.europesays.com\/es\/wp-json\/wp\/v2\/tags?post=208841"}],"curies":[{"name":"wp","href":"https:\/\/api.w.org\/{rel}","templated":true}]}}